{"id":15203,"date":"2018-09-06T15:07:48","date_gmt":"2018-09-06T18:07:48","guid":{"rendered":"http:\/\/obispadodezaratecampana.org\/?p=15203"},"modified":"2018-09-06T15:07:48","modified_gmt":"2018-09-06T18:07:48","slug":"se-prepara-la-peregrinacion-a-lujan-2018","status":"publish","type":"post","link":"https:\/\/obispadodezaratecampana.org\/?p=15203","title":{"rendered":"Se prepara la Peregrinaci\u00f3n a Luj\u00e1n 2018"},"content":{"rendered":"<h4 style=\"text-align: center;\"><span style=\"color: rgb(0, 0, 128);\">ZARATE: MISA DE ENV\u00cdO 4 SEPTIEMBRE<\/span><\/h4>\n<h4 style=\"text-align: center;\"><span style=\"color: rgb(0, 0, 128);\">PEREGRINACI\u00d3N DIOCESANA A PIE A LUJAN<\/span><\/h4>\n<h4 style=\"text-align: center;\"><span style=\"color: rgb(0, 0, 128);\">S\u00c1BADO 3 NOVIEMBRE 2018<\/span><\/h4>\n<h4 style=\"text-align: center;\"><span style=\"color: rgb(0, 0, 128);\">&#8220;POR MAR\u00cdA HE VENIDO PARA QUE TENGAN VIDA&#8221;<\/span><\/h4>\n<p style=\"text-align: center;\"><a href=\"http:\/\/obispadodezaratecampana.org\/wp-content\/uploads\/2018\/09\/41070192_687076228316382_8639088083226066944_o1.jpg\"><img fetchpriority=\"high\" decoding=\"async\" class=\"alignnone size-medium wp-image-15204\" src=\"http:\/\/obispadodezaratecampana.org\/wp-content\/uploads\/2018\/09\/41070192_687076228316382_8639088083226066944_o1-300x198.jpg\" alt=\"41070192_687076228316382_8639088083226066944_o\" width=\"300\" height=\"198\" srcset=\"https:\/\/obispadodezaratecampana.org\/wp-content\/uploads\/2018\/09\/41070192_687076228316382_8639088083226066944_o1-300x198.jpg 300w, https:\/\/obispadodezaratecampana.org\/wp-content\/uploads\/2018\/09\/41070192_687076228316382_8639088083226066944_o1-1024x677.jpg 1024w, https:\/\/obispadodezaratecampana.org\/wp-content\/uploads\/2018\/09\/41070192_687076228316382_8639088083226066944_o1.jpg 1736w\" sizes=\"(max-width: 300px) 100vw, 300px\" \/><\/a><\/p>\n<p style=\"text-align: center;\">\n<h4 style=\"text-align: justify;\"><span style=\"color: rgb(51, 51, 153);\">El martes 4 de septiembre a las 19 hs en la Pquia. Ntra Sra del Carmen (Belgrano y Justa Lima) se realiz\u00f3 la misa de env\u00edo de las im\u00e1genes peregrinas de la Virgen y servidores que durante varios meses trabajan anticipadamente para preparar la peregrinaci\u00f3n con cari\u00f1o y dedicaci\u00f3n. <\/span><br \/>\n<span style=\"color: rgb(51, 51, 153);\">Fue presidida por el Obispo Pedro Laxague y concelebrada por el Padre Alberto Evangelista, estando adem\u00e1s presente el Di\u00e1cono Sergio Pandiani.<\/span><\/h4>\n<h5><em><span style=\"color: #333399;\">Perfil de facebook oficial de la Peregrinaci\u00f3n a Luj\u00e1n (para seguir todas las novedades):\u00a0<a title=\"peregrinacion a lujan \" href=\"https:\/\/www.facebook.com\/Peregrinaci%C3%B3n-a-Luj%C3%A1n-Di%C3%B3cesis-de-Z%C3%A1rate-Campana-289429808081028\/?tn-str=k*F\" target=\"_blank\"><span style=\"color: #333399;\">https:\/\/www.facebook.com\/Peregrinaci%C3%B3n-a-Luj%C3%A1n-Di%C3%B3cesis-de-Z%C3%A1rate-Campana-289429808081028\/?tn-str=k*F<\/span><\/a><\/span><\/em><\/h5>\n<h5><span style=\"color: #333399;\"><em>Video con proclamaci\u00f3n de la Palabra y homil\u00eda del Obispo:\u00a0\u00a0<a title=\"Palabras del Obispo, misa de env\u00edo\" href=\"https:\/\/youtu.be\/VBDds5NxxNU\" target=\"_blank\"><span style=\"color: #333399;\">https:\/\/youtu.be\/VBDds5NxxNU<\/span><\/a><\/em><\/span><\/h5>\n<h5><span style=\"color: #333399;\"><em>Video con procesi\u00f3n entrada de las im\u00e1genes de la Virgen:\u00a0<a title=\"procesi\u00f3n entrada im\u00e1genes de la Virgen \" href=\"https:\/\/youtu.be\/g6OulXFDKB8\" target=\"_blank\"><span style=\"color: #333399;\">https:\/\/youtu.be\/g6OulXFDKB8<\/span><\/a><\/em><\/span><\/h5>\n<p style=\"text-align: center;\"><img decoding=\"async\" class=\"alignnone size-medium wp-image-15207\" src=\"http:\/\/obispadodezaratecampana.org\/wp-content\/uploads\/2018\/09\/41022955_687909331566405_8492294437580308480_n-300x225.jpg\" alt=\"41022955_687909331566405_8492294437580308480_n\" width=\"300\" height=\"225\" srcset=\"https:\/\/obispadodezaratecampana.org\/wp-content\/uploads\/2018\/09\/41022955_687909331566405_8492294437580308480_n-300x225.jpg 300w, https:\/\/obispadodezaratecampana.org\/wp-content\/uploads\/2018\/09\/41022955_687909331566405_8492294437580308480_n.jpg 960w\" sizes=\"(max-width: 300px) 100vw, 300px\" \/><\/p>\n<p style=\"text-align: center;\"><img decoding=\"async\" class=\"alignnone size-medium wp-image-15210\" src=\"http:\/\/obispadodezaratecampana.org\/wp-content\/uploads\/2018\/09\/40952070_687909611566377_2709508701688954880_n-300x225.jpg\" alt=\"40952070_687909611566377_2709508701688954880_n\" width=\"300\" height=\"225\" srcset=\"https:\/\/obispadodezaratecampana.org\/wp-content\/uploads\/2018\/09\/40952070_687909611566377_2709508701688954880_n-300x225.jpg 300w, https:\/\/obispadodezaratecampana.org\/wp-content\/uploads\/2018\/09\/40952070_687909611566377_2709508701688954880_n.jpg 960w\" sizes=\"(max-width: 300px) 100vw, 300px\" \/><\/p>\n<p style=\"text-align: center;\"><img loading=\"lazy\" decoding=\"async\" class=\"alignnone size-medium wp-image-15206\" src=\"http:\/\/obispadodezaratecampana.org\/wp-content\/uploads\/2018\/09\/40769125_687076718316333_1399233549705412608_o1-169x300.jpg\" alt=\"40769125_687076718316333_1399233549705412608_o\" width=\"169\" height=\"300\" srcset=\"https:\/\/obispadodezaratecampana.org\/wp-content\/uploads\/2018\/09\/40769125_687076718316333_1399233549705412608_o1-169x300.jpg 169w, https:\/\/obispadodezaratecampana.org\/wp-content\/uploads\/2018\/09\/40769125_687076718316333_1399233549705412608_o1-578x1024.jpg 578w, https:\/\/obispadodezaratecampana.org\/wp-content\/uploads\/2018\/09\/40769125_687076718316333_1399233549705412608_o1.jpg 1148w\" sizes=\"(max-width: 169px) 100vw, 169px\" \/>\u00a0<a href=\"http:\/\/obispadodezaratecampana.org\/wp-content\/uploads\/2018\/09\/40969553_687909288233076_988887276119392256_n.jpg\"><img loading=\"lazy\" decoding=\"async\" class=\"alignnone size-medium wp-image-15208\" src=\"http:\/\/obispadodezaratecampana.org\/wp-content\/uploads\/2018\/09\/40969553_687909288233076_988887276119392256_n-300x225.jpg\" alt=\"40969553_687909288233076_988887276119392256_n\" width=\"300\" height=\"225\" srcset=\"https:\/\/obispadodezaratecampana.org\/wp-content\/uploads\/2018\/09\/40969553_687909288233076_988887276119392256_n-300x225.jpg 300w, https:\/\/obispadodezaratecampana.org\/wp-content\/uploads\/2018\/09\/40969553_687909288233076_988887276119392256_n.jpg 960w\" sizes=\"(max-width: 300px) 100vw, 300px\" \/><\/a> <a href=\"http:\/\/obispadodezaratecampana.org\/wp-content\/uploads\/2018\/09\/40867935_687909244899747_6869881850165198848_n.jpg\"><img loading=\"lazy\" decoding=\"async\" class=\"alignnone size-medium wp-image-15209\" src=\"http:\/\/obispadodezaratecampana.org\/wp-content\/uploads\/2018\/09\/40867935_687909244899747_6869881850165198848_n-300x225.jpg\" alt=\"40867935_687909244899747_6869881850165198848_n\" width=\"300\" height=\"225\" srcset=\"https:\/\/obispadodezaratecampana.org\/wp-content\/uploads\/2018\/09\/40867935_687909244899747_6869881850165198848_n-300x225.jpg 300w, https:\/\/obispadodezaratecampana.org\/wp-content\/uploads\/2018\/09\/40867935_687909244899747_6869881850165198848_n.jpg 960w\" sizes=\"(max-width: 300px) 100vw, 300px\" \/><\/a><\/p>\n<p style=\"text-align: center;\">\n<!-- AddThis Advanced Settings generic via filter on the_content --><!-- AddThis Share Buttons generic via filter on the_content -->","protected":false},"excerpt":{"rendered":"<p>ZARATE: MISA DE ENV\u00cdO 4 SEPTIEMBRE PEREGRINACI\u00d3N DIOCESANA A PIE A LUJAN S\u00c1BADO 3 NOVIEMBRE 2018 &#8220;POR MAR\u00cdA HE VENIDO PARA QUE TENGAN VIDA&#8221; El [&hellip;]<!-- AddThis Advanced Settings generic via filter on get_the_excerpt --><!-- AddThis Share Buttons generic via filter on get_the_excerpt --><\/p>\n","protected":false},"author":2,"featured_media":15204,"comment_status":"open","ping_status":"open","sticky":false,"template":"","format":"standard","meta":{"footnotes":""},"categories":[1,8],"tags":[],"class_list":["post-15203","post","type-post","status-publish","format-standard","has-post-thumbnail","hentry","category-noticiasdiocesanas","category-videos"],"_links":{"self":[{"href":"https:\/\/obispadodezaratecampana.org\/index.php?rest_route=\/wp\/v2\/posts\/15203","targetHints":{"allow":["GET"]}}],"collection":[{"href":"https:\/\/obispadodezaratecampana.org\/index.php?rest_route=\/wp\/v2\/posts"}],"about":[{"href":"https:\/\/obispadodezaratecampana.org\/index.php?rest_route=\/wp\/v2\/types\/post"}],"author":[{"embeddable":true,"href":"https:\/\/obispadodezaratecampana.org\/index.php?rest_route=\/wp\/v2\/users\/2"}],"replies":[{"embeddable":true,"href":"https:\/\/obispadodezaratecampana.org\/index.php?rest_route=%2Fwp%2Fv2%2Fcomments&post=15203"}],"version-history":[{"count":1,"href":"https:\/\/obispadodezaratecampana.org\/index.php?rest_route=\/wp\/v2\/posts\/15203\/revisions"}],"predecessor-version":[{"id":15211,"href":"https:\/\/obispadodezaratecampana.org\/index.php?rest_route=\/wp\/v2\/posts\/15203\/revisions\/15211"}],"wp:featuredmedia":[{"embeddable":true,"href":"https:\/\/obispadodezaratecampana.org\/index.php?rest_route=\/wp\/v2\/media\/15204"}],"wp:attachment":[{"href":"https:\/\/obispadodezaratecampana.org\/index.php?rest_route=%2Fwp%2Fv2%2Fmedia&parent=15203"}],"wp:term":[{"taxonomy":"category","embeddable":true,"href":"https:\/\/obispadodezaratecampana.org\/index.php?rest_route=%2Fwp%2Fv2%2Fcategories&post=15203"},{"taxonomy":"post_tag","embeddable":true,"href":"https:\/\/obispadodezaratecampana.org\/index.php?rest_route=%2Fwp%2Fv2%2Ftags&post=15203"}],"curies":[{"name":"wp","href":"https:\/\/api.w.org\/{rel}","templated":true}]}}