{"id":15198,"date":"2018-09-04T09:49:35","date_gmt":"2018-09-04T12:49:35","guid":{"rendered":"http:\/\/obispadodezaratecampana.org\/?p=15198"},"modified":"2018-09-06T14:02:47","modified_gmt":"2018-09-06T17:02:47","slug":"4-de-septiembre-cumpleanos-del-obispo","status":"publish","type":"post","link":"https:\/\/obispadodezaratecampana.org\/?p=15198","title":{"rendered":"4 de septiembre: Cumplea\u00f1os del Obispo"},"content":{"rendered":"<p style=\"text-align: center;\">\n<h4 style=\"text-align: center;\"><span style=\"color: #008080;\">4 de septiembre<\/span><\/h4>\n<h4 style=\"text-align: center;\"><span style=\"color: #008080;\"> Cumplea\u00f1os de nuestro Obispo Pedro Laxague<\/span><\/h4>\n<h4 style=\"text-align: center;\"><span style=\"color: #008080;\">Saludamos con alegr\u00eda y rezamos por su Ministerio e intenciones<\/span><\/h4>\n<p style=\"text-align: center;\"><span style=\"color: #008080;\"><em>Dios te salve Mar\u00eda<\/em><\/span><br style=\"color: #000000;\" \/><span style=\"color: #008080;\"><em>llena eres de gracia<\/em><\/span><br style=\"color: #000000;\" \/><span style=\"color: #008080;\"><em>el Se\u00f1or es contigo;<\/em><\/span><br style=\"color: #000000;\" \/><span style=\"color: #008080;\"><em>bendita t\u00fa eres\u00a0<\/em><\/span><br style=\"color: #000000;\" \/><span style=\"color: #008080;\"><em>entre todas las mujeres,<\/em><\/span><br style=\"color: #000000;\" \/><span style=\"color: #008080;\"><em>y bendito es el fruto\u00a0<\/em><\/span><br style=\"color: #000000;\" \/><span style=\"color: #008080;\"><em>de tu vientre, Jes\u00fas.\u00a0<\/em><\/span><br style=\"color: #000000;\" \/><span style=\"color: #008080;\"><em>Santa Mar\u00eda, Madre de Dios,<\/em><\/span><br style=\"color: #000000;\" \/><span style=\"color: #008080;\"><em>ruega por nosotros, pecadores,<\/em><\/span><br style=\"color: #000000;\" \/><span style=\"color: #008080;\"><em>ahora y en la ahora<\/em><\/span><br style=\"color: #000000;\" \/><span style=\"color: #008080;\"><em>de nuestra muerte. Am\u00e9n<\/em><\/span><\/p>\n<p>&nbsp;<\/p>\n<p style=\"text-align: center;\"><img fetchpriority=\"high\" decoding=\"async\" class=\"alignnone size-medium wp-image-15201\" src=\"http:\/\/obispadodezaratecampana.org\/wp-content\/uploads\/2018\/09\/cumple-pedro-300x225.jpg\" alt=\"cumple pedro\" width=\"300\" height=\"225\" srcset=\"https:\/\/obispadodezaratecampana.org\/wp-content\/uploads\/2018\/09\/cumple-pedro-300x225.jpg 300w, https:\/\/obispadodezaratecampana.org\/wp-content\/uploads\/2018\/09\/cumple-pedro.jpg 960w\" sizes=\"(max-width: 300px) 100vw, 300px\" \/><\/p>\n<!-- AddThis Advanced Settings generic via filter on the_content --><!-- AddThis Share Buttons generic via filter on the_content -->","protected":false},"excerpt":{"rendered":"<p>4 de septiembre Cumplea\u00f1os de nuestro Obispo Pedro Laxague Saludamos con alegr\u00eda y rezamos por su Ministerio e intenciones Dios te salve Mar\u00edallena eres de [&hellip;]<!-- AddThis Advanced Settings generic via filter on get_the_excerpt --><!-- AddThis Share Buttons generic via filter on get_the_excerpt --><\/p>\n","protected":false},"author":2,"featured_media":15201,"comment_status":"open","ping_status":"open","sticky":false,"template":"","format":"standard","meta":{"footnotes":""},"categories":[5,1],"tags":[],"class_list":["post-15198","post","type-post","status-publish","format-standard","has-post-thumbnail","hentry","category-generales","category-noticiasdiocesanas"],"_links":{"self":[{"href":"https:\/\/obispadodezaratecampana.org\/index.php?rest_route=\/wp\/v2\/posts\/15198","targetHints":{"allow":["GET"]}}],"collection":[{"href":"https:\/\/obispadodezaratecampana.org\/index.php?rest_route=\/wp\/v2\/posts"}],"about":[{"href":"https:\/\/obispadodezaratecampana.org\/index.php?rest_route=\/wp\/v2\/types\/post"}],"author":[{"embeddable":true,"href":"https:\/\/obispadodezaratecampana.org\/index.php?rest_route=\/wp\/v2\/users\/2"}],"replies":[{"embeddable":true,"href":"https:\/\/obispadodezaratecampana.org\/index.php?rest_route=%2Fwp%2Fv2%2Fcomments&post=15198"}],"version-history":[{"count":1,"href":"https:\/\/obispadodezaratecampana.org\/index.php?rest_route=\/wp\/v2\/posts\/15198\/revisions"}],"predecessor-version":[{"id":15202,"href":"https:\/\/obispadodezaratecampana.org\/index.php?rest_route=\/wp\/v2\/posts\/15198\/revisions\/15202"}],"wp:featuredmedia":[{"embeddable":true,"href":"https:\/\/obispadodezaratecampana.org\/index.php?rest_route=\/wp\/v2\/media\/15201"}],"wp:attachment":[{"href":"https:\/\/obispadodezaratecampana.org\/index.php?rest_route=%2Fwp%2Fv2%2Fmedia&parent=15198"}],"wp:term":[{"taxonomy":"category","embeddable":true,"href":"https:\/\/obispadodezaratecampana.org\/index.php?rest_route=%2Fwp%2Fv2%2Fcategories&post=15198"},{"taxonomy":"post_tag","embeddable":true,"href":"https:\/\/obispadodezaratecampana.org\/index.php?rest_route=%2Fwp%2Fv2%2Ftags&post=15198"}],"curies":[{"name":"wp","href":"https:\/\/api.w.org\/{rel}","templated":true}]}}