{"id":15188,"date":"2018-09-06T13:01:33","date_gmt":"2018-09-06T16:01:33","guid":{"rendered":"http:\/\/obispadodezaratecampana.org\/?p=15188"},"modified":"2018-09-06T13:01:33","modified_gmt":"2018-09-06T16:01:33","slug":"seminario-de-vida-en-el-espiritu-jueves-de-septiembre-en-campana","status":"publish","type":"post","link":"https:\/\/obispadodezaratecampana.org\/?p=15188","title":{"rendered":"Seminario de vida en el Espiritu, jueves de septiembre en Campana"},"content":{"rendered":"<h3 style=\"text-align: center;\"><span style=\"color: #ff0000;\">: SEMINARIO DE VIDA EN EL ESP\u00cdRITU :<\/span><\/h3>\n<h5 style=\"text-align: justify;\"><span style=\"color: #ff0000;\">Invitan Padres Rogacionistas y Renovaci\u00f3n Carism\u00e1tica Cat\u00f3lica.\u00a0<\/span><\/h5>\n<h5 style=\"text-align: justify;\"><span style=\"color: #ff0000;\">Jueves 6, 13 y 20 septiembre 2018<\/span><br \/>\n<span style=\"color: #ff0000;\">De 17 a 20 hs<\/span><\/h5>\n<h5 style=\"text-align: justify;\"><span style=\"color: #ff0000;\">&#8220;Capilla San Antonio de Padua&#8221; (de la Pquia Ntra Sra del Carmen)<\/span><\/h5>\n<h5 style=\"text-align: justify;\"><span style=\"color: #ff0000;\">Calle Castelli 2165<\/span><br \/>\n<span style=\"color: #ff0000;\">Barrio Las Acacias, Campana<\/span><\/h5>\n<h5 style=\"text-align: justify;\"><span style=\"color: #ff0000;\">Habr\u00e1 Buffet. Traer equipo de mate.<\/span><\/h5>\n<p style=\"text-align: center;\">\n<p style=\"text-align: center;\"><img fetchpriority=\"high\" decoding=\"async\" class=\"alignnone size-medium wp-image-15190\" src=\"http:\/\/obispadodezaratecampana.org\/wp-content\/uploads\/2018\/09\/40012150_10211365060274892_4030178383198420992_o1-193x300.jpg\" alt=\"40012150_10211365060274892_4030178383198420992_o\" width=\"193\" height=\"300\" srcset=\"https:\/\/obispadodezaratecampana.org\/wp-content\/uploads\/2018\/09\/40012150_10211365060274892_4030178383198420992_o1-193x300.jpg 193w, https:\/\/obispadodezaratecampana.org\/wp-content\/uploads\/2018\/09\/40012150_10211365060274892_4030178383198420992_o1.jpg 587w\" sizes=\"(max-width: 193px) 100vw, 193px\" \/><\/p>\n<p style=\"text-align: center;\">\n<!-- AddThis Advanced Settings generic via filter on the_content --><!-- AddThis Share Buttons generic via filter on the_content -->","protected":false},"excerpt":{"rendered":"<p>: SEMINARIO DE VIDA EN EL ESP\u00cdRITU : Invitan Padres Rogacionistas y Renovaci\u00f3n Carism\u00e1tica Cat\u00f3lica.\u00a0 Jueves 6, 13 y 20 septiembre 2018 De 17 a [&hellip;]<!-- AddThis Advanced Settings generic via filter on get_the_excerpt --><!-- AddThis Share Buttons generic via filter on get_the_excerpt --><\/p>\n","protected":false},"author":2,"featured_media":15190,"comment_status":"open","ping_status":"open","sticky":false,"template":"","format":"standard","meta":{"footnotes":""},"categories":[3],"tags":[],"class_list":["post-15188","post","type-post","status-publish","format-standard","has-post-thumbnail","hentry","category-noticiasparroquiales"],"_links":{"self":[{"href":"https:\/\/obispadodezaratecampana.org\/index.php?rest_route=\/wp\/v2\/posts\/15188","targetHints":{"allow":["GET"]}}],"collection":[{"href":"https:\/\/obispadodezaratecampana.org\/index.php?rest_route=\/wp\/v2\/posts"}],"about":[{"href":"https:\/\/obispadodezaratecampana.org\/index.php?rest_route=\/wp\/v2\/types\/post"}],"author":[{"embeddable":true,"href":"https:\/\/obispadodezaratecampana.org\/index.php?rest_route=\/wp\/v2\/users\/2"}],"replies":[{"embeddable":true,"href":"https:\/\/obispadodezaratecampana.org\/index.php?rest_route=%2Fwp%2Fv2%2Fcomments&post=15188"}],"version-history":[{"count":1,"href":"https:\/\/obispadodezaratecampana.org\/index.php?rest_route=\/wp\/v2\/posts\/15188\/revisions"}],"predecessor-version":[{"id":15191,"href":"https:\/\/obispadodezaratecampana.org\/index.php?rest_route=\/wp\/v2\/posts\/15188\/revisions\/15191"}],"wp:featuredmedia":[{"embeddable":true,"href":"https:\/\/obispadodezaratecampana.org\/index.php?rest_route=\/wp\/v2\/media\/15190"}],"wp:attachment":[{"href":"https:\/\/obispadodezaratecampana.org\/index.php?rest_route=%2Fwp%2Fv2%2Fmedia&parent=15188"}],"wp:term":[{"taxonomy":"category","embeddable":true,"href":"https:\/\/obispadodezaratecampana.org\/index.php?rest_route=%2Fwp%2Fv2%2Fcategories&post=15188"},{"taxonomy":"post_tag","embeddable":true,"href":"https:\/\/obispadodezaratecampana.org\/index.php?rest_route=%2Fwp%2Fv2%2Ftags&post=15188"}],"curies":[{"name":"wp","href":"https:\/\/api.w.org\/{rel}","templated":true}]}}