{"id":15163,"date":"2018-09-02T14:58:18","date_gmt":"2018-09-02T17:58:18","guid":{"rendered":"http:\/\/obispadodezaratecampana.org\/?p=15163"},"modified":"2018-09-02T14:58:18","modified_gmt":"2018-09-02T17:58:18","slug":"la-solidaridad-empieza-por-dar-caritas-rinde-cuenta-de-su-colecta-anual","status":"publish","type":"post","link":"https:\/\/obispadodezaratecampana.org\/?p=15163","title":{"rendered":"La solidaridad empieza por dar: C\u00e1ritas rinde cuenta de su Colecta Anual"},"content":{"rendered":"<p style=\"text-align: center;\"><a href=\"http:\/\/obispadodezaratecampana.org\/wp-content\/uploads\/2018\/09\/Caritas.jpg\"><img fetchpriority=\"high\" decoding=\"async\" class=\"alignnone size-medium wp-image-15164\" src=\"http:\/\/obispadodezaratecampana.org\/wp-content\/uploads\/2018\/09\/Caritas-300x232.jpg\" alt=\"Caritas\" width=\"300\" height=\"232\" srcset=\"https:\/\/obispadodezaratecampana.org\/wp-content\/uploads\/2018\/09\/Caritas-300x232.jpg 300w, https:\/\/obispadodezaratecampana.org\/wp-content\/uploads\/2018\/09\/Caritas-1024x793.jpg 1024w, https:\/\/obispadodezaratecampana.org\/wp-content\/uploads\/2018\/09\/Caritas.jpg 1600w\" sizes=\"(max-width: 300px) 100vw, 300px\" \/><\/a><\/p>\n<p style=\"text-align: justify;\"><span style=\"color: #000080;\"><strong>La solidaridad empieza por dar: C\u00e1ritas rinde cuenta de su Colecta Anual<\/strong><\/span><\/p>\n<p style=\"text-align: justify;\"><span style=\"color: #000080;\">En el D\u00eda de la Solidaridad, el 26 de agosto, C\u00e1ritas Argentina inform\u00f3 que, en su tradicional Colecta Anual realizada el 9 y 10 de junio pasados bajo el lema \u201cLa solidaridad empieza por dar\u201d, se recaud\u00f3 en todo el pa\u00eds la suma de $ 91.604.677,68. Esta cifra representa un aumento del 18% respecto a lo recaudado el a\u00f1o anterior.<\/span><\/p>\n<p style=\"text-align: justify;\"><span style=\"color: #000080;\">El dinero recibido permite sostener a lo largo del a\u00f1o numerosos proyectos de promoci\u00f3n humana y ayuda inmediata que se llevan adelante en todo el pa\u00eds. En este sentido, cabe destacar que el destino de estos fondos se informa anualmente a la sociedad a trav\u00e9s de la correspondiente rendici\u00f3n. Pueden citarse, como ejemplos concretos, algunas de las iniciativas desarrolladas por C\u00e1ritas en 2017:<\/span><\/p>\n<p style=\"text-align: justify;\"><span style=\"color: #000080;\">&#8211; Primera Infancia: asumiendo el compromiso con el cuidado de la vida, el Programa Primera Infancia form\u00f3 44 capacitadores diocesanos y 367 l\u00edderes barriales que acompa\u00f1aron a 669 familias, 163 embarazadas y 983 ni\u00f1os y ni\u00f1as de barrios postergados.<\/span><\/p>\n<p style=\"text-align: justify;\"><span style=\"color: #000080;\">&#8211; Programa -9 +6: este programa, que se desarrolla desde hace m\u00e1s de 10 a\u00f1os, promueve el cuidado de embarazadas y madres de ni\u00f1os peque\u00f1os que viven en situaci\u00f3n de pobreza, capacit\u00e1ndolas para que sepan atender adecuadamente la salud y<\/span><\/p>\n<p style=\"text-align: justify;\"><span style=\"color: #000080;\">la alimentaci\u00f3n de sus hijos. Ya se ha involucrado la participaci\u00f3n de 2.965 madres en todo el pa\u00eds, beneficiando a 12.750 ni\u00f1os.<\/span><\/p>\n<p style=\"text-align: justify;\"><span style=\"color: #000080;\">&#8211; Merienda reforzada: como parte de la ayuda inmediata que brinda C\u00e1ritas, en espacios educativos de 37 di\u00f3cesis se ofrecen \u201cmeriendas reforzadas\u201d (capaces de suplir una cena) para 12.056 ni\u00f1os procedentes de hogares de muy bajos recursos.<\/span><\/p>\n<p style=\"text-align: justify;\"><span style=\"color: #000080;\">&#8211; Adicciones: C\u00e1ritas, junto a la Pastoral de Drogadependencia y la Familia Grande Hogar de Cristo, integra una red para el abordaje pastoral y comunitario de las adicciones que alcanza a m\u00e1s de 10.000 personas entre participantes, voluntarios y profesionales, a trav\u00e9s de 82 centros en todo el pa\u00eds. Para el fortalecimiento de la red se realiz\u00f3 1 encuentro nacional, 10 encuentros presenciales en la sede de C\u00e1ritas, 6 encuentros regionales, 15 diocesanos y 40 misionales. Adem\u00e1s, se concret\u00f3 el Proyecto Escuela con 700 alumnos virtuales, se realizaron 40 pasant\u00edas y m\u00e1s de 60 capacitaciones en territorio.<\/span><\/p>\n<p style=\"text-align: justify;\"><span style=\"color: #000080;\">&#8211; Educaci\u00f3n: se acompa\u00f1aron 194 espacios socio-educativos, que involucr\u00f3 el trabajo de m\u00e1s de 1500 voluntarios en las zonas m\u00e1s vulnerables del pa\u00eds. Se sostuvieron m\u00e1s de 2600 becas y se acompa\u00f1\u00f3 con talleres y capacitaciones a 7.325 familias. Los destinatarios directos e indirectos de esta iniciativa se estiman en 40.000 personas, entre menores y adultos.<\/span><\/p>\n<p style=\"text-align: justify;\"><span style=\"color: #000080;\">&#8211; Trabajo: a trav\u00e9s de su Red Ecosol (Econom\u00eda Social y Solidaria) C\u00e1ritas promueve una forma de econom\u00eda inclusiva, centrada en el cuidado de la vida y de la \u201ccasa com\u00fan\u201d. En 2017 se desarrollaron 27 proyectos, con beneficio directo o indirecto en m\u00e1s de 5.800 personas. Se llevaron adelante micro cr\u00e9ditos para emprendimientos, formaci\u00f3n para producci\u00f3n y comercializaci\u00f3n a emprendedores y capacitaci\u00f3n en oficios.<\/span><\/p>\n<p style=\"text-align: justify;\"><span style=\"color: #000080;\">&#8211; Vivienda: se trabajaron 28 proyectos del Programa de autoconstrucci\u00f3n asistida y participativa por esfuerzo propio y ayuda mutua y se inauguraron 434 nuevos hogares. De este modo, unas 2.600 personas accedieron a su casa definitiva.<\/span><\/p>\n<p style=\"text-align: justify;\"><span style=\"color: #000080;\">&#8211; Capacitaci\u00f3n y educaci\u00f3n no formal: a trav\u00e9s de 23 proyectos se brind\u00f3 capacitaci\u00f3n en oficios tales como electricidad, carpinter\u00eda, plomer\u00eda, etc. para 225 destinatarios directos y 540 indirectos, al tiempo que se ofrecieron 776 talleres de apoyo escolar, alfabetizaci\u00f3n juegos, arte y liderazgo juvenil. Otros proyectos de educaci\u00f3n no formal (colonias de vacaciones, campamentos, biblioteca, escuela de f\u00fatbol, acondicionamiento de espacios educativos, etc.) llegaron a 1.560 beneficiarios.<\/span><\/p>\n<p style=\"text-align: justify;\"><span style=\"color: #000080;\">&#8211; Desarrollo comunitario: se acompa\u00f1aron 80 proyectos diocesanos en tem\u00e1ticas de gesti\u00f3n y coordinaci\u00f3n, ciudadan\u00eda y equidad entre varones y mujeres, que alcanzaron a 117.961 destinatarios directos e indirectos. Se desarrollaron procesos de desarrollo en 49 comunidades barriales (comunidades \u201csigno\u201d) y 3 proyectos regionales sobre tem\u00e1ticas de gesti\u00f3n compartida, formaci\u00f3n del voluntariado, articulaci\u00f3n y animaci\u00f3n. Se destaca tambi\u00e9n la participaci\u00f3n en el relevamiento nacionales de Barrios Populares que alcanz\u00f3 a 810.000 familias en todo el pa\u00eds.<\/span><\/p>\n<p style=\"text-align: justify;\"><span style=\"color: #000080;\">&#8211; Emergencias: en 2017 C\u00e1ritas brind\u00f3 asistencia a 15 comunidades diocesanas afectadas por desastres clim\u00e1ticos (inundaciones, incendios, avalanchas). A fin de fortalecer los equipos locales con capacidad para responder ante emergencias, se financiaron 13 proyectos regionales de formaci\u00f3n, se realiz\u00f3 un taller latinoamericano y se habilit\u00f3 un aula virtual para la formaci\u00f3n de voluntarios.<\/span><\/p>\n<p style=\"text-align: justify;\"><span style=\"color: #000080;\">&#8211; Ayuda inmediata: esta acci\u00f3n que busca dar respuesta a necesidades espec\u00edficas y urgentes de personas y comunidades en situaci\u00f3n de alta vulnerabilidad, es tal vez la m\u00e1s conocida, porque se realiza a trav\u00e9s unas 3.500 parroquias, capillas y centros misionales del pa\u00eds. Su alcance es enorme porque un muy alto porcentaje personas sabe que C\u00e1ritas es su primer referente a la hora de buscar una respuesta urgente a situaciones de pobreza.<\/span><\/p>\n<p style=\"text-align: justify;\"><span style=\"color: #000080;\">Agradecimiento<\/span><\/p>\n<p style=\"text-align: justify;\"><span style=\"color: #000080;\">En ocasi\u00f3n de dar a conocer el monto final de la Colecta Anual, C\u00e1ritas quiere reiterar su agradecimiento a todas las personas que siempre acompa\u00f1an esta iniciativa solidaria con el esfuerzo de su trabajo y con su contribuci\u00f3n econ\u00f3mica, tanto desde el aporte personal, como el de las instituciones o empresas que representan.<\/span><\/p>\n<p style=\"text-align: justify;\"><span style=\"color: #000080;\">De modo particular, C\u00e1ritas agradece y reconoce tambi\u00e9n la labor silenciosa de los m\u00e1s de 32 mil voluntarios que d\u00eda a d\u00eda acompa\u00f1an a las familias m\u00e1s necesitadas en todos los rincones del pa\u00eds y que, en cada Colecta, se movilizan para testimoniar c\u00f3mo se puede cambiar el futuro de tantas personas cuando se asume que \u201cla solidaridad empieza por dar\u201d.<\/span><\/p>\n<p style=\"text-align: justify;\"><span style=\"color: #000080;\">Honrados nuevamente por la confianza que la sociedad deposita en nuestro compromiso con nuestros hermanos m\u00e1s vulnerables, y conscientes de todo lo que a\u00fan queda por hacer, C\u00e1ritas Argentina renueva la invitaci\u00f3n a seguir trabajando juntos para construir la patria que queremos, una patria con igualdad de oportunidades para todos.<\/span><\/p>\n<p style=\"text-align: justify;\"><span style=\"color: #000080;\">Nuestros canales de donaci\u00f3n quedan abiertos<\/span><\/p>\n<p style=\"text-align: justify;\"><span style=\"color: #000080;\">para colaborar con C\u00e1ritas todo el a\u00f1o:<\/span><\/p>\n<p style=\"text-align: justify;\"><span style=\"color: #000080;\">www.caritas.org.ar\/sumate &#8211; 0810 222 74827<\/span><\/p>\n<p style=\"text-align: justify;\"><span style=\"color: #000080;\">Para m\u00e1s informaci\u00f3n sobre la Colecta Anual:<\/span><\/p>\n<p style=\"text-align: justify;\"><span style=\"color: #000080;\">www.caritas.org.ar\/colecta2018<\/span><\/p>\n<!-- AddThis Advanced Settings generic via filter on the_content --><!-- AddThis Share Buttons generic via filter on the_content -->","protected":false},"excerpt":{"rendered":"<p>La solidaridad empieza por dar: C\u00e1ritas rinde cuenta de su Colecta Anual En el D\u00eda de la Solidaridad, el 26 de agosto, C\u00e1ritas Argentina inform\u00f3 [&hellip;]<!-- AddThis Advanced Settings generic via filter on get_the_excerpt --><!-- AddThis Share Buttons generic via filter on get_the_excerpt --><\/p>\n","protected":false},"author":2,"featured_media":15164,"comment_status":"open","ping_status":"open","sticky":false,"template":"","format":"standard","meta":{"footnotes":""},"categories":[4,1],"tags":[],"class_list":["post-15163","post","type-post","status-publish","format-standard","has-post-thumbnail","hentry","category-movimientosinstituciones","category-noticiasdiocesanas"],"_links":{"self":[{"href":"https:\/\/obispadodezaratecampana.org\/index.php?rest_route=\/wp\/v2\/posts\/15163","targetHints":{"allow":["GET"]}}],"collection":[{"href":"https:\/\/obispadodezaratecampana.org\/index.php?rest_route=\/wp\/v2\/posts"}],"about":[{"href":"https:\/\/obispadodezaratecampana.org\/index.php?rest_route=\/wp\/v2\/types\/post"}],"author":[{"embeddable":true,"href":"https:\/\/obispadodezaratecampana.org\/index.php?rest_route=\/wp\/v2\/users\/2"}],"replies":[{"embeddable":true,"href":"https:\/\/obispadodezaratecampana.org\/index.php?rest_route=%2Fwp%2Fv2%2Fcomments&post=15163"}],"version-history":[{"count":1,"href":"https:\/\/obispadodezaratecampana.org\/index.php?rest_route=\/wp\/v2\/posts\/15163\/revisions"}],"predecessor-version":[{"id":15165,"href":"https:\/\/obispadodezaratecampana.org\/index.php?rest_route=\/wp\/v2\/posts\/15163\/revisions\/15165"}],"wp:featuredmedia":[{"embeddable":true,"href":"https:\/\/obispadodezaratecampana.org\/index.php?rest_route=\/wp\/v2\/media\/15164"}],"wp:attachment":[{"href":"https:\/\/obispadodezaratecampana.org\/index.php?rest_route=%2Fwp%2Fv2%2Fmedia&parent=15163"}],"wp:term":[{"taxonomy":"category","embeddable":true,"href":"https:\/\/obispadodezaratecampana.org\/index.php?rest_route=%2Fwp%2Fv2%2Fcategories&post=15163"},{"taxonomy":"post_tag","embeddable":true,"href":"https:\/\/obispadodezaratecampana.org\/index.php?rest_route=%2Fwp%2Fv2%2Ftags&post=15163"}],"curies":[{"name":"wp","href":"https:\/\/api.w.org\/{rel}","templated":true}]}}