{"id":15154,"date":"2018-08-28T19:21:48","date_gmt":"2018-08-28T22:21:48","guid":{"rendered":"http:\/\/obispadodezaratecampana.org\/?p=15154"},"modified":"2018-08-28T19:21:48","modified_gmt":"2018-08-28T22:21:48","slug":"papa-francisco-durante-la-fiesta-de-las-familias-en-irlanda","status":"publish","type":"post","link":"https:\/\/obispadodezaratecampana.org\/?p=15154","title":{"rendered":"Papa Francisco durante la Fiesta de las Familias en Irlanda"},"content":{"rendered":"<p style=\"text-align: center;\"><strong><span style=\"color: #000000;\">El Papa en el Festival de las Familias: <\/span><\/strong><\/p>\n<p style=\"text-align: center;\"><strong><span style=\"color: #000000;\">\u201cs\u00f3lo el amor nos salva del descarte\u201d<\/span><\/strong><\/p>\n<p class=\"article__subTitle\" style=\"font-weight: 300; color: rgb(100, 100, 100); text-align: justify;\"><span style=\"color: rgb(0, 0, 0);\">\u201cEl Festival de las Familias\u201d fue el escenario conclusivo de la primera jornada de la Visita Apost\u00f3lica del Papa Francisco a Irlanda, con ocasi\u00f3n del IX Encuentro Mundial de las Familias.<\/span><\/p>\n<p class=\"article__subTitle\" style=\"font-weight: 300; color: rgb(100, 100, 100); text-align: justify;\"><span style=\"color: rgb(0, 0, 0);\">En video\u00a0\u00a0<a title=\"Papa Francisco durante la Fiesta de las Familias en Irlanda\" href=\"https:\/\/youtu.be\/EGGsuThcUro\" target=\"_blank\"><span style=\"color: #000000;\">https:\/\/youtu.be\/EGGsuThcUro<\/span><\/a><\/span><\/p>\n<div class=\"article__text\" style=\"font-weight: 300; color: #373737;\">\n<p style=\"text-align: justify;\"><span style=\"color: rgb(0, 0, 0);\"><em><b style=\"font-weight: bolder;\">Renato Martinez \u2013 Ciudad del Vaticano &#8211; Vatican News\u00a0<\/b><\/em><\/span><\/p>\n<p style=\"text-align: justify;\"><span style=\"color: rgb(0, 0, 0);\">\u201cFamilias: con vuestro testimonio del Evangelio pod\u00e9is ayudar a Dios a realizar su sue\u00f1o, pod\u00e9is contribuir a acercar a todos los hijos de Dios, para que crezcan en la unidad y aprendan qu\u00e9 significa para el mundo entero vivir en paz como una gran familia\u201d, fue el aliento del Papa Francisco a las m\u00e1s de 70 mil personas congregadas en el Estadio \u201cCroke Park\u201d de Dubl\u00edn, durante el \u201cFestival de las Familias\u201d, la tarde de este 25 de agosto, en el marco de su 24\u00b0 Viaje Apost\u00f3lico a Irlanda, con ocasi\u00f3n del IX Encuentro Mundial de las Familias.<\/span><\/p>\n<p style=\"font-weight: 500; text-align: justify;\"><span style=\"color: rgb(0, 0, 0);\"><b style=\"font-weight: bolder;\">La Iglesia, la familia de los hijos de Dios<\/b><\/span><\/p>\n<p style=\"text-align: justify;\"><span style=\"color: rgb(0, 0, 0);\">En su discurso, el Santo Padre record\u00f3 la importancia de \u201ccelebrar\u201d, porque esto nos hace m\u00e1s humanos y m\u00e1s cristianos, dijo el Papa, y tambi\u00e9n porque nos ayuda a compartir la alegr\u00eda de saber que Jes\u00fas nos ama, nos acompa\u00f1a en el camino de la vida y nos atrae cada d\u00eda m\u00e1s a \u00e9l. \u201cHoy en Dubl\u00edn \u2013 se\u00f1al\u00f3 el Pont\u00edfice \u2013 nos reunimos para una celebraci\u00f3n familiar de acci\u00f3n de gracias a Dios por lo que somos: una sola familia en Cristo, extendida por toda la tierra\u201d.<\/span><\/p>\n<p style=\"text-align: justify;\"><span style=\"color: rgb(0, 0, 0);\">En este sentido, el Papa Francisco subray\u00f3 que, la Iglesia es la familia de los hijos de Dios. \u201cUna familia en la que nos alegramos con los que est\u00e1n alegres y lloramos con los que sufren o se sienten abatidos por la vida. Una familia \u2013 precis\u00f3 el Pont\u00edfice \u2013 en la que cuidamos de cada uno, porque Dios nuestro Padre nos ha hecho a todos hijos suyos en el bautismo\u201d.<\/span><\/p>\n<aside class=\"article__readmore\">\n<div class=\"teaser--labelEvidence teaser\">\n<article>\n<div class=\"teaser__contentWrapper\" style=\"text-align: center;\">\n<figure class=\"teaser__image\"><source media=\"(min-width: 768px)\" data-original-set=\"\/content\/dam\/vaticannews\/agenzie\/images\/srv\/2018\/08\/25\/viaggio-apostolico-in-irlanda---xxiv-incontro-mondiale-delle-fam\/viaggio-apostolico-in-irlanda---xxiv-incontro-1535229146287.JPG\/_jcr_content\/renditions\/cq5dam.thumbnail.cropped.250.141.jpeg\" \/><source media=\"(min-width: 340px)\" data-original-set=\"\/content\/dam\/vaticannews\/agenzie\/images\/srv\/2018\/08\/25\/viaggio-apostolico-in-irlanda---xxiv-incontro-mondiale-delle-fam\/viaggio-apostolico-in-irlanda---xxiv-incontro-1535229146287.JPG\/_jcr_content\/renditions\/cq5dam.thumbnail.cropped.250.141.jpeg\" \/><source media=\"\" data-original-set=\"\/content\/dam\/vaticannews\/agenzie\/images\/srv\/2018\/08\/25\/viaggio-apostolico-in-irlanda---xxiv-incontro-mondiale-delle-fam\/viaggio-apostolico-in-irlanda---xxiv-incontro-1535229146287.JPG\/_jcr_content\/renditions\/cq5dam.thumbnail.cropped.250.141.jpeg\" \/><span style=\"color: rgb(0, 0, 0);\"><img decoding=\"async\" class=\"loaded\" src=\"https:\/\/www.vaticannews.va\/content\/dam\/vaticannews\/agenzie\/images\/srv\/2018\/08\/25\/viaggio-apostolico-in-irlanda---xxiv-incontro-mondiale-delle-fam\/viaggio-apostolico-in-irlanda---xxiv-incontro-1535229146287.JPG\/_jcr_content\/renditions\/cq5dam.thumbnail.cropped.250.141.jpeg\" alt=\"Discurso del Papa en el Festival de las Familias\" data-original=\"\/content\/dam\/vaticannews\/agenzie\/images\/srv\/2018\/08\/25\/viaggio-apostolico-in-irlanda---xxiv-incontro-mondiale-delle-fam\/viaggio-apostolico-in-irlanda---xxiv-incontro-1535229146287.JPG\/_jcr_content\/renditions\/cq5dam.thumbnail.cropped.250.141.jpeg\" data-was-processed=\"true\" \/>\u00a0<\/span><\/figure>\n<\/div>\n<\/article>\n<\/div>\n<\/aside>\n<p style=\"font-weight: 500; text-align: justify;\"><span style=\"color: rgb(0, 0, 0);\"><b style=\"font-weight: bolder;\">La Familia, escuela de santidad<\/b><\/span><\/p>\n<p style=\"text-align: justify;\"><span style=\"color: rgb(0, 0, 0);\">Recordando el tema de este IX Encuentro Mundial de las Familias, el Santo Padre se\u00f1al\u00f3 que, Dios quiere que cada familia sea un faro que irradie la alegr\u00eda de su amor en el mundo. Esto significa que, despu\u00e9s de haber encontrado el amor de Dios que salva, intentemos dijo el Papa, con palabras o sin ellas, manifestarlo a trav\u00e9s de peque\u00f1os gestos de bondad en la rutina cotidiana y en los momentos m\u00e1s sencillos del d\u00eda.<\/span><\/p>\n<p style=\"text-align: justify;\"><span style=\"color: rgb(0, 0, 0);\">\u201cEsto es santidad \u2013 puntualiz\u00f3 el Obispo de Roma, por ello, me gusta hablar de los santos \u00abde la puerta de al lado\u00bb, de todas esas personas comunes que reflejan la presencia de Dios en la vida y en la historia del mundo\u201d. La vocaci\u00f3n al amor y a la santidad, agreg\u00f3 el Pont\u00edfice, est\u00e1 silenciosamente presente en los corazones de todas aquellas familias que ofrecen amor, perd\u00f3n y misericordia cuando ven que es necesario, y lo hacen en silencio, sin tocar la trompeta.<\/span><\/p>\n<p style=\"font-weight: 500; text-align: justify;\"><span style=\"color: rgb(0, 0, 0);\"><b style=\"font-weight: bolder;\">La Familia, lugar del perd\u00f3n y la misericordia<\/b><\/span><\/p>\n<p style=\"text-align: justify;\"><span style=\"color: rgb(0, 0, 0);\">Comentando los testimonios de las familias de los 5 continentes, sobre todo el testimonio de perd\u00f3n de Felicit\u00e9, Isaac y Ghislain, provenientes de Burkina Faso, el Papa Francisco se\u00f1al\u00f3 que, \u201cel perd\u00f3n es un regalo especial de Dios que cura nuestras heridas y nos acerca a los dem\u00e1s y a \u00e9l. Gestos peque\u00f1os y sencillos de perd\u00f3n, renovados cada d\u00eda, son la base sobre la que se construye una s\u00f3lida vida familiar cristiana\u201d.<\/span><\/p>\n<p style=\"text-align: justify;\"><span style=\"color: rgb(0, 0, 0);\">\u201cPerdonar \u2013 precis\u00f3 el Obispo de Roma \u2013 significa dar algo de s\u00ed mismo. Jes\u00fas nos perdona siempre. Con la fuerza de su perd\u00f3n, tambi\u00e9n nosotros podemos perdonar a los dem\u00e1s, si realmente lo queremos\u201d. Es as\u00ed que, los ni\u00f1os aprenden a perdonar cuando ven que sus padres se perdonan rec\u00edprocamente. Si entendemos esto, podemos apreciar la grandeza de la ense\u00f1anza de Jes\u00fas sobre la fidelidad en el matrimonio. En lugar de ser una fr\u00eda obligaci\u00f3n legal, es sobre todo una poderosa promesa de la fidelidad de Dios mismo a su palabra y a su gracia sin l\u00edmites.<\/span><\/p>\n<p style=\"font-weight: 500; text-align: justify;\"><span style=\"color: rgb(0, 0, 0);\"><b style=\"font-weight: bolder;\">La Familia, red de solidaridad y fraternidad<\/b><\/span><\/p>\n<p style=\"text-align: justify;\"><span style=\"color: rgb(0, 0, 0);\">Refiri\u00e9ndose al segundo testimonio presentado en el Festival de las Familias, el Santo Padre dijo que, Nisha y Ted, nos han \u00a0ayudado a comprender que las redes sociales no son necesariamente un problema para las familias, sino que pueden ayudar a construir una \u00abred\u00bb de amistades, solidaridad y apoyo mutuo. \u201cLas familias \u2013 explic\u00f3 el Pont\u00edfice \u2013 pueden conectarse a trav\u00e9s de Internet y beneficiarse de ello. Las redes sociales pueden ser beneficiosas si se usan con moderaci\u00f3n y prudencia\u201d.<\/span><\/p>\n<p style=\"text-align: justify;\"><span style=\"color: rgb(0, 0, 0);\">Por ello, dijo el Papa Francisco, es importante, que estos medios no se conviertan en una amenaza para la verdadera red de relaciones de carne y hueso, aprision\u00e1ndonos en una realidad virtual y aisl\u00e1ndonos de las relaciones aut\u00e9nticas que nos estimulan a dar lo mejor de nosotros mismos en comuni\u00f3n con los dem\u00e1s.<\/span><\/p>\n<p style=\"font-weight: 500; text-align: justify;\"><span style=\"color: rgb(0, 0, 0);\"><b style=\"font-weight: bolder;\">La Familia, fuente de fortaleza y paz<\/b><\/span><\/p>\n<p style=\"text-align: justify;\"><span style=\"color: rgb(0, 0, 0);\">La historia de Enass y Sarmaad, dijo el Sucesor de Pedro, nos ense\u00f1a c\u00f3mo el amor y la fe en la familia pueden ser fuentes de fortaleza y paz incluso en medio de la violencia y la destrucci\u00f3n causada por la guerra y la persecuci\u00f3n. Su historia nos lleva a las tr\u00e1gicas situaciones que muchas familias sufren a diario, obligadas a abandonar sus hogares en busca de seguridad y paz.<\/span><\/p>\n<p style=\"text-align: justify;\"><span style=\"color: rgb(0, 0, 0);\">\u201cEn toda sociedad \u2013 se\u00f1al\u00f3 el Pont\u00edfice \u2013 las familias generan paz, porque ense\u00f1an el amor, la aceptaci\u00f3n y el perd\u00f3n, que son los mejores ant\u00eddotos contra el odio, los prejuicios y la venganza que envenenan la vida de las personas y las comunidades\u201d.<\/span><\/p>\n<p style=\"font-weight: 500; text-align: justify;\"><span style=\"color: rgb(0, 0, 0);\"><b style=\"font-weight: bolder;\">La Familia, lugar de unidad y apertura a la vida<\/b><\/span><\/p>\n<p style=\"text-align: justify;\"><span style=\"color: rgb(0, 0, 0);\">Comentando el cuarto testimonio de Mary y Dami\u00e1n, el Vicario de Cristo dijo que, el amor de Cristo, que renueva todo, es lo que hace posible el matrimonio y un amor conyugal caracterizado por la fidelidad, la indisolubilidad, la unidad y la apertura a la vida. \u201cVosotros hab\u00e9is experimentado la capacidad del amor de Dios que ha transformado completamente vuestra vida y que os bendice con la alegr\u00eda de una hermosa familia. Nos hab\u00e9is indicado que la clave de vuestra vida familiar es la sinceridad\u201d.<\/span><\/p>\n<p style=\"text-align: justify;\"><span style=\"color: rgb(0, 0, 0);\">Es importante afirm\u00f3 el Papa, continuar yendo a esa fuente de la verdad y del amor que puede transformar nuestra vida: Jes\u00fas, que inaugur\u00f3 su ministerio p\u00fablico en una fiesta de bodas, en Can\u00e1. \u201cLo mismo sucede con el amor conyugal \u2013 precis\u00f3 el Santo Padre \u2013 el vino nuevo comienza a fermentar durante el tiempo del noviazgo, necesario aunque transitorio, y madura a lo largo de la vida matrimonial en una entrega mutua, que hace a los esposos capaces de convertirse, aun siendo dos, en una sola carne\u201d.<\/span><\/p>\n<p style=\"font-weight: 500; text-align: justify;\"><span style=\"color: rgb(0, 0, 0);\"><b style=\"font-weight: bolder;\">Las Familias, tesoros vivos de memoria<\/b><\/span><\/p>\n<p style=\"text-align: justify;\"><span style=\"color: rgb(0, 0, 0);\">Finalmente, comentando el \u00faltimo testimonio presentado en el Festival de las Familias, el de una pareja de m\u00e1s de cincuenta a\u00f1os de casados, el Papa Francisco alent\u00f3 a que, las familias est\u00e1n llamadas a continuar creciendo y avanzando en todos los sitios, aun en medio de dificultades y limitaciones, tal como lo han hecho las generaciones pasadas. \u201cNuestras familias son tesoros vivos de memoria \u2013 subray\u00f3 el Papa \u2013 con los hijos que a su vez se convierten en padres y luego en abuelos. De ellos recibimos la identidad, los valores y la fe\u201d.<\/span><\/p>\n<p style=\"text-align: justify;\"><span style=\"color: rgb(0, 0, 0);\">Por ello, el Santo Padre dijo que, una sociedad que no valora a los abuelos es una sociedad sin futuro; una Iglesia que no se preocupa por la alianza entre generaciones terminar\u00e1 careciendo de lo que realmente importa, el amor.<\/span><\/p>\n<p style=\"font-weight: 500; text-align: justify;\"><span style=\"color: rgb(0, 0, 0);\"><b style=\"font-weight: bolder;\">La Familia, esperanza de la Iglesia y del mundo<\/b><\/span><\/p>\n<p style=\"text-align: justify;\"><span style=\"color: rgb(0, 0, 0);\">Antes de despedirse de las Familias congregadas en el Estadio \u201cCroke Park\u201d de Dubl\u00edn y concluir la primera jornada de su Visita Apost\u00f3lica a Irlanda, el Papa Francisco alent\u00f3 a las Familias se\u00f1alando que ellas son la esperanza de la Iglesia y del mundo. \u201cCon vuestro testimonio del Evangelio pod\u00e9is ayudar a Dios a realizar su sue\u00f1o, pod\u00e9is contribuir a acercar a todos los hijos de Dios, para que crezcan en la unidad y aprendan qu\u00e9 significa para el mundo entero vivir en paz como una gran familia\u201d.<\/span><\/p>\n<\/div>\n<!-- AddThis Advanced Settings generic via filter on the_content --><!-- AddThis Share Buttons generic via filter on the_content -->","protected":false},"excerpt":{"rendered":"<p>El Papa en el Festival de las Familias: \u201cs\u00f3lo el amor nos salva del descarte\u201d \u201cEl Festival de las Familias\u201d fue el escenario conclusivo de [&hellip;]<!-- AddThis Advanced Settings generic via filter on get_the_excerpt --><!-- AddThis Share Buttons generic via filter on get_the_excerpt --><\/p>\n","protected":false},"author":2,"featured_media":15155,"comment_status":"open","ping_status":"open","sticky":false,"template":"","format":"standard","meta":{"footnotes":""},"categories":[161,8],"tags":[],"class_list":["post-15154","post","type-post","status-publish","format-standard","has-post-thumbnail","hentry","category-el-papa-leonxiv","category-videos"],"_links":{"self":[{"href":"https:\/\/obispadodezaratecampana.org\/index.php?rest_route=\/wp\/v2\/posts\/15154","targetHints":{"allow":["GET"]}}],"collection":[{"href":"https:\/\/obispadodezaratecampana.org\/index.php?rest_route=\/wp\/v2\/posts"}],"about":[{"href":"https:\/\/obispadodezaratecampana.org\/index.php?rest_route=\/wp\/v2\/types\/post"}],"author":[{"embeddable":true,"href":"https:\/\/obispadodezaratecampana.org\/index.php?rest_route=\/wp\/v2\/users\/2"}],"replies":[{"embeddable":true,"href":"https:\/\/obispadodezaratecampana.org\/index.php?rest_route=%2Fwp%2Fv2%2Fcomments&post=15154"}],"version-history":[{"count":1,"href":"https:\/\/obispadodezaratecampana.org\/index.php?rest_route=\/wp\/v2\/posts\/15154\/revisions"}],"predecessor-version":[{"id":15156,"href":"https:\/\/obispadodezaratecampana.org\/index.php?rest_route=\/wp\/v2\/posts\/15154\/revisions\/15156"}],"wp:featuredmedia":[{"embeddable":true,"href":"https:\/\/obispadodezaratecampana.org\/index.php?rest_route=\/wp\/v2\/media\/15155"}],"wp:attachment":[{"href":"https:\/\/obispadodezaratecampana.org\/index.php?rest_route=%2Fwp%2Fv2%2Fmedia&parent=15154"}],"wp:term":[{"taxonomy":"category","embeddable":true,"href":"https:\/\/obispadodezaratecampana.org\/index.php?rest_route=%2Fwp%2Fv2%2Fcategories&post=15154"},{"taxonomy":"post_tag","embeddable":true,"href":"https:\/\/obispadodezaratecampana.org\/index.php?rest_route=%2Fwp%2Fv2%2Ftags&post=15154"}],"curies":[{"name":"wp","href":"https:\/\/api.w.org\/{rel}","templated":true}]}}