{"id":15149,"date":"2018-08-28T18:49:16","date_gmt":"2018-08-28T21:49:16","guid":{"rendered":"http:\/\/obispadodezaratecampana.org\/?p=15149"},"modified":"2018-08-28T19:05:19","modified_gmt":"2018-08-28T22:05:19","slug":"frases-del-papa-francisco-luego-de-su-viaje-a-irlanda","status":"publish","type":"post","link":"https:\/\/obispadodezaratecampana.org\/?p=15149","title":{"rendered":"Frases del Papa Francisco durante su viaje a Irlanda"},"content":{"rendered":"<p style=\"text-align: center;\"><span style=\"color: #800000;\"><strong>Papa Francisco\u00a0 &#8211; Irlanda 2018\u00a0<\/strong><\/span><\/p>\n<p style=\"text-align: center;\"><a href=\"http:\/\/obispadodezaratecampana.org\/wp-content\/uploads\/2018\/08\/PapaFranciscoDublin.jpg\"><img decoding=\"async\" class=\"alignnone size-medium wp-image-15150\" src=\"http:\/\/obispadodezaratecampana.org\/wp-content\/uploads\/2018\/08\/PapaFranciscoDublin-300x166.jpg\" alt=\"PapaFranciscoDublin\" width=\"300\" height=\"166\" srcset=\"https:\/\/obispadodezaratecampana.org\/wp-content\/uploads\/2018\/08\/PapaFranciscoDublin-300x166.jpg 300w, https:\/\/obispadodezaratecampana.org\/wp-content\/uploads\/2018\/08\/PapaFranciscoDublin.jpg 900w\" sizes=\"(max-width: 300px) 100vw, 300px\" \/><\/a><\/p>\n<p style=\"text-align: justify;\"><em><span style=\"color: #800000;\">Fuente: ACI Prensa<\/span><\/em><\/p>\n<p style=\"text-align: justify;\"><span style=\"color: #800000;\">Luego de su viaje a Irlanda el 25 y 26 de agosto con motivo del Encuentro Mundial de las Familias, el Papa Francisco dej\u00f3 varias frases para todas las familias del mundo, que valen la pena ser recordadas por su car\u00e1cter evang\u00e9lico y formativo.<\/span><\/p>\n<p style=\"text-align: justify;\"><span style=\"color: #800000;\">Aqu\u00ed una lista con las mejores frases del Papa Francisco durante el encuentro realizado en Irlanda:<\/span><\/p>\n<p style=\"text-align: justify;\"><span style=\"color: #800000;\">1. En la familia siempre se encuentra a Jes\u00fas<\/span><\/p>\n<p style=\"text-align: justify;\"><span style=\"color: #800000;\">\u201cEl Evangelio de la familia es verdaderamente alegr\u00eda para el mundo, ya que all\u00ed, en nuestras familias, Jes\u00fas siempre puede ser encontrado; \u00e9l vive all\u00ed, en simplicidad y pobreza, como lo hizo en la casa de la Sagrada Familia de Nazaret\u201d.<\/span><\/p>\n<p style=\"text-align: justify;\"><span style=\"color: #800000;\">2. La familia es el lugar m\u00e1s importante para transmitir la fe<\/span><\/p>\n<p style=\"text-align: justify;\"><span style=\"color: #800000;\">\u201cEl primer y m\u00e1s importante lugar para transmitir la fe es el hogar, a trav\u00e9s del sereno y cotidiano ejemplo de los padres que aman al Se\u00f1or y conf\u00edan en su palabra\u201d.<\/span><\/p>\n<p style=\"text-align: justify;\"><span style=\"color: #800000;\">3. La familia es el lugar privilegiado para difundir el Evangelio<\/span><\/p>\n<p style=\"text-align: justify;\"><span style=\"color: #800000;\">\u201cSus familias son un lugar privilegiado e importante medio para difundir la \u2018buena noticia\u2019 para todos, especialmente para aquellos que desean dejar el desierto y la \u2018casa de esclavitud\u2019 para ir hacia la tierra prometida de la esperanza y de la libertad\u201d.<\/span><\/p>\n<p style=\"text-align: justify;\"><span style=\"color: #800000;\">4. La familia debe tener como base el perd\u00f3n<\/span><\/p>\n<p style=\"text-align: justify;\"><span style=\"color: #800000;\">\u201cGestos peque\u00f1os y sencillos de perd\u00f3n, renovados cada d\u00eda, son la base sobre la que se construye una s\u00f3lida vida familiar cristiana. Los ni\u00f1os aprenden a perdonar cuando ven que sus padres se perdonan rec\u00edprocamente. Si entendemos esto, podemos apreciar la grandeza de la ense\u00f1anza de Jes\u00fas sobre la fidelidad en el matrimonio\u201d.<\/span><\/p>\n<p style=\"text-align: justify;\"><span style=\"color: #800000;\">5. La familia manifiesta toda su belleza si est\u00e1 \u201canclada\u201d al amor de Dios<\/span><\/p>\n<p style=\"text-align: justify;\"><span style=\"color: #800000;\">\u201cEl matrimonio cristiano y la vida familiar manifiestan toda su belleza y atractivo si est\u00e1n anclados en el amor de Dios, que nos cre\u00f3 a su imagen para que podamos darle gloria como iconos de su amor y de su santidad en el mundo\u201d.<\/span><\/p>\n<p style=\"text-align: justify;\"><span style=\"color: #800000;\">6. La familia es la esperanza del mundo<\/span><\/p>\n<p style=\"text-align: justify;\"><span style=\"color: #800000;\">\u201cUstedes, familias, son la esperanza de la Iglesia y del mundo. Con su testimonio del Evangelio pueden ayudar a Dios a realizar su sue\u00f1o, pueden contribuir a acercar a todos los hijos de Dios, para que crezcan en la unidad y aprendan qu\u00e9 significa para el mundo entero vivir en paz como una gran familia\u201d.<\/span><\/p>\n<p style=\"text-align: justify;\"><span style=\"color: #800000;\">7. La familia genera paz<\/span><\/p>\n<p style=\"text-align: justify;\"><span style=\"color: #800000;\">\u201cEn toda sociedad, las familias generan paz, porque ense\u00f1an el amor, la aceptaci\u00f3n y el perd\u00f3n, que son los mejores ant\u00eddotos contra el odio, los prejuicios y la venganza que envenenan la vida de las personas y las comunidades\u201d.<\/span><\/p>\n<p style=\"text-align: justify;\"><span style=\"color: #800000;\">8. La familia que reza unida permanece unida<\/span><\/p>\n<p style=\"text-align: justify;\"><span style=\"color: #800000;\">\u201cComo ense\u00f1aba un buen sacerdote irland\u00e9s, \u2018la familia que reza unida permanece unida\u2019 e irradia paz. Una familia as\u00ed puede ser un apoyo especial para otras familias que no viven en paz\u201d.<\/span><\/p>\n<p style=\"text-align: justify;\"><span style=\"color: #800000;\">9. La familia no debe considerar las redes sociales un problema<\/span><\/p>\n<p style=\"text-align: justify;\"><span style=\"color: #800000;\">\u201cLas redes sociales no son necesariamente un problema para las familias, sino que pueden ayudar a construir una \u2018red\u2019 de amistades, solidaridad y apoyo mutuo\u201d.<\/span><\/p>\n<p style=\"text-align: justify;\"><span style=\"color: #800000;\">10. La iglesia es \u201cuna familia de familias\u201d<\/span><\/p>\n<p style=\"text-align: justify;\"><span style=\"color: #800000;\">La Iglesia es efectivamente una familia de familias, y siente la necesidad de ayudar a las familias en sus esfuerzos para responder fielmente y con alegr\u00eda a la vocaci\u00f3n que Dios les ha dado en la sociedad.<\/span><\/p>\n<!-- AddThis Advanced Settings generic via filter on the_content --><!-- AddThis Share Buttons generic via filter on the_content -->","protected":false},"excerpt":{"rendered":"<p>Papa Francisco\u00a0 &#8211; Irlanda 2018\u00a0 Fuente: ACI Prensa Luego de su viaje a Irlanda el 25 y 26 de agosto con motivo del Encuentro Mundial [&hellip;]<!-- AddThis Advanced Settings generic via filter on get_the_excerpt --><!-- AddThis Share Buttons generic via filter on get_the_excerpt --><\/p>\n","protected":false},"author":2,"featured_media":15150,"comment_status":"open","ping_status":"open","sticky":false,"template":"","format":"standard","meta":{"footnotes":""},"categories":[161,1],"tags":[],"class_list":["post-15149","post","type-post","status-publish","format-standard","has-post-thumbnail","hentry","category-el-papa-leonxiv","category-noticiasdiocesanas"],"_links":{"self":[{"href":"https:\/\/obispadodezaratecampana.org\/index.php?rest_route=\/wp\/v2\/posts\/15149","targetHints":{"allow":["GET"]}}],"collection":[{"href":"https:\/\/obispadodezaratecampana.org\/index.php?rest_route=\/wp\/v2\/posts"}],"about":[{"href":"https:\/\/obispadodezaratecampana.org\/index.php?rest_route=\/wp\/v2\/types\/post"}],"author":[{"embeddable":true,"href":"https:\/\/obispadodezaratecampana.org\/index.php?rest_route=\/wp\/v2\/users\/2"}],"replies":[{"embeddable":true,"href":"https:\/\/obispadodezaratecampana.org\/index.php?rest_route=%2Fwp%2Fv2%2Fcomments&post=15149"}],"version-history":[{"count":3,"href":"https:\/\/obispadodezaratecampana.org\/index.php?rest_route=\/wp\/v2\/posts\/15149\/revisions"}],"predecessor-version":[{"id":15153,"href":"https:\/\/obispadodezaratecampana.org\/index.php?rest_route=\/wp\/v2\/posts\/15149\/revisions\/15153"}],"wp:featuredmedia":[{"embeddable":true,"href":"https:\/\/obispadodezaratecampana.org\/index.php?rest_route=\/wp\/v2\/media\/15150"}],"wp:attachment":[{"href":"https:\/\/obispadodezaratecampana.org\/index.php?rest_route=%2Fwp%2Fv2%2Fmedia&parent=15149"}],"wp:term":[{"taxonomy":"category","embeddable":true,"href":"https:\/\/obispadodezaratecampana.org\/index.php?rest_route=%2Fwp%2Fv2%2Fcategories&post=15149"},{"taxonomy":"post_tag","embeddable":true,"href":"https:\/\/obispadodezaratecampana.org\/index.php?rest_route=%2Fwp%2Fv2%2Ftags&post=15149"}],"curies":[{"name":"wp","href":"https:\/\/api.w.org\/{rel}","templated":true}]}}