{"id":15125,"date":"2018-08-25T00:03:36","date_gmt":"2018-08-25T03:03:36","guid":{"rendered":"http:\/\/obispadodezaratecampana.org\/?p=15125"},"modified":"2018-08-25T00:12:09","modified_gmt":"2018-08-25T03:12:09","slug":"8-septiembre-misa-diocesana-para-consagradas-y-religiosos-19-hs-catedral-santa-florentina","status":"publish","type":"post","link":"https:\/\/obispadodezaratecampana.org\/?p=15125","title":{"rendered":"8 septiembre misa diocesana para Consagradas y Religiosos &#8211; 19 hs Catedral Santa Florentina"},"content":{"rendered":"<p style=\"text-align: center;\"><span style=\"color: #003366;\"><a href=\"http:\/\/obispadodezaratecampana.org\/wp-content\/uploads\/2018\/08\/Consagrados.jpg\"><span style=\"color: #003366;\"><img fetchpriority=\"high\" decoding=\"async\" class=\"alignnone size-medium wp-image-15126\" src=\"http:\/\/obispadodezaratecampana.org\/wp-content\/uploads\/2018\/08\/Consagrados-300x225.jpg\" alt=\"Consagrados\" width=\"300\" height=\"225\" srcset=\"https:\/\/obispadodezaratecampana.org\/wp-content\/uploads\/2018\/08\/Consagrados-300x225.jpg 300w, https:\/\/obispadodezaratecampana.org\/wp-content\/uploads\/2018\/08\/Consagrados.jpg 960w\" sizes=\"(max-width: 300px) 100vw, 300px\" \/><\/span><\/a><\/span><\/p>\n<p style=\"text-align: center;\">\n<p style=\"text-align: center;\"><span style=\"color: #000080;\"><em>Descargar la imagen desde este enlace:\u00a0<a title=\"consagradas\" href=\"https:\/\/drive.google.com\/file\/d\/1Li-3dRMw7ZdrC_VgXDy8tsfTb3o6zx2u\/view?usp=sharing\" target=\"_blank\">https:\/\/drive.google.com\/file\/d\/1Li-3dRMw7ZdrC_VgXDy8tsfTb3o6zx2u\/view?usp=sharing<\/a><\/em><\/span><\/p>\n<p style=\"text-align: center;\"><strong><span style=\"color: #003366;\">\u201cSALGAMOS A PRISA AL ENCUENTRO DE LA VIDA QUE CLAMA\u201d<\/span><\/strong><\/p>\n<p><span style=\"color: #003366;\">Queridas Religiosas, V\u00edrgenes Consagradas y Religiosos:<\/span><\/p>\n<p style=\"text-align: justify;\"><span style=\"color: #003366;\">Luego del intenso debate sobre el aborto en el que nuestra sociedad ha estado envuelta en estos meses queremos seguir testimoniando <\/span><br \/>\n<span style=\"color: #003366;\">el lema con el que la Confar nos ha motivado a transitar este a\u00f1o: \u201cSalgamos al encuentro de la Vida que clama\u201d. <\/span><br \/>\n<span style=\"color: #003366;\">Como Mar\u00eda queremos seguir visitando y visit\u00e1ndonos para permanecer a la escucha de los clamores que brotan en el interior de nuestras <\/span><br \/>\n<span style=\"color: #003366;\">comunidades y de la vida de nuestro pueblo, junto a quien queremos permanecer y cuya suerte queremos compartir.<\/span><br \/>\n<span style=\"color: #003366;\">Hace unas semanas he sido designado como Delegado Episcopal para la Vida Consagrada de la di\u00f3cesis de Z\u00e1rate &#8211; Campana. He aceptado esta tarea con la intenci\u00f3n de poder colaborar en el servicio y animaci\u00f3n de nuestras comunidades para fortalecer los lazos de fraternidad que ya nos unen.<\/span><br \/>\n<span style=\"color: #003366;\">Espero contar con la colaboraci\u00f3n de todos ustedes.<\/span><br \/>\n<span style=\"color: #003366;\">En esta ocasi\u00f3n les escribo para transmitirles la invitaci\u00f3n de nuestro Obispo Monse\u00f1or <\/span><br \/>\n<span style=\"color: #003366;\">Pedro M. Laxague a celebrar juntos la Santa Misa que \u00e9l mismo presidir\u00e1 en el marco de la Jornada Nacional de la Vida Consagrada, el pr\u00f3ximo s\u00e1bado 8 de septiembre (Natividad de la Virgen Mar\u00eda), a las 19.00 hs, en la Catedral Santa Florentina (Campana). <\/span><\/p>\n<p style=\"text-align: justify;\"><span style=\"color: #003366;\">A continuaci\u00f3n compartiremos un \u00e1gape fraterno.<\/span><\/p>\n<p><span style=\"color: #003366;\">Los esperamos.<\/span><br \/>\n<span style=\"color: #003366;\">Pbro. Giovanni Guarino rcj<\/span><br \/>\n<span style=\"color: #003366;\">Delegado Episcopal para la Vida Consagrada<\/span><\/p>\n<p>&nbsp;<\/p>\n<!-- AddThis Advanced Settings generic via filter on the_content --><!-- AddThis Share Buttons generic via filter on the_content -->","protected":false},"excerpt":{"rendered":"<p>Descargar la imagen desde este enlace:\u00a0https:\/\/drive.google.com\/file\/d\/1Li-3dRMw7ZdrC_VgXDy8tsfTb3o6zx2u\/view?usp=sharing \u201cSALGAMOS A PRISA AL ENCUENTRO DE LA VIDA QUE CLAMA\u201d Queridas Religiosas, V\u00edrgenes Consagradas y Religiosos: Luego del intenso [&hellip;]<!-- AddThis Advanced Settings generic via filter on get_the_excerpt --><!-- AddThis Share Buttons generic via filter on get_the_excerpt --><\/p>\n","protected":false},"author":2,"featured_media":15126,"comment_status":"open","ping_status":"open","sticky":false,"template":"","format":"standard","meta":{"footnotes":""},"categories":[5,1],"tags":[],"class_list":["post-15125","post","type-post","status-publish","format-standard","has-post-thumbnail","hentry","category-generales","category-noticiasdiocesanas"],"_links":{"self":[{"href":"https:\/\/obispadodezaratecampana.org\/index.php?rest_route=\/wp\/v2\/posts\/15125","targetHints":{"allow":["GET"]}}],"collection":[{"href":"https:\/\/obispadodezaratecampana.org\/index.php?rest_route=\/wp\/v2\/posts"}],"about":[{"href":"https:\/\/obispadodezaratecampana.org\/index.php?rest_route=\/wp\/v2\/types\/post"}],"author":[{"embeddable":true,"href":"https:\/\/obispadodezaratecampana.org\/index.php?rest_route=\/wp\/v2\/users\/2"}],"replies":[{"embeddable":true,"href":"https:\/\/obispadodezaratecampana.org\/index.php?rest_route=%2Fwp%2Fv2%2Fcomments&post=15125"}],"version-history":[{"count":3,"href":"https:\/\/obispadodezaratecampana.org\/index.php?rest_route=\/wp\/v2\/posts\/15125\/revisions"}],"predecessor-version":[{"id":15129,"href":"https:\/\/obispadodezaratecampana.org\/index.php?rest_route=\/wp\/v2\/posts\/15125\/revisions\/15129"}],"wp:featuredmedia":[{"embeddable":true,"href":"https:\/\/obispadodezaratecampana.org\/index.php?rest_route=\/wp\/v2\/media\/15126"}],"wp:attachment":[{"href":"https:\/\/obispadodezaratecampana.org\/index.php?rest_route=%2Fwp%2Fv2%2Fmedia&parent=15125"}],"wp:term":[{"taxonomy":"category","embeddable":true,"href":"https:\/\/obispadodezaratecampana.org\/index.php?rest_route=%2Fwp%2Fv2%2Fcategories&post=15125"},{"taxonomy":"post_tag","embeddable":true,"href":"https:\/\/obispadodezaratecampana.org\/index.php?rest_route=%2Fwp%2Fv2%2Ftags&post=15125"}],"curies":[{"name":"wp","href":"https:\/\/api.w.org\/{rel}","templated":true}]}}