{"id":15119,"date":"2018-08-24T15:28:58","date_gmt":"2018-08-24T18:28:58","guid":{"rendered":"http:\/\/obispadodezaratecampana.org\/?p=15119"},"modified":"2018-08-24T15:28:58","modified_gmt":"2018-08-24T18:28:58","slug":"informe-de-prensa-180-comision-permanente-21-23-de-agosto-de-2018","status":"publish","type":"post","link":"https:\/\/obispadodezaratecampana.org\/?p=15119","title":{"rendered":"Informe de Prensa: 180\u00b0 Comisi\u00f3n Permanente  21-23 de agosto de 2018"},"content":{"rendered":"<p style=\"text-align: center;\"><span style=\"color: rgb(153, 51, 102);\"><strong>Informe de Prensa: 180\u00b0 Comisi\u00f3n Permanente <\/strong><\/span><\/p>\n<p style=\"text-align: center;\"><span style=\"color: rgb(153, 51, 102);\"><strong>21-23 de agosto de 2018<\/strong><\/span><\/p>\n<p style=\"text-align: center;\"><a href=\"http:\/\/obispadodezaratecampana.org\/wp-content\/uploads\/2018\/08\/39745159_1910772432338350_7691434004976762880_o.jpg\"><img fetchpriority=\"high\" decoding=\"async\" class=\"alignnone size-medium wp-image-15120\" src=\"http:\/\/obispadodezaratecampana.org\/wp-content\/uploads\/2018\/08\/39745159_1910772432338350_7691434004976762880_o-300x199.jpg\" alt=\"39745159_1910772432338350_7691434004976762880_o\" width=\"300\" height=\"199\" srcset=\"https:\/\/obispadodezaratecampana.org\/wp-content\/uploads\/2018\/08\/39745159_1910772432338350_7691434004976762880_o-300x199.jpg 300w, https:\/\/obispadodezaratecampana.org\/wp-content\/uploads\/2018\/08\/39745159_1910772432338350_7691434004976762880_o-1024x682.jpg 1024w, https:\/\/obispadodezaratecampana.org\/wp-content\/uploads\/2018\/08\/39745159_1910772432338350_7691434004976762880_o.jpg 1772w\" sizes=\"(max-width: 300px) 100vw, 300px\" \/><\/a><\/p>\n<p style=\"text-align: justify;\"><span style=\"color: rgb(153, 51, 102);\">Finaliz\u00f3 la 180\u00b0 Reuni\u00f3n de la Comisi\u00f3n Permanente de la Conferencia Episcopal Argentina.<\/span><\/p>\n<p style=\"text-align: justify;\"><span style=\"color: rgb(153, 51, 102);\">La reuni\u00f3n fue presidida por Monse\u00f1or Oscar Ojea, Presidente del Episcopado, junto a la Comisi\u00f3n Ejecutiva. Estuvieron presentes los obispos Presidentes de las Comisiones Episcopales y Delegados de las regiones pastorales. En la ma\u00f1ana del martes 21 particip\u00f3 de las sesiones el Sr. Nuncio Apost\u00f3lico, Mons. Le\u00f3n Kalenga Badikebele.<\/span><\/p>\n<p style=\"text-align: justify;\"><span style=\"color: rgb(153, 51, 102);\">Los obispos tuvieron el habitual intercambio pastoral donde abordaron distintos temas: La Pastoral al servicio de la Vida, los desaf\u00edos que surgen para la Evangelizaci\u00f3n y la delicada situaci\u00f3n socio-econ\u00f3mica expresada por los obispos de las distintas di\u00f3cesis y regiones del pa\u00eds. Continuaron tambi\u00e9n la reflexi\u00f3n sobre los avances y perspectivas del camino sinodal.<\/span><\/p>\n<p style=\"text-align: justify;\"><span style=\"color: rgb(153, 51, 102);\">Al finalizar el primer d\u00eda de sesiones, dieron a conocer una carta enviada al Administrador Diocesano de la Rioja, Presb\u00edtero Roberto Enrique Queirolo, con motivo de la inminente Beatificaci\u00f3n de Monse\u00f1or Enrique Angelelli, los sacerdotes Carlos Murias y Gabriel Longueville y el laico Wenceslao Pedernera. En la misma los miembros de la Comisi\u00f3n Permanente manifestaron la necesidad de tener como modelos de personas a estos reconocidos m\u00e1rtires, \u201cque saben darlo todo en la lucha por los derechos de los m\u00e1s desprotegidos y al mismo tiempo son capaces de promover la comuni\u00f3n y la paz\u201d.<\/span><\/p>\n<p style=\"text-align: justify;\"><span style=\"color: rgb(153, 51, 102);\">En la tarde del martes los obispos recibieron un informe de la comisi\u00f3n integrada por la Jefatura de Gabinete del Gobierno Nacional, la Secretar\u00eda de Culto y la Conferencia Episcopal Argentina, que est\u00e1 analizando nuevas alternativas al actual sistema de sostenimiento del Culto.<\/span><\/p>\n<p style=\"text-align: justify;\"><span style=\"color: rgb(153, 51, 102);\">Se acord\u00f3 seguir profundizando dichas alternativas y estudiar propuestas, con el fin de ir resignando de manera gradual, las asignaciones que reciben los obispos de parte del Estado Nacional.<\/span><\/p>\n<p style=\"text-align: justify;\"><span style=\"color: rgb(153, 51, 102);\">Del mismo modo, el d\u00eda mi\u00e9rcoles trabajaron el temario y din\u00e1mica de la pr\u00f3xima Asamblea Plenaria a realizarse en el mes de noviembre.<\/span><\/p>\n<p style=\"text-align: justify;\"><span style=\"color: rgb(153, 51, 102);\">En el marco de la reuni\u00f3n se realizaron votaciones de secretarios ejecutivos y miembros de comisiones episcopales. Fueron designados:<\/span><\/p>\n<p style=\"text-align: justify;\"><span style=\"color: rgb(153, 51, 102);\">. Licenciada Marcela Villares, en la Comisi\u00f3n Episcopal de Pastoral de Migrantes e Itinerantes.<\/span><\/p>\n<p style=\"text-align: justify;\"><span style=\"color: rgb(153, 51, 102);\">. Presb\u00edtero Carlos Osvaldo Paraviccini, en la Comisi\u00f3n Episcopal de Catequesis, Animaci\u00f3n y Pastoral B\u00edblica.<\/span><\/p>\n<p style=\"text-align: justify;\"><span style=\"color: rgb(153, 51, 102);\">. Mar\u00eda Florencia Marf\u00eda, en la Comisi\u00f3n Episcopal de Vida Consagrada.<\/span><\/p>\n<p style=\"text-align: justify;\"><span style=\"color: rgb(153, 51, 102);\">. Presb\u00edtero Tom\u00e1s Barbero, en la Comisi\u00f3n Episcopal de Pastoral de la Salud.<\/span><\/p>\n<p style=\"text-align: justify;\"><span style=\"color: rgb(153, 51, 102);\">. Se aprobaron los reglamentos del Secretariado Nacional para el Diaconado Permanente y el Secretariado Nacional para la Formaci\u00f3n Permanente de Presb\u00edteros.<\/span><\/p>\n<p style=\"text-align: justify;\"><span style=\"color: rgb(153, 51, 102);\">. Se designaron para el trineo 2017 &#8211; 2020 al Diacono Wenceslao G\u00f3mez Caride como Secretario Adjunto de la Comisi\u00f3n Episcopal de Ministerios para la Sub-Comisi\u00f3n de Diaconado.<\/span><\/p>\n<p style=\"text-align: justify;\"><span style=\"color: rgb(153, 51, 102);\">. Se nombraron como peritos para el Secretariado Nacional para la Formaci\u00f3n Permanente a los presb\u00edteros Jorge Pelizardi y Jos\u00e9 Mar\u00eda Recondo.<\/span><\/p>\n<p style=\"text-align: justify;\"><span style=\"color: rgb(153, 51, 102);\">A propuesta de la Comisi\u00f3n Episcopal de Pastoral Social se designaron los integrantes de la Comisi\u00f3n Nacional de Justicia y Paz hasta finalizar el presenten trineo 2017 \u2013 2020. Presidente Ingeniero Emilio Inzaurraga.<\/span><\/p>\n<p style=\"text-align: justify;\"><span style=\"color: rgb(153, 51, 102);\">Damos gracias a Dios por estos d\u00edas de fecundo trabajo y pedimos a Nuestra Se\u00f1ora de Luj\u00e1n que renueve y fortalezca la acci\u00f3n evangelizadora de cada Di\u00f3cesis en la Argentina.<\/span><\/p>\n<p style=\"text-align: center;\"><span style=\"color: rgb(153, 51, 102);\">Presb\u00edtero M\u00e1ximo Jurcinovic<\/span><br \/>\n<span style=\"color: rgb(153, 51, 102);\">Responsable de la Oficina de Prensa<\/span><br \/>\n<span style=\"color: rgb(153, 51, 102);\">Conferencia Episcopal Argentina<\/span><\/p>\n<p style=\"text-align: center;\">\n<p style=\"text-align: justify;\"><span style=\"color: rgb(102, 102, 153);\"><em><strong>Carta al Papa Francisco<\/strong><\/em><\/span><\/p>\n<p style=\"text-align: justify;\"><span style=\"color: rgb(102, 102, 153);\"><em>Prot. CEA N\u00ba 234\/2018<\/em><\/span><\/p>\n<p style=\"text-align: justify;\"><span style=\"color: rgb(102, 102, 153);\"><em>Buenos Aires, 22 de agosto de 2018<\/em><\/span><\/p>\n<p style=\"text-align: justify;\"><span style=\"color: rgb(102, 102, 153);\"><em>Querid\u00edsimo Padre:<\/em><\/span><\/p>\n<p style=\"text-align: justify;\"><span style=\"color: rgb(102, 102, 153);\"><em>Los obispos que integramos la Comisi\u00f3n Permanente de la Conferencia Episcopal Argentina, en su 180\u00aa reuni\u00f3n deseamos hacerle llegar junto al saludo afectuoso, nuestra cercan\u00eda fraterna.<\/em><\/span><\/p>\n<p style=\"text-align: justify;\"><span style=\"color: rgb(102, 102, 153);\"><em>Asimismo queremos agradecerle su reciente \u201cCarta al Pueblo de Dios\u201d del pasado 20 de agosto, en donde con sentidas palabras expresa el dolor y la verg\u00fcenza de toda la Iglesia y suyo propio por el sufrimiento causado a menores y adultos vulnerables por los abusos sexuales, de poder y de conciencia cometidos por un notable n\u00famero de cl\u00e9rigos y personas consagradas.<\/em><\/span><\/p>\n<p style=\"text-align: justify;\"><span style=\"color: rgb(102, 102, 153);\"><em>Adherimos y asumimos su irrevocable compromiso para que se asegure la protecci\u00f3n de menores y adultos en situaci\u00f3n de vulnerabilidad.<\/em><\/span><\/p>\n<p style=\"text-align: justify;\"><span style=\"color: rgb(102, 102, 153);\"><em>Muy unidos a su ministerio, signo de la caridad de Cristo, buen Pastor, le deseamos la bendici\u00f3n del Se\u00f1or por intercesi\u00f3n de su Madre Sant\u00edsima, nuestra Se\u00f1ora de Luj\u00e1n.<\/em><\/span><\/p>\n<p style=\"text-align: justify;\"><span style=\"color: rgb(102, 102, 153);\"><em>+Oscar V. Ojea<\/em><\/span><br \/>\n<span style=\"color: rgb(102, 102, 153);\"><em>Obispo de San Isidro<\/em><\/span><br \/>\n<span style=\"color: rgb(102, 102, 153);\"><em>Presidente de la C.E.A.<\/em><\/span><\/p>\n<p style=\"text-align: justify;\"><span style=\"color: rgb(102, 102, 153);\"><em>+ Carlos H. Malfa<\/em><\/span><br \/>\n<span style=\"color: rgb(102, 102, 153);\"><em>Obispo de Chascom\u00fas<\/em><\/span><br \/>\n<span style=\"color: rgb(102, 102, 153);\"><em>Secretario General de la C.E.A.<\/em><\/span><\/p>\n<p style=\"text-align: justify;\"><span style=\"color: rgb(102, 102, 153);\"><em>_________________________<\/em><\/span><\/p>\n<p style=\"text-align: justify;\"><span style=\"color: rgb(102, 102, 153);\"><em>A Su Santidad<\/em><\/span><br \/>\n<span style=\"color: rgb(102, 102, 153);\"><em>Papa Francisco<\/em><\/span><br \/>\n<span style=\"color: rgb(102, 102, 153);\"><em>Ciudad del Vaticano<\/em><\/span><\/p>\n<p style=\"text-align: justify;\">\n<p style=\"text-align: justify;\"><span style=\"color: #000080;\"><strong>Carta al Se\u00f1or Administrador Diocesano de\u00a0La Rioja<\/strong><\/span><\/p>\n<p style=\"font-weight: 400; text-align: justify;\"><span style=\"color: #000080;\">Se\u00f1or Administrador Diocesano de\u00a0La Rioja<\/span><br \/>\n<span style=\"color: #000080;\">Pbro. Lic. Roberto Enrique Queirolo<\/span><br \/>\n<span style=\"color: #000080;\"><strong>&#8212;&#8212;&#8212;&#8212;&#8212;&#8212;&#8212;&#8212;&#8212;&#8212;&#8212;&#8212;&#8212;&#8212;&#8212;&#8212;<\/strong><\/span><\/p>\n<p style=\"font-weight: 400; text-align: justify;\"><span style=\"color: #000080;\"><em>Los miembros de la Comisi\u00f3n Permanente de la Conferencia Episcopal Argentina queremos expresarte nuestra alegr\u00eda por la inminente beatificaci\u00f3n de Mons. Enrique Angelelli, los sacerdotes Carlos Murias y Gabriel Longueville y el laico Wenceslao Pedernera.\u00a0<\/em><\/span><\/p>\n<p style=\"font-weight: 400; text-align: justify;\"><span style=\"color: #000080;\"><em>Eran un obispo, un religioso, un sacerdote diocesano y un padre de familia. A todos ellos les cabe lo que un antiguo cristiano escrib\u00eda sobre los primeros m\u00e1rtires: \u201cHacen el bien y se los castiga como malhechores, castigados de muerte se alegran como si se les diera la vida\u201d (Carta a Diogneto).\u00a0<\/em><\/span><\/p>\n<p style=\"font-weight: 400; text-align: justify;\"><span style=\"color: #000080;\"><em>Conocemos el rigor y la seriedad con que trabaja la Congregaci\u00f3n para la Causa de los Santos y adherimos plenamente a los frutos del proceso can\u00f3nico que concluy\u00f3 con la declaraci\u00f3n del martirio de estos hermanos nuestros.<\/em><\/span><\/p>\n<p style=\"font-weight: 400; text-align: justify;\"><span style=\"color: #000080;\"><em>El 4 de agosto de 1976, la muerte de Mons. Angelelli coron\u00f3 una vida de generosa entrega a la causa del Evangelio. Sabemos por sus \u00faltimos escritos que \u00e9l preve\u00eda este final y estaba generosamente dispuesto a entregar la vida.<\/em><\/span><\/p>\n<p style=\"font-weight: 400; text-align: justify;\"><span style=\"color: #000080;\"><em>Hoy necesitamos estos modelos de personas que saben darlo todo en la lucha por los derechos de los m\u00e1s desprotegidos y al mismo tiempo son capaces de promover la comuni\u00f3n y la paz.<\/em><\/span><\/p>\n<p style=\"font-weight: 400; text-align: justify;\"><span style=\"color: #000080;\"><em>La corrupci\u00f3n pasada y presente, los crecientes sufrimientos de los m\u00e1s pobres y el recuerdo de nuestros propios errores y pecados, nos impulsan a mirar el testimonio de estos hermanos para seguir a Jesucristo con todas las consecuencias.<\/em><\/span><\/p>\n<p style=\"font-weight: 400; text-align: justify;\"><span style=\"color: #000080;\"><em>Recib\u00ed este saludo afectuoso, que te pedimos hagas extensivo a toda la Iglesia que peregrina en La Rioja.<\/em><\/span><\/p>\n<p style=\"font-weight: 400; text-align: justify;\"><span style=\"color: #000080;\"><em>\u00a0 \u00a0 \u00a0 \u00a0<\/em><\/span><\/p>\n<p style=\"font-weight: 400; text-align: justify;\"><span style=\"color: #000080;\"><em>\u00a0 \u00a0 \u00a0 \u00a0Buenos Aires, 21 de agosto de 2018<\/em><\/span><\/p>\n<!-- AddThis Advanced Settings generic via filter on the_content --><!-- AddThis Share Buttons generic via filter on the_content -->","protected":false},"excerpt":{"rendered":"<p>Informe de Prensa: 180\u00b0 Comisi\u00f3n Permanente 21-23 de agosto de 2018 Finaliz\u00f3 la 180\u00b0 Reuni\u00f3n de la Comisi\u00f3n Permanente de la Conferencia Episcopal Argentina. La [&hellip;]<!-- AddThis Advanced Settings generic via filter on get_the_excerpt --><!-- AddThis Share Buttons generic via filter on get_the_excerpt --><\/p>\n","protected":false},"author":2,"featured_media":15120,"comment_status":"open","ping_status":"open","sticky":false,"template":"","format":"standard","meta":{"footnotes":""},"categories":[5,1],"tags":[],"class_list":["post-15119","post","type-post","status-publish","format-standard","has-post-thumbnail","hentry","category-generales","category-noticiasdiocesanas"],"_links":{"self":[{"href":"https:\/\/obispadodezaratecampana.org\/index.php?rest_route=\/wp\/v2\/posts\/15119","targetHints":{"allow":["GET"]}}],"collection":[{"href":"https:\/\/obispadodezaratecampana.org\/index.php?rest_route=\/wp\/v2\/posts"}],"about":[{"href":"https:\/\/obispadodezaratecampana.org\/index.php?rest_route=\/wp\/v2\/types\/post"}],"author":[{"embeddable":true,"href":"https:\/\/obispadodezaratecampana.org\/index.php?rest_route=\/wp\/v2\/users\/2"}],"replies":[{"embeddable":true,"href":"https:\/\/obispadodezaratecampana.org\/index.php?rest_route=%2Fwp%2Fv2%2Fcomments&post=15119"}],"version-history":[{"count":1,"href":"https:\/\/obispadodezaratecampana.org\/index.php?rest_route=\/wp\/v2\/posts\/15119\/revisions"}],"predecessor-version":[{"id":15121,"href":"https:\/\/obispadodezaratecampana.org\/index.php?rest_route=\/wp\/v2\/posts\/15119\/revisions\/15121"}],"wp:featuredmedia":[{"embeddable":true,"href":"https:\/\/obispadodezaratecampana.org\/index.php?rest_route=\/wp\/v2\/media\/15120"}],"wp:attachment":[{"href":"https:\/\/obispadodezaratecampana.org\/index.php?rest_route=%2Fwp%2Fv2%2Fmedia&parent=15119"}],"wp:term":[{"taxonomy":"category","embeddable":true,"href":"https:\/\/obispadodezaratecampana.org\/index.php?rest_route=%2Fwp%2Fv2%2Fcategories&post=15119"},{"taxonomy":"post_tag","embeddable":true,"href":"https:\/\/obispadodezaratecampana.org\/index.php?rest_route=%2Fwp%2Fv2%2Ftags&post=15119"}],"curies":[{"name":"wp","href":"https:\/\/api.w.org\/{rel}","templated":true}]}}