{"id":15110,"date":"2018-08-22T15:17:11","date_gmt":"2018-08-22T18:17:11","guid":{"rendered":"http:\/\/obispadodezaratecampana.org\/?p=15110"},"modified":"2018-08-22T15:20:05","modified_gmt":"2018-08-22T18:20:05","slug":"invitacion-para-los-universitarios-que-estan-en-caba","status":"publish","type":"post","link":"https:\/\/obispadodezaratecampana.org\/?p=15110","title":{"rendered":"Invitaci\u00f3n para los Universitarios que est\u00e1n en CABA"},"content":{"rendered":"<h3 class=\"text_exposed_root text_exposed\" style=\"text-align: justify;\"><span style=\"color: #993366;\">\u00a0 \u00a0 \u00a0 \u00a0 \u00a0 \u00a0 \u00a0 \u00a0 \u00a0\u00a1J\u00f3venes universitarios de la Di\u00f3cesis!<\/span><\/h3>\n<p><span style=\"color: #993366;\">Cada dos semanas nos juntamos en Capital Federal a compartir la fe, formarnos y crecer en amistad con Jes\u00fas!<\/span><\/p>\n<p><span style=\"color: #993366;\">Todos aquellos que quieran sumarse est\u00e1n invitados al pr\u00f3ximo encuentro, este martes 21 en la parroquia Nuestra Se\u00f1ora de Loreto (Cnel D\u00edaz y Juncal) a las 19:45hs.\u00a0<\/span><\/p>\n<p><span style=\"color: #800080;\"><em>Para saber m\u00e1s contactarse con Mat\u00edas Pigretti:<\/em><\/span><br \/>\n<span style=\"color: #800080;\"><em> Instagram: @matupigretti<\/em><\/span><br \/>\n<span style=\"color: #800080;\"><em> Celular: 2326 40 5224<\/em><\/span><\/p>\n<p><a class=\"_58cn\" style=\"color: #365899;\" href=\"https:\/\/www.facebook.com\/hashtag\/j%C3%B3veneszc\" data-ft=\"{&quot;tn&quot;:&quot;*N&quot;,&quot;type&quot;:104}\"><span style=\"color: #993366;\">#j\u00f3venesZC<\/span><\/a>\u00a0<a class=\"_58cn\" style=\"color: #365899;\" href=\"https:\/\/www.facebook.com\/hashtag\/universitarioszc\" data-ft=\"{&quot;tn&quot;:&quot;*N&quot;,&quot;type&quot;:104}\"><span style=\"color: #993366;\">#universitariosZC<\/span><\/a>\u00a0<a class=\"_58cn\" style=\"color: #365899;\" href=\"https:\/\/www.facebook.com\/hashtag\/iglesiajoven\" data-ft=\"{&quot;tn&quot;:&quot;*N&quot;,&quot;type&quot;:104}\"><span style=\"color: #993366;\">#IglesiaJoven<\/span><\/a><a class=\"_58cn\" style=\"color: #365899;\" href=\"https:\/\/www.facebook.com\/hashtag\/amigosenlafe\" data-ft=\"{&quot;tn&quot;:&quot;*N&quot;,&quot;type&quot;:104}\"><span style=\"color: #993366;\">#AmigosenlaFe<\/span><\/a>\u00a0<span class=\"_5mfr _47e3\"><img decoding=\"async\" class=\"img\" src=\"https:\/\/static.xx.fbcdn.net\/images\/emoji.php\/v9\/f7c\/1\/16\/1f64f_1f3fc.png\" alt=\"\" width=\"16\" height=\"16\" \/><\/span><span class=\"_5mfr _47e3\"><img decoding=\"async\" class=\"img\" src=\"https:\/\/static.xx.fbcdn.net\/images\/emoji.php\/v9\/fe5\/1\/16\/1f492.png\" alt=\"\" width=\"16\" height=\"16\" \/><\/span>\u00a0<span class=\"_5mfr _47e3\"><img decoding=\"async\" class=\"img\" src=\"https:\/\/static.xx.fbcdn.net\/images\/emoji.php\/v9\/f51\/1\/16\/1f603.png\" alt=\"\" width=\"16\" height=\"16\" \/><\/span><span class=\"_5mfr _47e3\"><img loading=\"lazy\" decoding=\"async\" class=\"img\" src=\"https:\/\/static.xx.fbcdn.net\/images\/emoji.php\/v9\/f39\/1\/16\/1f64c_1f3fc.png\" alt=\"\" width=\"16\" height=\"16\" \/><\/span><\/p>\n<p style=\"text-align: center;\"><a href=\"http:\/\/obispadodezaratecampana.org\/wp-content\/uploads\/2018\/08\/39514938_870184369845955_7364764186921926656_n.jpg\"><img loading=\"lazy\" decoding=\"async\" class=\"alignnone size-medium wp-image-15111\" src=\"http:\/\/obispadodezaratecampana.org\/wp-content\/uploads\/2018\/08\/39514938_870184369845955_7364764186921926656_n-300x300.jpg\" alt=\"39514938_870184369845955_7364764186921926656_n\" width=\"300\" height=\"300\" srcset=\"https:\/\/obispadodezaratecampana.org\/wp-content\/uploads\/2018\/08\/39514938_870184369845955_7364764186921926656_n-300x300.jpg 300w, https:\/\/obispadodezaratecampana.org\/wp-content\/uploads\/2018\/08\/39514938_870184369845955_7364764186921926656_n-150x150.jpg 150w, https:\/\/obispadodezaratecampana.org\/wp-content\/uploads\/2018\/08\/39514938_870184369845955_7364764186921926656_n.jpg 960w\" sizes=\"(max-width: 300px) 100vw, 300px\" \/><\/a><\/p>\n<p style=\"text-align: justify;\">\n<!-- AddThis Advanced Settings generic via filter on the_content --><!-- AddThis Share Buttons generic via filter on the_content -->","protected":false},"excerpt":{"rendered":"<p>\u00a0 \u00a0 \u00a0 \u00a0 \u00a0 \u00a0 \u00a0 \u00a0 \u00a0\u00a1J\u00f3venes universitarios de la Di\u00f3cesis! Cada dos semanas nos juntamos en Capital Federal a compartir la fe, [&hellip;]<!-- AddThis Advanced Settings generic via filter on get_the_excerpt --><!-- AddThis Share Buttons generic via filter on get_the_excerpt --><\/p>\n","protected":false},"author":2,"featured_media":15111,"comment_status":"open","ping_status":"open","sticky":false,"template":"","format":"standard","meta":{"footnotes":""},"categories":[4,1],"tags":[],"class_list":["post-15110","post","type-post","status-publish","format-standard","has-post-thumbnail","hentry","category-movimientosinstituciones","category-noticiasdiocesanas"],"_links":{"self":[{"href":"https:\/\/obispadodezaratecampana.org\/index.php?rest_route=\/wp\/v2\/posts\/15110","targetHints":{"allow":["GET"]}}],"collection":[{"href":"https:\/\/obispadodezaratecampana.org\/index.php?rest_route=\/wp\/v2\/posts"}],"about":[{"href":"https:\/\/obispadodezaratecampana.org\/index.php?rest_route=\/wp\/v2\/types\/post"}],"author":[{"embeddable":true,"href":"https:\/\/obispadodezaratecampana.org\/index.php?rest_route=\/wp\/v2\/users\/2"}],"replies":[{"embeddable":true,"href":"https:\/\/obispadodezaratecampana.org\/index.php?rest_route=%2Fwp%2Fv2%2Fcomments&post=15110"}],"version-history":[{"count":3,"href":"https:\/\/obispadodezaratecampana.org\/index.php?rest_route=\/wp\/v2\/posts\/15110\/revisions"}],"predecessor-version":[{"id":15114,"href":"https:\/\/obispadodezaratecampana.org\/index.php?rest_route=\/wp\/v2\/posts\/15110\/revisions\/15114"}],"wp:featuredmedia":[{"embeddable":true,"href":"https:\/\/obispadodezaratecampana.org\/index.php?rest_route=\/wp\/v2\/media\/15111"}],"wp:attachment":[{"href":"https:\/\/obispadodezaratecampana.org\/index.php?rest_route=%2Fwp%2Fv2%2Fmedia&parent=15110"}],"wp:term":[{"taxonomy":"category","embeddable":true,"href":"https:\/\/obispadodezaratecampana.org\/index.php?rest_route=%2Fwp%2Fv2%2Fcategories&post=15110"},{"taxonomy":"post_tag","embeddable":true,"href":"https:\/\/obispadodezaratecampana.org\/index.php?rest_route=%2Fwp%2Fv2%2Ftags&post=15110"}],"curies":[{"name":"wp","href":"https:\/\/api.w.org\/{rel}","templated":true}]}}