{"id":15091,"date":"2018-08-22T14:44:31","date_gmt":"2018-08-22T17:44:31","guid":{"rendered":"http:\/\/obispadodezaratecampana.org\/?p=15091"},"modified":"2018-08-22T14:44:31","modified_gmt":"2018-08-22T17:44:31","slug":"dia-del-catequista-saludos-del-pbro-fernando-crevatin","status":"publish","type":"post","link":"https:\/\/obispadodezaratecampana.org\/?p=15091","title":{"rendered":"D\u00eda del Catequista: Saludos del Pbro. Fernando Crevat\u00edn"},"content":{"rendered":"<p style=\"text-align: center;\">\n<p style=\"text-align: center;\"><a href=\"http:\/\/obispadodezaratecampana.org\/wp-content\/uploads\/2018\/08\/Delegado-Diocesano-Catequesis-ZC.jpg\"><img fetchpriority=\"high\" decoding=\"async\" class=\"alignnone size-medium wp-image-15092\" src=\"http:\/\/obispadodezaratecampana.org\/wp-content\/uploads\/2018\/08\/Delegado-Diocesano-Catequesis-ZC-300x168.jpg\" alt=\"Delegado Diocesano Catequesis ZC\" width=\"300\" height=\"168\" srcset=\"https:\/\/obispadodezaratecampana.org\/wp-content\/uploads\/2018\/08\/Delegado-Diocesano-Catequesis-ZC-300x168.jpg 300w, https:\/\/obispadodezaratecampana.org\/wp-content\/uploads\/2018\/08\/Delegado-Diocesano-Catequesis-ZC-1024x576.jpg 1024w, https:\/\/obispadodezaratecampana.org\/wp-content\/uploads\/2018\/08\/Delegado-Diocesano-Catequesis-ZC.jpg 1280w\" sizes=\"(max-width: 300px) 100vw, 300px\" \/><\/a><\/p>\n<p style=\"text-align: justify;\"><span style=\"color: #ff0000;\"><em>\u201cEl coraz\u00f3n del catequista vive siempre este movimiento de \u201cs\u00edstole y di\u00e1stole\u201d: uni\u00f3n con Jes\u00fas y encuentro con el otro. \u00a0Son las dos cosas: me une a Jes\u00fas y salgo al encuentro con los otros. Si falta uno de estos dos movimientos, ya no late, no puede vivir. Recibe el don del Kerigma, y a su vez lo ofrece como don \u201c<\/em>\u00a0 \u00a0<em>Papa Francisco<\/em><\/span><\/p>\n<p style=\"text-align: justify;\"><span style=\"color: #000080;\">Queridos Catequistas:<\/span><\/p>\n<p style=\"text-align: justify;\"><span style=\"color: #000080;\">Estar con Jes\u00fas y salir al mundo para anunciarlo. Esa es nuestra misi\u00f3n. Que el Esp\u00edritu Santo, en este tiempo de grandes desaf\u00edos, los sostenga en la alegr\u00eda de quienes anuncian la Vida.<\/span><\/p>\n<p style=\"text-align: center;\"><span style=\"color: #000080;\">Pbro. Fernando Crevat\u00edn<\/span><\/p>\n<p style=\"text-align: center;\"><span style=\"color: #000080;\">Delegado Diocesano para la Catequesis<\/span><\/p>\n<p style=\"text-align: justify;\">\n<!-- AddThis Advanced Settings generic via filter on the_content --><!-- AddThis Share Buttons generic via filter on the_content -->","protected":false},"excerpt":{"rendered":"<p>\u201cEl coraz\u00f3n del catequista vive siempre este movimiento de \u201cs\u00edstole y di\u00e1stole\u201d: uni\u00f3n con Jes\u00fas y encuentro con el otro. \u00a0Son las dos cosas: me [&hellip;]<!-- AddThis Advanced Settings generic via filter on get_the_excerpt --><!-- AddThis Share Buttons generic via filter on get_the_excerpt --><\/p>\n","protected":false},"author":2,"featured_media":15092,"comment_status":"open","ping_status":"open","sticky":false,"template":"","format":"standard","meta":{"footnotes":""},"categories":[5,4],"tags":[],"class_list":["post-15091","post","type-post","status-publish","format-standard","has-post-thumbnail","hentry","category-generales","category-movimientosinstituciones"],"_links":{"self":[{"href":"https:\/\/obispadodezaratecampana.org\/index.php?rest_route=\/wp\/v2\/posts\/15091","targetHints":{"allow":["GET"]}}],"collection":[{"href":"https:\/\/obispadodezaratecampana.org\/index.php?rest_route=\/wp\/v2\/posts"}],"about":[{"href":"https:\/\/obispadodezaratecampana.org\/index.php?rest_route=\/wp\/v2\/types\/post"}],"author":[{"embeddable":true,"href":"https:\/\/obispadodezaratecampana.org\/index.php?rest_route=\/wp\/v2\/users\/2"}],"replies":[{"embeddable":true,"href":"https:\/\/obispadodezaratecampana.org\/index.php?rest_route=%2Fwp%2Fv2%2Fcomments&post=15091"}],"version-history":[{"count":1,"href":"https:\/\/obispadodezaratecampana.org\/index.php?rest_route=\/wp\/v2\/posts\/15091\/revisions"}],"predecessor-version":[{"id":15104,"href":"https:\/\/obispadodezaratecampana.org\/index.php?rest_route=\/wp\/v2\/posts\/15091\/revisions\/15104"}],"wp:featuredmedia":[{"embeddable":true,"href":"https:\/\/obispadodezaratecampana.org\/index.php?rest_route=\/wp\/v2\/media\/15092"}],"wp:attachment":[{"href":"https:\/\/obispadodezaratecampana.org\/index.php?rest_route=%2Fwp%2Fv2%2Fmedia&parent=15091"}],"wp:term":[{"taxonomy":"category","embeddable":true,"href":"https:\/\/obispadodezaratecampana.org\/index.php?rest_route=%2Fwp%2Fv2%2Fcategories&post=15091"},{"taxonomy":"post_tag","embeddable":true,"href":"https:\/\/obispadodezaratecampana.org\/index.php?rest_route=%2Fwp%2Fv2%2Ftags&post=15091"}],"curies":[{"name":"wp","href":"https:\/\/api.w.org\/{rel}","templated":true}]}}