{"id":15078,"date":"2018-08-21T12:30:58","date_gmt":"2018-08-21T15:30:58","guid":{"rendered":"http:\/\/obispadodezaratecampana.org\/?p=15078"},"modified":"2018-08-21T12:30:58","modified_gmt":"2018-08-21T15:30:58","slug":"comunicado-de-la-comision-nacional-de-justicia-y-paz-sobre-agricultura-familiar","status":"publish","type":"post","link":"https:\/\/obispadodezaratecampana.org\/?p=15078","title":{"rendered":"Comunicado de la Comisi\u00f3n Nacional de Justicia y Paz,  sobre Agricultura Familiar"},"content":{"rendered":"<div style=\"text-align: center;\"><span style=\"color: rgb(128, 0, 0);\"><b>Comunicado de la Comisi\u00f3n Nacional de Justicia y Paz,\u00a0<\/b><\/span><\/div>\n<div style=\"text-align: center;\"><span style=\"color: rgb(128, 0, 0);\"><b>sobre Agricultura Familiar<\/b><\/span><\/div>\n<p><span style=\"color: rgb(128, 0, 0);\"><img fetchpriority=\"high\" decoding=\"async\" class=\"alignnone size-medium wp-image-15079 aligncenter\" src=\"http:\/\/obispadodezaratecampana.org\/wp-content\/uploads\/2018\/08\/unnamed-300x236.jpg\" alt=\"unnamed\" width=\"300\" height=\"236\" srcset=\"https:\/\/obispadodezaratecampana.org\/wp-content\/uploads\/2018\/08\/unnamed-300x236.jpg 300w, https:\/\/obispadodezaratecampana.org\/wp-content\/uploads\/2018\/08\/unnamed.jpg 530w\" sizes=\"(max-width: 300px) 100vw, 300px\" \/><\/span><\/p>\n<p style=\"text-align: justify;\"><span style=\"color: rgb(128, 0, 0);\">Es objetivo permanente de la Comisi\u00f3n Nacional de Justicia y Paz 1 trabajar por la superaci\u00f3n de situaciones de injusticia, especialmente las que afectan a los grupos de poblaci\u00f3n m\u00e1s vulnerables, por la paz social y el di\u00e1logo sincero como camino de encuentro. Entre otras tareas, desde hace a\u00f1os estamos en contacto con organizaciones de la agricultura familiar campesina e ind\u00edgena de todo el pa\u00eds, con agentes de pastoral que trabajan con familias campesinas, con miembros de instituciones de promoci\u00f3n y con las mismas familias. As\u00ed aprendimos a valorar los inestimables aportes de la agricultura familiar en la producci\u00f3n de alimentos, el arraigo poblacional en los territorios, el cuidado y la preservaci\u00f3n de los bienes naturales que son patrimonio de todos.<\/span><\/p>\n<p style=\"text-align: justify;\"><span style=\"color: rgb(128, 0, 0);\">Tambi\u00e9n constatamos los problemas que las aquejan y, dentro de nuestras limitadas posibilidades, procuramos aportar a su superaci\u00f3n. Con este esp\u00edritu, colaboramos con la Mesa de Di\u00e1logo de la Agricultura Familiar mientras funcion\u00f3, en el \u00e1mbito del Ministerio de Agroindustria; manifestamos ideas y sugerencias a las autoridades; promovimos encuentros entre distintos actores. Con el mismo esp\u00edritu, en los \u00faltimos meses mantuvimos varias reuniones con funcionarios de la Secretar\u00eda de Agricultura Familiar, Coordinaci\u00f3n y Desarrollo Territorial y del Ministerio de Agroindustria de la Naci\u00f3n.<\/span><\/p>\n<p style=\"text-align: justify;\"><span style=\"color: rgb(128, 0, 0);\">La impresi\u00f3n que nos llevamos de los encuentros con las autoridades fue que las pol\u00edticas de promoci\u00f3n y desarrollo de la agricultura familiar estaban aseguradas y se trabajaba por su mejoramiento. Por eso vemos ahora con preocupaci\u00f3n que los equipos t\u00e9cnicos al servicio de las familias de peque\u00f1os productores \u2013 que son esenciales para el trabajo de desarrollo y crecimiento con estas familias -, sea en los territorios o en reparticiones ligadas al sector, est\u00e9n siendo reducidos en forma dr\u00e1stica y se haya reducido el financiamiento de varios programas. La consecuencia es que las familias tendr\u00e1n a\u00fan menos cooperaci\u00f3n t\u00e9cnica y econ\u00f3mica o quedar\u00e1n totalmente desguarnecidas. Tambi\u00e9n nos preocupa que los canales institucionales de di\u00e1logo se hayan debilitado, que la reglamentaci\u00f3n de la ley 27118 de agricultura familiar, que podr\u00eda aportar algunas soluciones, est\u00e9 tan demorada.<\/span><\/p>\n<p style=\"text-align: justify;\"><span style=\"color: rgb(128, 0, 0);\">Como lo hemos mantenido siempre, en aquellas coyunturas que exijan restricciones, los costos econ\u00f3micos y sociales no deben recaer sobre los d\u00e9biles. Por el contrario, en momentos de dificultades, son quienes necesitan mayor protecci\u00f3n y apoyo.<\/span><\/p>\n<p style=\"text-align: justify;\"><span style=\"color: rgb(128, 0, 0);\">Hacemos p\u00fablica estas preocupaciones que ya manifestamos en privado a las autoridades, esperando que se arbitren alternativas de soluciones concretas para el desarrollo integral de la agricultura familiar, privilegiando el bien com\u00fan y el di\u00e1logo conducente a alcanzarlo, acordes con los tiempos, las urgencias y el deterioro que se est\u00e1 dando en las econom\u00edas locales, con el riesgo de que los problemas se agraven y se pierda lo logrado. Todos estamos invitados a \u201cno amar de palabras sino con obras\u201d2.<\/span><\/p>\n<p style=\"text-align: justify;\"><span style=\"color: rgb(128, 0, 0);\">Buenos Aires, 17 de agosto de 2018<\/span><\/p>\n<p style=\"text-align: justify;\"><span style=\"color: rgb(128, 0, 0);\">1 La Comisi\u00f3n Nacional de Justicia y Paz en un organismo de la Conferencia Episcopal Argentina<\/span><br \/>\n<span style=\"color: rgb(128, 0, 0);\">2 Cfr. 1 Jn 3,18<\/span><\/p>\n<!-- AddThis Advanced Settings generic via filter on the_content --><!-- AddThis Share Buttons generic via filter on the_content -->","protected":false},"excerpt":{"rendered":"<p>Comunicado de la Comisi\u00f3n Nacional de Justicia y Paz,\u00a0 sobre Agricultura Familiar Es objetivo permanente de la Comisi\u00f3n Nacional de Justicia y Paz 1 trabajar [&hellip;]<!-- AddThis Advanced Settings generic via filter on get_the_excerpt --><!-- AddThis Share Buttons generic via filter on get_the_excerpt --><\/p>\n","protected":false},"author":2,"featured_media":15079,"comment_status":"open","ping_status":"open","sticky":false,"template":"","format":"standard","meta":{"footnotes":""},"categories":[4,1],"tags":[],"class_list":["post-15078","post","type-post","status-publish","format-standard","has-post-thumbnail","hentry","category-movimientosinstituciones","category-noticiasdiocesanas"],"_links":{"self":[{"href":"https:\/\/obispadodezaratecampana.org\/index.php?rest_route=\/wp\/v2\/posts\/15078","targetHints":{"allow":["GET"]}}],"collection":[{"href":"https:\/\/obispadodezaratecampana.org\/index.php?rest_route=\/wp\/v2\/posts"}],"about":[{"href":"https:\/\/obispadodezaratecampana.org\/index.php?rest_route=\/wp\/v2\/types\/post"}],"author":[{"embeddable":true,"href":"https:\/\/obispadodezaratecampana.org\/index.php?rest_route=\/wp\/v2\/users\/2"}],"replies":[{"embeddable":true,"href":"https:\/\/obispadodezaratecampana.org\/index.php?rest_route=%2Fwp%2Fv2%2Fcomments&post=15078"}],"version-history":[{"count":1,"href":"https:\/\/obispadodezaratecampana.org\/index.php?rest_route=\/wp\/v2\/posts\/15078\/revisions"}],"predecessor-version":[{"id":15081,"href":"https:\/\/obispadodezaratecampana.org\/index.php?rest_route=\/wp\/v2\/posts\/15078\/revisions\/15081"}],"wp:featuredmedia":[{"embeddable":true,"href":"https:\/\/obispadodezaratecampana.org\/index.php?rest_route=\/wp\/v2\/media\/15079"}],"wp:attachment":[{"href":"https:\/\/obispadodezaratecampana.org\/index.php?rest_route=%2Fwp%2Fv2%2Fmedia&parent=15078"}],"wp:term":[{"taxonomy":"category","embeddable":true,"href":"https:\/\/obispadodezaratecampana.org\/index.php?rest_route=%2Fwp%2Fv2%2Fcategories&post=15078"},{"taxonomy":"post_tag","embeddable":true,"href":"https:\/\/obispadodezaratecampana.org\/index.php?rest_route=%2Fwp%2Fv2%2Ftags&post=15078"}],"curies":[{"name":"wp","href":"https:\/\/api.w.org\/{rel}","templated":true}]}}