{"id":15075,"date":"2018-08-21T12:21:58","date_gmt":"2018-08-21T15:21:58","guid":{"rendered":"http:\/\/obispadodezaratecampana.org\/?p=15075"},"modified":"2018-08-21T12:21:58","modified_gmt":"2018-08-21T15:21:58","slug":"comision-para-la-proteccion-de-menores-tolerancia-cero-contra-los-abusos","status":"publish","type":"post","link":"https:\/\/obispadodezaratecampana.org\/?p=15075","title":{"rendered":"Comisi\u00f3n para la Protecci\u00f3n de Menores:  tolerancia cero contra los abusos"},"content":{"rendered":"<p style=\"text-align: center;\"><strong><span style=\"color: #000080;\">Comisi\u00f3n para la Protecci\u00f3n de Menores:<\/span><\/strong><\/p>\n<p style=\"text-align: center;\"><strong><span style=\"color: #000080;\">tolerancia cero contra los abusos<\/span><\/strong><\/p>\n<p style=\"text-align: justify;\"><span style=\"color: rgb(0, 0, 128);\">La Pontificia Comisi\u00f3n para la Protecci\u00f3n de los Menores emiti\u00f3 un comunicado agradeciendo la Carta del Papa al Pueblo de Dios.\u00a0 <\/span><\/p>\n<p style=\"text-align: left;\"><em><strong><span style=\"color: #000080;\">Se puede leer y descargar la Carta del Papa Francisco desde el siguiente enlace: <a title=\"Carta de Franciso sobre abusos\" href=\"https:\/\/drive.google.com\/file\/d\/1GySJZko5vNF7OLGCzcetaPbt_cvB4_1y\/view?usp=sharing\" target=\"_blank\">https:\/\/drive.google.com\/file\/d\/1GySJZko5vNF7OLGCzcetaPbt_cvB4_1y\/view?usp=sharing<\/a><\/span><\/strong><\/em><\/p>\n<p style=\"text-align: justify;\"><em><span style=\"color: #000080;\">Griselda Mutual &#8211; Ciudad del Vaticano &#8211; Vatican News<\/span><\/em><\/p>\n<p style=\"text-align: justify;\"><span style=\"color: rgb(0, 0, 128);\">La Pontificia Comisi\u00f3n para la Protecci\u00f3n de los Menores se siente alentada por la Carta al Pueblo de Dios publicada el lunes por el Papa Francisco. Con un comunicado la PCPM agradece al Santo Padre por sus firmes palabras que reconocen el dolor y el sufrimiento soportado por las personas que han sufrido abusos sexuales, de poder y de conciencia perpetrados por algunos miembros de la Iglesia, en su Carta al Pueblo de Dios, publicada ayer.<\/span><\/p>\n<p style=\"text-align: justify;\"><span style=\"color: rgb(0, 0, 128);\">&#8220;Estamos siempre en deuda con el coraje prof\u00e9tico y la resistencia de muchos hombres y mujeres cuyo clamor fue m\u00e1s poderoso que todas las medidas destinadas a silenciarlo&#8221;, escriben, y expresan que los miembros de la Comisi\u00f3n se sienten apoyados por el llamamiento del Santo Padre a los l\u00edderes de la Iglesia para que apliquen la tolerancia cero y las formas de hacer que todos aquellos que perpetran o encubren estos cr\u00edmenes rindan cuentas. La Carta del Papa Francisco &#8211; prosiguen- refuerza el mensaje de la PCPM de que la tolerancia cero y la rendici\u00f3n de cuentas son un prerrequisito para salvaguardar a las personas vulnerables del abuso, ahora y en el futuro.<\/span><\/p>\n<p style=\"text-align: justify;\"><span style=\"color: rgb(0, 0, 128);\">Hay conexi\u00f3n entre abusos sexuales, de poder y de conciencia<\/span><\/p>\n<p style=\"text-align: justify;\"><span style=\"color: rgb(0, 0, 128);\">En la misma declaraci\u00f3n la profesora Myriam Wijlens, miembro de la Comisi\u00f3n, destaca tres aspectos del mensaje del Santo Padre: primero, que el Papa Francisco expresa claramente una conexi\u00f3n entre el abuso sexual, el abuso de poder y el abuso de conciencia. &#8220;\u00c9l verbaliza lo que muchos no quieren ver conectado&#8221;. En segundo lugar, que el Papa menciona dos niveles de abuso de poder: hay quienes utilizan su posici\u00f3n para abusar sexualmente de menores y adultos vulnerables y hay quienes ocupan puestos de liderazgo que abusan de su poder para encubrirlo. Y en tercer lugar, que el Pont\u00edfice admite que &#8220;nunca ser\u00e1 suficiente lo que se haga para pedir perd\u00f3n y buscar reparar el da\u00f1o causado&#8221;. Una respuesta con visi\u00f3n de futuro implica &#8211; dice la profesora- un cambio radical de cultura en el que la seguridad de los ni\u00f1os goce de la m\u00e1xima prioridad.<\/span><\/p>\n<p style=\"text-align: justify;\"><span style=\"color: rgb(0, 0, 128);\">Se debe proceder r\u00e1pidamente, no hay tiempo que perder<\/span><\/p>\n<p style=\"text-align: justify;\"><span style=\"color: rgb(0, 0, 128);\">Antes de esta declaraci\u00f3n, el 16 de agosto pasado tras la publicaci\u00f3n del informe del Gran Jurado de Pensilvania sobre los abusos, el cardenal Sean Patrick O\u2019Malley, Arzobispo de Boston y Presidente de la Comisi\u00f3n, se refiri\u00f3 a las \u201cacciones inmediatas que podemos \u2013 dijo &#8211; y debemos hacer\u201d. \u201cEl tiempo corre para todos nosotros que tenemos un liderazgo de la Iglesia&#8221;, asever\u00f3 el purpurado, subrayando que la actual crisis &#8220;es producto de pecados y fallas clericales\u201d y manifestando la necesidad de la ayuda de los laicos para enfrentar este flagelo en la Iglesia y en el pueblo. \u201cDebemos proceder r\u00e1pidamente y con un prop\u00f3sito. No hay tiempo que perder\u201d, asegur\u00f3. <\/span><\/p>\n<!-- AddThis Advanced Settings generic via filter on the_content --><!-- AddThis Share Buttons generic via filter on the_content -->","protected":false},"excerpt":{"rendered":"<p>Comisi\u00f3n para la Protecci\u00f3n de Menores: tolerancia cero contra los abusos La Pontificia Comisi\u00f3n para la Protecci\u00f3n de los Menores emiti\u00f3 un comunicado agradeciendo la [&hellip;]<!-- AddThis Advanced Settings generic via filter on get_the_excerpt --><!-- AddThis Share Buttons generic via filter on get_the_excerpt --><\/p>\n","protected":false},"author":2,"featured_media":15076,"comment_status":"open","ping_status":"open","sticky":false,"template":"","format":"standard","meta":{"footnotes":""},"categories":[161,1],"tags":[],"class_list":["post-15075","post","type-post","status-publish","format-standard","has-post-thumbnail","hentry","category-el-papa-leonxiv","category-noticiasdiocesanas"],"_links":{"self":[{"href":"https:\/\/obispadodezaratecampana.org\/index.php?rest_route=\/wp\/v2\/posts\/15075","targetHints":{"allow":["GET"]}}],"collection":[{"href":"https:\/\/obispadodezaratecampana.org\/index.php?rest_route=\/wp\/v2\/posts"}],"about":[{"href":"https:\/\/obispadodezaratecampana.org\/index.php?rest_route=\/wp\/v2\/types\/post"}],"author":[{"embeddable":true,"href":"https:\/\/obispadodezaratecampana.org\/index.php?rest_route=\/wp\/v2\/users\/2"}],"replies":[{"embeddable":true,"href":"https:\/\/obispadodezaratecampana.org\/index.php?rest_route=%2Fwp%2Fv2%2Fcomments&post=15075"}],"version-history":[{"count":1,"href":"https:\/\/obispadodezaratecampana.org\/index.php?rest_route=\/wp\/v2\/posts\/15075\/revisions"}],"predecessor-version":[{"id":15077,"href":"https:\/\/obispadodezaratecampana.org\/index.php?rest_route=\/wp\/v2\/posts\/15075\/revisions\/15077"}],"wp:featuredmedia":[{"embeddable":true,"href":"https:\/\/obispadodezaratecampana.org\/index.php?rest_route=\/wp\/v2\/media\/15076"}],"wp:attachment":[{"href":"https:\/\/obispadodezaratecampana.org\/index.php?rest_route=%2Fwp%2Fv2%2Fmedia&parent=15075"}],"wp:term":[{"taxonomy":"category","embeddable":true,"href":"https:\/\/obispadodezaratecampana.org\/index.php?rest_route=%2Fwp%2Fv2%2Fcategories&post=15075"},{"taxonomy":"post_tag","embeddable":true,"href":"https:\/\/obispadodezaratecampana.org\/index.php?rest_route=%2Fwp%2Fv2%2Ftags&post=15075"}],"curies":[{"name":"wp","href":"https:\/\/api.w.org\/{rel}","templated":true}]}}