{"id":15072,"date":"2018-08-10T23:14:47","date_gmt":"2018-08-11T02:14:47","guid":{"rendered":"http:\/\/obispadodezaratecampana.org\/?p=15072"},"modified":"2018-08-11T23:18:03","modified_gmt":"2018-08-12T02:18:03","slug":"mensaje-de-monsenor-victor-manuel-fernandez-arzobispo-de-la-plata","status":"publish","type":"post","link":"https:\/\/obispadodezaratecampana.org\/?p=15072","title":{"rendered":"Mensaje de Monse\u00f1or V\u00edctor Manuel Fernandez, Arzobispo de La Plata"},"content":{"rendered":"<div style=\"color: #222222; text-align: justify;\">\n<div><span style=\"font-family: 'trebuchet ms', sans-serif; color: #800080;\">Nuestro Obispo Pedro Laxague recomienda especialmente la lectura y difusi\u00f3n del siguiente mensaje del Arzobispo de La\u00a0<span class=\"il\">Plata<\/span>\u00a0V\u00edctor\u00a0Manuel Fernandez.<\/span><\/div>\n<\/div>\n<div style=\"color: #222222; text-align: center;\"><span style=\"font-family: 'trebuchet ms', sans-serif; color: #800080;\"><b>Mensaje de Monse\u00f1or V\u00edctor\u00a0Manuel Fernandez, Arzobispo de La\u00a0<span class=\"il\">Plata<\/span><\/b><\/span><\/div>\n<div style=\"color: #222222; text-align: justify;\"><span style=\"font-family: 'trebuchet ms', sans-serif; color: #800080;\">\u00a0<\/span><\/div>\n<div style=\"color: #222222; text-align: justify;\"><span style=\"font-family: 'trebuchet ms', sans-serif; color: #800080;\">Doy gracias a los senadores que han recordado que representan al pueblo de sus provincias, fieles al federalismo que justifica la existencia de una c\u00e1mara de senadores. De hecho, los senadores del norte no votan a favor de los ni\u00f1os por nacer porque los hayan presionado los curas, sino por la presi\u00f3n del pueblo que ellos deben representar.\u00a0<\/span><\/div>\n<div style=\"color: #222222; text-align: justify;\"><span style=\"font-family: 'trebuchet ms', sans-serif; color: #800080;\">\u00a0<\/span><\/div>\n<div style=\"color: #222222; text-align: justify;\"><span style=\"font-family: 'trebuchet ms', sans-serif; color: #800080;\">Y pido respeto para el pueblo norte\u00f1o, que no merece ser tratado de atrasado o de oscurantista porque ama la vida de los peque\u00f1os.<\/span><\/div>\n<div style=\"color: #222222; text-align: justify;\"><span style=\"font-family: 'trebuchet ms', sans-serif; color: #800080;\">\u00a0<\/span><\/div>\n<div style=\"color: #222222; text-align: justify;\"><span style=\"font-family: 'trebuchet ms', sans-serif; color: #800080;\">Por otra parte, agradezco que no se haya ca\u00eddo en el falso argumento que sostiene que tienen m\u00e1s derechos los m\u00e1s desarrollados (los ya nacidos), hasta el punto de quitar la vida impunemente a los menos desarrollados (los que todav\u00eda no nacieron). Si sacamos todas las consecuencias de esa l\u00f3gica del \u201cdesarrollo\u201d los discapacitados o los menos inteligentes tendr\u00edan menos dignidad humana que los dem\u00e1s, y el inter\u00e9s de los m\u00e1s fuertes justificar\u00eda el avasallamiento de sus derechos.<\/span><\/div>\n<div style=\"color: #222222; text-align: justify;\"><span style=\"font-family: 'trebuchet ms', sans-serif; color: #800080;\">\u00a0<\/span><\/div>\n<div style=\"color: #222222; text-align: justify;\"><span style=\"font-family: 'trebuchet ms', sans-serif; color: #800080;\">Sin embargo, no me atrever\u00eda a salir a festejar por el \u201cno\u201d al aborto, porque creo que ni los legisladores ni la sociedad en general pueden irse a dormir tranquilos. Todav\u00eda no se ha discutido c\u00f3mo haremos para acompa\u00f1ar los embarazos no deseados, para ayudar a las mujeres con problemas a no tener que llegar al extremo del aborto, para facilitar la adopci\u00f3n, para prevenir el embarazo adolescente, para fomentar una paternidad responsable, para mejorar el acceso a la salud de las mujeres pobres (son muchas m\u00e1s las que mueren por llegar al parto desnutridas o enfermas que las que mueren por aborto).\u00a0<\/span><\/div>\n<div style=\"color: #222222; text-align: justify;\"><span style=\"font-family: 'trebuchet ms', sans-serif; color: #800080;\">\u00a0<\/span><\/div>\n<div style=\"color: #222222; text-align: justify;\"><span style=\"font-family: 'trebuchet ms', sans-serif; color: #800080;\">Tanto la sociedad como la Iglesia hemos hecho poco en estos temas, aunque hay que reconocer que en la Iglesia han crecido los grupos que acompa\u00f1an a las mujeres que abortaron para que recuperen la paz, y los curas villeros han creado lugares para acompa\u00f1ar los embarazos no deseados.<\/span><\/div>\n<div style=\"color: #222222; text-align: justify;\"><span style=\"font-family: 'trebuchet ms', sans-serif; color: #800080;\">\u00a0<\/span><\/div>\n<div style=\"color: #222222; text-align: justify;\"><span style=\"font-family: 'trebuchet ms', sans-serif; color: #800080;\">Si para algo sirvi\u00f3 este debate, es para reconocer las tareas pendientes.<\/span><\/div>\n<div style=\"color: #222222;\"><\/div>\n<div class=\"yj6qo\" style=\"color: #222222;\"><\/div>\n<div class=\"adL\" style=\"color: #222222;\"><\/div>\n<!-- AddThis Advanced Settings generic via filter on the_content --><!-- AddThis Share Buttons generic via filter on the_content -->","protected":false},"excerpt":{"rendered":"<p>Nuestro Obispo Pedro Laxague recomienda especialmente la lectura y difusi\u00f3n del siguiente mensaje del Arzobispo de La\u00a0Plata\u00a0V\u00edctor\u00a0Manuel Fernandez. Mensaje de Monse\u00f1or V\u00edctor\u00a0Manuel Fernandez, Arzobispo de [&hellip;]<!-- AddThis Advanced Settings generic via filter on get_the_excerpt --><!-- AddThis Share Buttons generic via filter on get_the_excerpt --><\/p>\n","protected":false},"author":2,"featured_media":15073,"comment_status":"open","ping_status":"open","sticky":false,"template":"","format":"standard","meta":{"footnotes":""},"categories":[5,1],"tags":[],"class_list":["post-15072","post","type-post","status-publish","format-standard","has-post-thumbnail","hentry","category-generales","category-noticiasdiocesanas"],"_links":{"self":[{"href":"https:\/\/obispadodezaratecampana.org\/index.php?rest_route=\/wp\/v2\/posts\/15072","targetHints":{"allow":["GET"]}}],"collection":[{"href":"https:\/\/obispadodezaratecampana.org\/index.php?rest_route=\/wp\/v2\/posts"}],"about":[{"href":"https:\/\/obispadodezaratecampana.org\/index.php?rest_route=\/wp\/v2\/types\/post"}],"author":[{"embeddable":true,"href":"https:\/\/obispadodezaratecampana.org\/index.php?rest_route=\/wp\/v2\/users\/2"}],"replies":[{"embeddable":true,"href":"https:\/\/obispadodezaratecampana.org\/index.php?rest_route=%2Fwp%2Fv2%2Fcomments&post=15072"}],"version-history":[{"count":1,"href":"https:\/\/obispadodezaratecampana.org\/index.php?rest_route=\/wp\/v2\/posts\/15072\/revisions"}],"predecessor-version":[{"id":15074,"href":"https:\/\/obispadodezaratecampana.org\/index.php?rest_route=\/wp\/v2\/posts\/15072\/revisions\/15074"}],"wp:featuredmedia":[{"embeddable":true,"href":"https:\/\/obispadodezaratecampana.org\/index.php?rest_route=\/wp\/v2\/media\/15073"}],"wp:attachment":[{"href":"https:\/\/obispadodezaratecampana.org\/index.php?rest_route=%2Fwp%2Fv2%2Fmedia&parent=15072"}],"wp:term":[{"taxonomy":"category","embeddable":true,"href":"https:\/\/obispadodezaratecampana.org\/index.php?rest_route=%2Fwp%2Fv2%2Fcategories&post=15072"},{"taxonomy":"post_tag","embeddable":true,"href":"https:\/\/obispadodezaratecampana.org\/index.php?rest_route=%2Fwp%2Fv2%2Ftags&post=15072"}],"curies":[{"name":"wp","href":"https:\/\/api.w.org\/{rel}","templated":true}]}}