{"id":15069,"date":"2018-08-09T23:10:27","date_gmt":"2018-08-10T02:10:27","guid":{"rendered":"http:\/\/obispadodezaratecampana.org\/?p=15069"},"modified":"2018-08-11T23:16:06","modified_gmt":"2018-08-12T02:16:06","slug":"declaracion-de-la-comision-ejecutiva-vale-toda-vida","status":"publish","type":"post","link":"https:\/\/obispadodezaratecampana.org\/?p=15069","title":{"rendered":"Declaraci\u00f3n de la Comisi\u00f3n Ejecutiva: VALE TODA VIDA"},"content":{"rendered":"<h3>Declaraci\u00f3n de la Comisi\u00f3n Ejecutiva: VALE TODA VIDA<\/h3>\n<p>En estas horas, el Senado ha votado el rechazo al proyecto de despenalizaci\u00f3n del aborto. Como Iglesia hemos participado del debate procurando un di\u00e1logo iluminador sin considerar enemigos a quienes pensaran distinto.<\/p>\n<p>Como sociedad argentina nos toca ahora asumir y trabajar las nuevas divisiones surgidas entre nosotros a partir de este proyecto, a trav\u00e9s de un renovado ejercicio del di\u00e1logo.<\/p>\n<p>Queremos agradecer a tantos hombres y mujeres, a los Senadores y organismos e instituciones que se han pronunciado en defensa de la vida. Agradecemos especialmente el testimonio de los pobres, que siempre nos ense\u00f1an a recibir la vida como viene y a saber cuidarla porque es un don de Dios.<\/p>\n<p>El di\u00e1logo ecum\u00e9nico e interreligioso ha crecido en este tiempo aunando esfuerzos para proteger la vida desde la concepci\u00f3n hasta la muerte natural.<\/p>\n<p>Se trata ahora de prolongar estos meses de debate y propuestas en la concreci\u00f3n del compromiso social necesario para estar cercanos a toda vida vulnerable. Nos encontramos ante grandes desaf\u00edos pastorales para anunciar con m\u00e1s claridad el valor de la vida: la educaci\u00f3n sexual responsable, el acompa\u00f1amiento a los hogares maternales surgidos especialmente en nuestros barrios m\u00e1s humildes para acompa\u00f1ar a mujeres embarazadas en situaciones de vulnerabilidad y la atenci\u00f3n a personas que han pasado por el drama del aborto.<\/p>\n<p>Renovamos nuestra esperanza de que #ValeTodaVida, proclamada con entusiasmo y convicci\u00f3n el 8 de julio pasado a los pies de Nuestra Se\u00f1ora de Luj\u00e1n: Que nuestra Madre nos ayude y ense\u00f1e a respetar la vida, cuidarla, defenderla y servirla.<\/p>\n<p>Buenos Aires, 9 de agosto de 2018<\/p>\n<p>Comisi\u00f3n Ejecutiva de la Conferencia Episcopal Argentina<br \/>\nPresidente: Monse\u00f1or Oscar V. Ojea, Obispo de San Isidro<br \/>\nVice-Presidente 1\u00b0: Monse\u00f1or Mario A. Poli, Arzobispo de Buenos Aires y Primado de la Argentina<br \/>\nVice-Presidente 2\u00b0: Monse\u00f1or Marcelo D. Colombo, Arzobispo electo de Mendoza<br \/>\nSecretario General: Monse\u00f1or Carlos H. Malfa, Obispo de Chascom\u00fas<\/p>\n<p style=\"text-align: center;\"><a href=\"http:\/\/obispadodezaratecampana.org\/wp-content\/uploads\/2018\/08\/Texto-en-imagen.jpg\"><img fetchpriority=\"high\" decoding=\"async\" class=\"alignnone size-medium wp-image-15070\" src=\"http:\/\/obispadodezaratecampana.org\/wp-content\/uploads\/2018\/08\/Texto-en-imagen-221x300.jpg\" alt=\"Texto en imagen\" width=\"221\" height=\"300\" srcset=\"https:\/\/obispadodezaratecampana.org\/wp-content\/uploads\/2018\/08\/Texto-en-imagen-221x300.jpg 221w, https:\/\/obispadodezaratecampana.org\/wp-content\/uploads\/2018\/08\/Texto-en-imagen-756x1024.jpg 756w, https:\/\/obispadodezaratecampana.org\/wp-content\/uploads\/2018\/08\/Texto-en-imagen.jpg 946w\" sizes=\"(max-width: 221px) 100vw, 221px\" \/><\/a><\/p>\n<p>&nbsp;<\/p>\n<!-- AddThis Advanced Settings generic via filter on the_content --><!-- AddThis Share Buttons generic via filter on the_content -->","protected":false},"excerpt":{"rendered":"<p>Declaraci\u00f3n de la Comisi\u00f3n Ejecutiva: VALE TODA VIDA En estas horas, el Senado ha votado el rechazo al proyecto de despenalizaci\u00f3n del aborto. Como Iglesia [&hellip;]<!-- AddThis Advanced Settings generic via filter on get_the_excerpt --><!-- AddThis Share Buttons generic via filter on get_the_excerpt --><\/p>\n","protected":false},"author":2,"featured_media":15070,"comment_status":"open","ping_status":"open","sticky":false,"template":"","format":"standard","meta":{"footnotes":""},"categories":[5,1],"tags":[],"class_list":["post-15069","post","type-post","status-publish","format-standard","has-post-thumbnail","hentry","category-generales","category-noticiasdiocesanas"],"_links":{"self":[{"href":"https:\/\/obispadodezaratecampana.org\/index.php?rest_route=\/wp\/v2\/posts\/15069","targetHints":{"allow":["GET"]}}],"collection":[{"href":"https:\/\/obispadodezaratecampana.org\/index.php?rest_route=\/wp\/v2\/posts"}],"about":[{"href":"https:\/\/obispadodezaratecampana.org\/index.php?rest_route=\/wp\/v2\/types\/post"}],"author":[{"embeddable":true,"href":"https:\/\/obispadodezaratecampana.org\/index.php?rest_route=\/wp\/v2\/users\/2"}],"replies":[{"embeddable":true,"href":"https:\/\/obispadodezaratecampana.org\/index.php?rest_route=%2Fwp%2Fv2%2Fcomments&post=15069"}],"version-history":[{"count":1,"href":"https:\/\/obispadodezaratecampana.org\/index.php?rest_route=\/wp\/v2\/posts\/15069\/revisions"}],"predecessor-version":[{"id":15071,"href":"https:\/\/obispadodezaratecampana.org\/index.php?rest_route=\/wp\/v2\/posts\/15069\/revisions\/15071"}],"wp:featuredmedia":[{"embeddable":true,"href":"https:\/\/obispadodezaratecampana.org\/index.php?rest_route=\/wp\/v2\/media\/15070"}],"wp:attachment":[{"href":"https:\/\/obispadodezaratecampana.org\/index.php?rest_route=%2Fwp%2Fv2%2Fmedia&parent=15069"}],"wp:term":[{"taxonomy":"category","embeddable":true,"href":"https:\/\/obispadodezaratecampana.org\/index.php?rest_route=%2Fwp%2Fv2%2Fcategories&post=15069"},{"taxonomy":"post_tag","embeddable":true,"href":"https:\/\/obispadodezaratecampana.org\/index.php?rest_route=%2Fwp%2Fv2%2Ftags&post=15069"}],"curies":[{"name":"wp","href":"https:\/\/api.w.org\/{rel}","templated":true}]}}