{"id":15066,"date":"2018-08-11T22:54:55","date_gmt":"2018-08-12T01:54:55","guid":{"rendered":"http:\/\/obispadodezaratecampana.org\/?p=15066"},"modified":"2018-08-11T22:54:55","modified_gmt":"2018-08-12T01:54:55","slug":"mision-juvenil-diocesana-2829-y-30-septiembre-2018-en-campana","status":"publish","type":"post","link":"https:\/\/obispadodezaratecampana.org\/?p=15066","title":{"rendered":"MISI\u00d3N JUVENIL DIOCESANA 28,29 y 30 septiembre 2018 en Campana"},"content":{"rendered":"<p style=\"text-align: center;\">\n<p style=\"text-align: center;\">\n<h2 style=\"text-align: center;\"><span style=\"color: rgb(255, 0, 0);\">MISI\u00d3N JUVENIL DIOCESANA 28,29 y 30 septiembre 2018 en Campana<\/span><\/h2>\n<h3 style=\"text-align: left;\"><span style=\"color: rgb(255, 0, 0);\">Descargar el afiche desde este enlace:\u00a0<\/span><\/h3>\n<h3 style=\"text-align: left;\"><span style=\"color: rgb(255, 0, 0);\"><a title=\"afiche\" href=\"https:\/\/drive.google.com\/file\/d\/1Yd4nVW6tOsBbScaP3R7lRN49BHs95oa8\/view?usp=sharing\" target=\"_blank\"><span style=\"color: rgb(255, 0, 0);\">https:\/\/drive.google.com\/file\/d\/1Yd4nVW6tOsBbScaP3R7lRN49BHs95oa8\/view?usp=sharing<\/span><\/a><\/span><\/h3>\n<h3><span style=\"color: rgb(255, 0, 0);\"><span style=\"color: rgb(255, 0, 0);\"><a title=\"afiche\" href=\"https:\/\/drive.google.com\/file\/d\/1Yd4nVW6tOsBbScaP3R7lRN49BHs95oa8\/view?usp=sharing\" target=\"_blank\"><img fetchpriority=\"high\" decoding=\"async\" class=\"alignnone size-medium wp-image-15067 aligncenter\" src=\"http:\/\/obispadodezaratecampana.org\/wp-content\/uploads\/2018\/08\/Mision-2018-300x212.jpg\" alt=\"Mision 2018\" width=\"300\" height=\"212\" srcset=\"https:\/\/obispadodezaratecampana.org\/wp-content\/uploads\/2018\/08\/Mision-2018-300x212.jpg 300w, https:\/\/obispadodezaratecampana.org\/wp-content\/uploads\/2018\/08\/Mision-2018-1024x724.jpg 1024w, https:\/\/obispadodezaratecampana.org\/wp-content\/uploads\/2018\/08\/Mision-2018.jpg 1861w\" sizes=\"(max-width: 300px) 100vw, 300px\" \/><\/a><\/span><\/span><\/h3>\n<h3 style=\"text-align: left;\"><span style=\"color: rgb(255, 0, 0);\">Video donde los servidores te cuentan con alegr\u00eda como se est\u00e1n preparando para la pr\u00f3xima Misi\u00f3n Juvenil Diocesana 28,29 y 30 septiembre en Campana:\u00a0 \u00a0<\/span><a title=\"Misi\u00f3n Juvenil 2018\" href=\"https:\/\/youtu.be\/5FokJ6SIvQA\" target=\"_blank\"><span style=\"color: rgb(255, 0, 0);\">https:\/\/youtu.be\/5FokJ6SIvQA<\/span><\/a><\/h3>\n<!-- AddThis Advanced Settings generic via filter on the_content --><!-- AddThis Share Buttons generic via filter on the_content -->","protected":false},"excerpt":{"rendered":"<p>MISI\u00d3N JUVENIL DIOCESANA 28,29 y 30 septiembre 2018 en Campana Descargar el afiche desde este enlace:\u00a0 https:\/\/drive.google.com\/file\/d\/1Yd4nVW6tOsBbScaP3R7lRN49BHs95oa8\/view?usp=sharing Video donde los servidores te cuentan con alegr\u00eda [&hellip;]<!-- AddThis Advanced Settings generic via filter on get_the_excerpt --><!-- AddThis Share Buttons generic via filter on get_the_excerpt --><\/p>\n","protected":false},"author":2,"featured_media":15067,"comment_status":"open","ping_status":"open","sticky":false,"template":"","format":"standard","meta":{"footnotes":""},"categories":[5,1,8],"tags":[],"class_list":["post-15066","post","type-post","status-publish","format-standard","has-post-thumbnail","hentry","category-generales","category-noticiasdiocesanas","category-videos"],"_links":{"self":[{"href":"https:\/\/obispadodezaratecampana.org\/index.php?rest_route=\/wp\/v2\/posts\/15066","targetHints":{"allow":["GET"]}}],"collection":[{"href":"https:\/\/obispadodezaratecampana.org\/index.php?rest_route=\/wp\/v2\/posts"}],"about":[{"href":"https:\/\/obispadodezaratecampana.org\/index.php?rest_route=\/wp\/v2\/types\/post"}],"author":[{"embeddable":true,"href":"https:\/\/obispadodezaratecampana.org\/index.php?rest_route=\/wp\/v2\/users\/2"}],"replies":[{"embeddable":true,"href":"https:\/\/obispadodezaratecampana.org\/index.php?rest_route=%2Fwp%2Fv2%2Fcomments&post=15066"}],"version-history":[{"count":1,"href":"https:\/\/obispadodezaratecampana.org\/index.php?rest_route=\/wp\/v2\/posts\/15066\/revisions"}],"predecessor-version":[{"id":15068,"href":"https:\/\/obispadodezaratecampana.org\/index.php?rest_route=\/wp\/v2\/posts\/15066\/revisions\/15068"}],"wp:featuredmedia":[{"embeddable":true,"href":"https:\/\/obispadodezaratecampana.org\/index.php?rest_route=\/wp\/v2\/media\/15067"}],"wp:attachment":[{"href":"https:\/\/obispadodezaratecampana.org\/index.php?rest_route=%2Fwp%2Fv2%2Fmedia&parent=15066"}],"wp:term":[{"taxonomy":"category","embeddable":true,"href":"https:\/\/obispadodezaratecampana.org\/index.php?rest_route=%2Fwp%2Fv2%2Fcategories&post=15066"},{"taxonomy":"post_tag","embeddable":true,"href":"https:\/\/obispadodezaratecampana.org\/index.php?rest_route=%2Fwp%2Fv2%2Ftags&post=15066"}],"curies":[{"name":"wp","href":"https:\/\/api.w.org\/{rel}","templated":true}]}}