{"id":15063,"date":"2018-08-11T22:01:31","date_gmt":"2018-08-12T01:01:31","guid":{"rendered":"http:\/\/obispadodezaratecampana.org\/?p=15063"},"modified":"2018-08-11T22:03:23","modified_gmt":"2018-08-12T01:03:23","slug":"concurso-cancion-de-la-peregrinacion-a-pie-a-lujan-2018-diocesis-de-zarate-campana","status":"publish","type":"post","link":"https:\/\/obispadodezaratecampana.org\/?p=15063","title":{"rendered":"Concurso: canci\u00f3n de la Peregrinaci\u00f3n a pie a Luj\u00e1n 2018   Di\u00f3cesis de Z\u00e1rate &#8211; Campana"},"content":{"rendered":"<h4 style=\"text-align: center;\"><span style=\"color: #000080;\">PEREGRINACI\u00d3N A LUJ\u00c1N 2018: Apertura concurso para elecci\u00f3n de la canci\u00f3n<\/span><\/h4>\n<h4 style=\"text-align: left;\"><span style=\"color: #000080;\">Se ha abierto el concurso para elegir la canci\u00f3n de la Peregrinaci\u00f3n diocesana a pie a Luj\u00e1n 2018.<\/span><\/h4>\n<h4 style=\"color: #222222; text-align: left;\"><span style=\"color: #000080;\">Para bases y condiciones escribir a:\u00a0<a style=\"color: #1155cc;\" href=\"mailto:peregrinacionalujan@gmail.com\" target=\"_blank\"><span style=\"color: #000080;\">peregrinacionalujan@gmail.<wbr \/>com<\/span><\/a>\u00a0<\/span><\/h4>\n<h4 style=\"color: #222222;\"><span style=\"color: #000080;\"><i>Se adjunta afiche de difusi\u00f3n para descargar y compartir:\u00a0<\/i><\/span><\/h4>\n<h4><a title=\"afiche 2018\" href=\"https:\/\/drive.google.com\/file\/d\/1U20Fho4Ehn4ojzO-TwbElh8xY59vlDPR\/view?usp=sharing\" target=\"_blank\">https:\/\/drive.google.com\/file\/d\/1U20Fho4Ehn4ojzO-TwbElh8xY59vlDPR\/view?usp=sharing<\/a><\/h4>\n<h4 style=\"text-align: center;\"><\/h4>\n<p style=\"text-align: center;\"><img fetchpriority=\"high\" decoding=\"async\" class=\"alignnone size-medium wp-image-15064\" src=\"http:\/\/obispadodezaratecampana.org\/wp-content\/uploads\/2018\/08\/Concurso-207x300.jpg\" alt=\"Concurso\" width=\"207\" height=\"300\" srcset=\"https:\/\/obispadodezaratecampana.org\/wp-content\/uploads\/2018\/08\/Concurso-207x300.jpg 207w, https:\/\/obispadodezaratecampana.org\/wp-content\/uploads\/2018\/08\/Concurso-708x1024.jpg 708w, https:\/\/obispadodezaratecampana.org\/wp-content\/uploads\/2018\/08\/Concurso.jpg 720w\" sizes=\"(max-width: 207px) 100vw, 207px\" \/><\/p>\n<!-- AddThis Advanced Settings generic via filter on the_content --><!-- AddThis Share Buttons generic via filter on the_content -->","protected":false},"excerpt":{"rendered":"<p>PEREGRINACI\u00d3N A LUJ\u00c1N 2018: Apertura concurso para elecci\u00f3n de la canci\u00f3n Se ha abierto el concurso para elegir la canci\u00f3n de la Peregrinaci\u00f3n diocesana a [&hellip;]<!-- AddThis Advanced Settings generic via filter on get_the_excerpt --><!-- AddThis Share Buttons generic via filter on get_the_excerpt --><\/p>\n","protected":false},"author":2,"featured_media":15064,"comment_status":"open","ping_status":"open","sticky":false,"template":"","format":"standard","meta":{"footnotes":""},"categories":[5,1],"tags":[],"class_list":["post-15063","post","type-post","status-publish","format-standard","has-post-thumbnail","hentry","category-generales","category-noticiasdiocesanas"],"_links":{"self":[{"href":"https:\/\/obispadodezaratecampana.org\/index.php?rest_route=\/wp\/v2\/posts\/15063","targetHints":{"allow":["GET"]}}],"collection":[{"href":"https:\/\/obispadodezaratecampana.org\/index.php?rest_route=\/wp\/v2\/posts"}],"about":[{"href":"https:\/\/obispadodezaratecampana.org\/index.php?rest_route=\/wp\/v2\/types\/post"}],"author":[{"embeddable":true,"href":"https:\/\/obispadodezaratecampana.org\/index.php?rest_route=\/wp\/v2\/users\/2"}],"replies":[{"embeddable":true,"href":"https:\/\/obispadodezaratecampana.org\/index.php?rest_route=%2Fwp%2Fv2%2Fcomments&post=15063"}],"version-history":[{"count":1,"href":"https:\/\/obispadodezaratecampana.org\/index.php?rest_route=\/wp\/v2\/posts\/15063\/revisions"}],"predecessor-version":[{"id":15065,"href":"https:\/\/obispadodezaratecampana.org\/index.php?rest_route=\/wp\/v2\/posts\/15063\/revisions\/15065"}],"wp:featuredmedia":[{"embeddable":true,"href":"https:\/\/obispadodezaratecampana.org\/index.php?rest_route=\/wp\/v2\/media\/15064"}],"wp:attachment":[{"href":"https:\/\/obispadodezaratecampana.org\/index.php?rest_route=%2Fwp%2Fv2%2Fmedia&parent=15063"}],"wp:term":[{"taxonomy":"category","embeddable":true,"href":"https:\/\/obispadodezaratecampana.org\/index.php?rest_route=%2Fwp%2Fv2%2Fcategories&post=15063"},{"taxonomy":"post_tag","embeddable":true,"href":"https:\/\/obispadodezaratecampana.org\/index.php?rest_route=%2Fwp%2Fv2%2Ftags&post=15063"}],"curies":[{"name":"wp","href":"https:\/\/api.w.org\/{rel}","templated":true}]}}