{"id":15040,"date":"2018-07-31T13:29:09","date_gmt":"2018-07-31T16:29:09","guid":{"rendered":"http:\/\/obispadodezaratecampana.org\/?p=15040"},"modified":"2018-07-31T15:16:03","modified_gmt":"2018-07-31T18:16:03","slug":"mons-colombo-contesto-el-editorial-de-la-nacion-angelelli-molesta-a-los-poderosos","status":"publish","type":"post","link":"https:\/\/obispadodezaratecampana.org\/?p=15040","title":{"rendered":"Mons. Colombo contest\u00f3 el editorial de La Naci\u00f3n: &#8220;Angelelli molesta a los poderosos&#8221;"},"content":{"rendered":"<div class=\"copetePost\" style=\"text-align: justify;\"><span style=\"color: #003366;\">La Rioja (AICA):\u00a0El administrador diocesano de La Rioja, monse\u00f1or Marcelo Colombo, emiti\u00f3 un comunicado en el que expresa sus consideraciones a partir del editorial de La Naci\u00f3n correspondiente al 30 de julio, \u201cque ensuciaba con arteras consideraciones no s\u00f3lo la vida, sino tambi\u00e9n la muerte y lo que ha constituido el juicio a sus responsables y el proceso can\u00f3nico establecido para la verificaci\u00f3n de las virtudes y la muerte martirial del prelado riojano\u201d, monse\u00f1or Enrique Angelelli.\u00a0<\/span><\/div>\n<div class=\"clear\" style=\"text-align: justify;\"><span style=\"color: #003366;\">\u00a0<\/span><\/div>\n<div id=\"descripcionPost\" class=\"descripcionPost\" style=\"text-align: justify;\"><span style=\"color: #003366;\">En un comunicado titulado \u201cConsideraciones sobre manifestaciones period\u00edsticas agraviantes\u201d, el administrador diocesano de La Rioja y arzobispo electo de Mendoza,\u00a0<a style=\"color: #3366cc;\" title=\"\" href=\"http:\/\/www.aica.org\/guia-s-T2Jpc3Bvcw==-107#\" target=\"_self\"><span style=\"color: #003366;\">monse\u00f1or Marcelo Colombo<\/span><\/a>, expres\u00f3 \u201csorpresa e indignaci\u00f3n\u201d ante el editorial publicado el 30 de julio en el diario La Naci\u00f3n, \u201cque ensuciaba con arteras consideraciones no s\u00f3lo la vida, sino tambi\u00e9n la muerte y lo que ha constituido el juicio a sus responsables y el proceso can\u00f3nico establecido para la verificaci\u00f3n de las virtudes y la muerte martirial del prelado riojano\u201d, monse\u00f1or Enrique Angelelli.\u00a0<\/span><span style=\"color: #003366;\">Monse\u00f1or Colombo consider\u00f3 que dicho editorial \u201cmenosprecia el rigor jur\u00eddico de la justicia humana que en sucesivas intervenciones, primero en La Rioja a partir de la actuaci\u00f3n ejemplar del doctor Aldo Morales y a\u00f1os despu\u00e9s de las leyes de Obediencia Debida y Punto Final y los indultos, en la justicia federal, tuvieron a su cargo el estudio de las circunstancias y los autores del atentado que termin\u00f3 con la vida de monse\u00f1or Angelelli\u201d.\u00a0<\/span><\/p>\n<p><span style=\"color: #003366;\">\u201cM\u00e1s tarde, en el mismo escrito, el diario cuestiona la ecuanimidad y el rigor del an\u00e1lisis teol\u00f3gico y can\u00f3nico que precedi\u00f3 a la declaraci\u00f3n del martirio\u201d, detall\u00f3 el prelado, y advirti\u00f3: \u201cParece que el diario La Naci\u00f3n todo lo sabe y todo lo juzga porque es la medida absoluta de la objetividad y la independencia period\u00edstica al punto de \u2018tener la justa\u2019 inclusive en materia can\u00f3nica\u201d.\u00a0<\/span><\/p>\n<p><span style=\"color: #003366;\">\u201cEnrique Angelelli, pastor de tierra adentro, molest\u00f3 y molesta a los poderosos. Su palabra sencilla y sincera, nacida del Evangelio, preocupaba y preocupa a quienes quieren disciplinar a la Iglesia de Jesucristo para que responda a sus intereses y tranquilice sus conciencias, de quienes entonces pretendieron acallar la voz del pastor y ahora ensucian su memoria y buscan paralizar las energ\u00edas de una Iglesia en salida, dispuesta a caminar con paso firme, sin negar sus errores y fragilidades, para llegar a todos los hombres y mujeres, especialmente los m\u00e1s pobres y excluidos\u201d, afirm\u00f3.\u00a0<\/span><\/p>\n<p><span style=\"color: #003366;\"><span style=\"font-weight: bold;\">Texto del comunicado:<\/span>\u00a0<\/span><\/p>\n<\/div>\n<div class=\"descripcionPost\" style=\"text-align: justify;\"><\/div>\n<div class=\"descripcionPost\" style=\"text-align: justify;\"><\/div>\n<div class=\"descripcionPost\" style=\"text-align: justify;\"><span style=\"color: #003366;\"><em>Puede descargarse tambien desde:<\/em><\/span><\/div>\n<div class=\"descripcionPost\" style=\"text-align: justify;\"><span style=\"color: #003366;\"><a title=\"Monse\u00f1or Colombo\" href=\"https:\/\/drive.google.com\/file\/d\/1hTFRpoGBRvMTirr5wDC1DMfm7JRou83L\/view\" target=\"_blank\"><span style=\"color: #003366;\"><em><span style=\"color: #333399;\">https:\/\/drive.google.com\/file\/d\/1hTFRpoGBRvMTirr5wDC1DMfm7JRou83L\/view<\/span><\/em><\/span><\/a><\/span><\/div>\n<div class=\"descripcionPost\" style=\"text-align: justify;\"><span style=\"color: #003366;\"><em><span style=\"font-weight: bold;\">Consideraciones sobre manifestaciones period\u00edsticas agraviantes\u00a0<\/span><\/em><\/span><\/div>\n<div class=\"descripcionPost\" style=\"text-align: justify;\"><span style=\"color: #003366;\"><em><span style=\"font-weight: bold;\"><br \/>\n<\/span><\/em><em>Mis queridos riojanos: Una vez m\u00e1s les escribo en el contexto de la evocaci\u00f3n en los pr\u00f3ximos d\u00edas, del martirio de Monse\u00f1or Angelelli, nuestro buen pastor asesinado por el Terrorismo de Estado cuarenta y dos a\u00f1os atr\u00e1s.<br \/>\nCon sorpresa e indignaci\u00f3n, le\u00ed ayer el editorial de un diario de Buenos Aires que ensuciaba con arteras consideraciones no s\u00f3lo la vida, sino tambi\u00e9n la muerte y lo que ha constituido el juicio a sus responsables y el proceso can\u00f3nico establecido para la verificaci\u00f3n de las virtudes y la muerte martirial del prelado riojano.<\/em><\/span><span style=\"color: #003366;\"><em>Sin ning\u00fan fundamento, con afirmaciones altisonantes, carentes de sustento salvo el odio y la b\u00fasqueda permanente del descr\u00e9dito de la Iglesia, el autor an\u00f3nimo de este editorial que atribuiremos por tanto al mismo diario en la persona de su director, menosprecia el rigor jur\u00eddico de la justicia humana que en sucesivas intervenciones, primero en La Rioja a partir de la actuaci\u00f3n ejemplar del doctor Aldo Morales y a\u00f1os despu\u00e9s de las leyes de Obediencia Debida y Punto Final y los indultos, en la justicia federal, tuvieron a su cargo el estudio de las circunstancias y los autores del atentado que termin\u00f3 con la vida de monse\u00f1or Angelelli.<\/em><\/span><\/p>\n<p><span style=\"color: #003366;\"><em>M\u00e1s tarde, en el mismo escrito, el diario cuestiona la ecuanimidad y el rigor del an\u00e1lisis teol\u00f3gico y can\u00f3nico que precedi\u00f3 a la declaraci\u00f3n del martirio. Parece que el diario La Naci\u00f3n todo lo sabe y todo lo juzga porque es la medida absoluta de la objetividad y la independencia period\u00edstica al punto de \u201ctener la justa\u201d inclusive en materia can\u00f3nica. Las mismas falacias de \u201cEl Sol\u201d, aquel pasqu\u00edn riojano de los a\u00f1os &#8217;70, que atacaba a la Iglesia en la persona de su obispo y celebraba imp\u00fadicamente su muerte, aparecen redivivas en el editorial de ayer.<\/em><\/span><\/p>\n<p><span style=\"color: #003366;\"><em>Enrique Angelelli, pastor de tierra adentro, molest\u00f3 y molesta a los poderosos. Su palabra sencilla y sincera, nacida del Evangelio, preocupaba y preocupa a quienes quieren disciplinar a la Iglesia de Jesucristo para que responda a sus intereses y tranquilice sus conciencias, de quienes entonces pretendieron acallar la voz del pastor y ahora ensucian su memoria y buscan paralizar las energ\u00edas de una Iglesia en salida, dispuesta a caminar con paso firme, sin negar sus errores y fragilidades, para llegar a todos los hombres y mujeres, especialmente los m\u00e1s pobres y excluidos.<\/em><\/span><\/p>\n<p><span style=\"color: #003366;\"><em>Con frecuencia semanal leemos en ese y otros diarios alg\u00fan editorial cuestionando a la Iglesia en la persona de sus pastores. Ciertamente puede haber motivos v\u00e1lidos para ello en m\u00e1s de una ocasi\u00f3n pero a partir de la inusitada violencia y la frecuencia, podr\u00edamos preguntarles con respeto y firmeza, \u00bfNo ser\u00e1 mucho, se\u00f1ores? \u00bfTanto les molestamos? \u00bfNo deber\u00edan ocuparse de los problemas reales del pa\u00eds, de las v\u00edctimas de los que juegan con la especulaci\u00f3n financiera y nos despojan del futuro? \u00bfNo deber\u00edan preocuparles las cortinas de humo que desde los espacios de poder econ\u00f3mico y pol\u00edtico, cada d\u00eda nos apartan de la realidad para enfrascarnos en nuevas y m\u00e1s c\u00ednicas grietas que debilitan a este alica\u00eddo cuerpo social? Ojal\u00e1 este periodismo recupere la cordura y la objetividad.<\/em><\/span><\/p>\n<p><span style=\"color: #003366;\"><em>Mis queridos hermanos, en pocos d\u00edas, el cuatro y cinco de agosto, en Catedral y Punta de los Llanos respectivamente, nos reencontraremos para celebrar con entusiasmo la declaraci\u00f3n de martirio de monse\u00f1or Angelelli. Ser\u00e1 para m\u00ed la oportunidad de despedirme y abrazarlos con gratitud por estos a\u00f1os compartidos. Con toda serenidad, m\u00e1s all\u00e1 de estas palabras que me veo obligado a pronunciar para poner de manifiesto los ataques de quienes nos dicen c\u00f3mo tenemos que vivir y apacentar al reba\u00f1o de Dios, les renuevo mi afecto paterno y los bendigo en nombre de Jes\u00fas, nuestro Ni\u00f1o Alcalde y buen Pastor. Padre Obispo Marcelo Daniel Colombo+\u00a0<\/em><\/span><\/p>\n<\/div>\n<!-- AddThis Advanced Settings generic via filter on the_content --><!-- AddThis Share Buttons generic via filter on the_content -->","protected":false},"excerpt":{"rendered":"<p>La Rioja (AICA):\u00a0El administrador diocesano de La Rioja, monse\u00f1or Marcelo Colombo, emiti\u00f3 un comunicado en el que expresa sus consideraciones a partir del editorial de [&hellip;]<!-- AddThis Advanced Settings generic via filter on get_the_excerpt --><!-- AddThis Share Buttons generic via filter on get_the_excerpt --><\/p>\n","protected":false},"author":2,"featured_media":15041,"comment_status":"open","ping_status":"open","sticky":false,"template":"","format":"standard","meta":{"footnotes":""},"categories":[5,1],"tags":[],"class_list":["post-15040","post","type-post","status-publish","format-standard","has-post-thumbnail","hentry","category-generales","category-noticiasdiocesanas"],"_links":{"self":[{"href":"https:\/\/obispadodezaratecampana.org\/index.php?rest_route=\/wp\/v2\/posts\/15040","targetHints":{"allow":["GET"]}}],"collection":[{"href":"https:\/\/obispadodezaratecampana.org\/index.php?rest_route=\/wp\/v2\/posts"}],"about":[{"href":"https:\/\/obispadodezaratecampana.org\/index.php?rest_route=\/wp\/v2\/types\/post"}],"author":[{"embeddable":true,"href":"https:\/\/obispadodezaratecampana.org\/index.php?rest_route=\/wp\/v2\/users\/2"}],"replies":[{"embeddable":true,"href":"https:\/\/obispadodezaratecampana.org\/index.php?rest_route=%2Fwp%2Fv2%2Fcomments&post=15040"}],"version-history":[{"count":3,"href":"https:\/\/obispadodezaratecampana.org\/index.php?rest_route=\/wp\/v2\/posts\/15040\/revisions"}],"predecessor-version":[{"id":15044,"href":"https:\/\/obispadodezaratecampana.org\/index.php?rest_route=\/wp\/v2\/posts\/15040\/revisions\/15044"}],"wp:featuredmedia":[{"embeddable":true,"href":"https:\/\/obispadodezaratecampana.org\/index.php?rest_route=\/wp\/v2\/media\/15041"}],"wp:attachment":[{"href":"https:\/\/obispadodezaratecampana.org\/index.php?rest_route=%2Fwp%2Fv2%2Fmedia&parent=15040"}],"wp:term":[{"taxonomy":"category","embeddable":true,"href":"https:\/\/obispadodezaratecampana.org\/index.php?rest_route=%2Fwp%2Fv2%2Fcategories&post=15040"},{"taxonomy":"post_tag","embeddable":true,"href":"https:\/\/obispadodezaratecampana.org\/index.php?rest_route=%2Fwp%2Fv2%2Ftags&post=15040"}],"curies":[{"name":"wp","href":"https:\/\/api.w.org\/{rel}","templated":true}]}}