{"id":15037,"date":"2018-07-30T20:46:58","date_gmt":"2018-07-30T23:46:58","guid":{"rendered":"http:\/\/obispadodezaratecampana.org\/?p=15037"},"modified":"2018-07-30T20:46:58","modified_gmt":"2018-07-30T23:46:58","slug":"misa-por-la-vida-convocada-por-la-conferencia-episcopal-argentina-8-agosto-20-hs-catedral-buenos-aires","status":"publish","type":"post","link":"https:\/\/obispadodezaratecampana.org\/?p=15037","title":{"rendered":"Misa por la Vida convocada por la Conferencia Episcopal Argentina 8 agosto 20 hs Catedral Buenos Aires"},"content":{"rendered":"<p><strong><span style=\"color: #993366;\">Video de difusi\u00f3n Misa por la Vida #valetodavida 8 de agosto 20 hs Catedral Buenos Aires\u00a0<\/span><\/strong><\/p>\n<p><strong><span style=\"color: #993366;\"><a title=\"Misa por la vida 8 de agosto 2018 hs\" href=\"https:\/\/youtu.be\/zdXp-DSKNFY\" target=\"_blank\"><span style=\"color: #993366;\">https:\/\/youtu.be\/zdXp-DSKNFY<\/span><\/a><\/span><\/strong><\/p>\n<p style=\"text-align: justify;\"><span style=\"color: rgb(153, 51, 102);\"><strong>La Conferencia Episcopal Argentina convoca a una nueva &#8220;Misa por la Vida&#8221; por realizarse el mi\u00e9rcoles 8 de agosto a las 20 en la catedral metropolitana de Buenos Aires.\u00a0 Fuente: AICA<\/strong><\/span><\/p>\n<p style=\"text-align: justify;\"><span style=\"color: rgb(153, 51, 102);\">El cardenal Mario Aurelio Poli, arzobispo de Buenos Aires y Primado de la Argentina, presidir\u00e1 la &#8220;Misa por la Vida&#8221; y monse\u00f1or Oscar Ojea, obispo de San Isidro y presidente del Episcopado, junto con obispos de distintas di\u00f3cesis del pa\u00eds, lo acompa\u00f1ar\u00e1n concelebrando.<\/span><\/p>\n<p style=\"text-align: justify;\"><span style=\"color: rgb(153, 51, 102);\">Las comisiones episcopales de Laicos y Familia, Comunicaci\u00f3n Social, Liturgia y Pastoral de la Salud, enviaron la semana pasada un comunicado con el t\u00edtulo \u201cRenovemos la esperanza de #ValeTodaVida\u201d en el que llaman a los pastores y fieles a ayunar y orar con fervor e insistencia, y a las parroquias, santuarios, capillas y templos a abrir sus puertas para celebrar la misa por la vida, rezar el rosario y compartir la adoraci\u00f3n eucar\u00edstica en comunidad.\u00a0\u00a0<\/span><\/p>\n<p style=\"text-align: justify;\"><span style=\"color: rgb(153, 51, 102);\">El proyecto de ley para despenalizar el aborto que obtuvo media sanci\u00f3n en la C\u00e1mara de Diputados el pasado 13 de junio, ser\u00e1 votado en el Senado el mi\u00e9rcoles 8 de agosto. La Conferencia Episcopal Argentina ha convocado a la oraci\u00f3n en numerosas ocasiones, como lo fue el 8 de julio en la &#8220;Misa por la Vida&#8221; celebrada en la bas\u00edlica de Luj\u00e1n, que reuni\u00f3 a cientos de miles de fieles de todo el pa\u00eds.+\u00a0 \u00a0<\/span><\/p>\n<p style=\"text-align: center;\"><span style=\"color: rgb(153, 51, 102);\"><a href=\"http:\/\/obispadodezaratecampana.org\/wp-content\/uploads\/2018\/07\/Afiche-Misa.jpg\"><img fetchpriority=\"high\" decoding=\"async\" class=\"alignnone size-medium wp-image-15038\" src=\"http:\/\/obispadodezaratecampana.org\/wp-content\/uploads\/2018\/07\/Afiche-Misa-300x225.jpg\" alt=\"Afiche Misa\" width=\"300\" height=\"225\" srcset=\"https:\/\/obispadodezaratecampana.org\/wp-content\/uploads\/2018\/07\/Afiche-Misa-300x225.jpg 300w, https:\/\/obispadodezaratecampana.org\/wp-content\/uploads\/2018\/07\/Afiche-Misa.jpg 1024w\" sizes=\"(max-width: 300px) 100vw, 300px\" \/><\/a><br \/>\n<\/span><\/p>\n<!-- AddThis Advanced Settings generic via filter on the_content --><!-- AddThis Share Buttons generic via filter on the_content -->","protected":false},"excerpt":{"rendered":"<p>Video de difusi\u00f3n Misa por la Vida #valetodavida 8 de agosto 20 hs Catedral Buenos Aires\u00a0 https:\/\/youtu.be\/zdXp-DSKNFY La Conferencia Episcopal Argentina convoca a una nueva [&hellip;]<!-- AddThis Advanced Settings generic via filter on get_the_excerpt --><!-- AddThis Share Buttons generic via filter on get_the_excerpt --><\/p>\n","protected":false},"author":2,"featured_media":15038,"comment_status":"open","ping_status":"open","sticky":false,"template":"","format":"video","meta":{"footnotes":""},"categories":[5,1,8],"tags":[],"class_list":["post-15037","post","type-post","status-publish","format-video","has-post-thumbnail","hentry","category-generales","category-noticiasdiocesanas","category-videos","post_format-post-format-video"],"_links":{"self":[{"href":"https:\/\/obispadodezaratecampana.org\/index.php?rest_route=\/wp\/v2\/posts\/15037","targetHints":{"allow":["GET"]}}],"collection":[{"href":"https:\/\/obispadodezaratecampana.org\/index.php?rest_route=\/wp\/v2\/posts"}],"about":[{"href":"https:\/\/obispadodezaratecampana.org\/index.php?rest_route=\/wp\/v2\/types\/post"}],"author":[{"embeddable":true,"href":"https:\/\/obispadodezaratecampana.org\/index.php?rest_route=\/wp\/v2\/users\/2"}],"replies":[{"embeddable":true,"href":"https:\/\/obispadodezaratecampana.org\/index.php?rest_route=%2Fwp%2Fv2%2Fcomments&post=15037"}],"version-history":[{"count":1,"href":"https:\/\/obispadodezaratecampana.org\/index.php?rest_route=\/wp\/v2\/posts\/15037\/revisions"}],"predecessor-version":[{"id":15039,"href":"https:\/\/obispadodezaratecampana.org\/index.php?rest_route=\/wp\/v2\/posts\/15037\/revisions\/15039"}],"wp:featuredmedia":[{"embeddable":true,"href":"https:\/\/obispadodezaratecampana.org\/index.php?rest_route=\/wp\/v2\/media\/15038"}],"wp:attachment":[{"href":"https:\/\/obispadodezaratecampana.org\/index.php?rest_route=%2Fwp%2Fv2%2Fmedia&parent=15037"}],"wp:term":[{"taxonomy":"category","embeddable":true,"href":"https:\/\/obispadodezaratecampana.org\/index.php?rest_route=%2Fwp%2Fv2%2Fcategories&post=15037"},{"taxonomy":"post_tag","embeddable":true,"href":"https:\/\/obispadodezaratecampana.org\/index.php?rest_route=%2Fwp%2Fv2%2Ftags&post=15037"}],"curies":[{"name":"wp","href":"https:\/\/api.w.org\/{rel}","templated":true}]}}