{"id":15033,"date":"2018-07-30T13:23:02","date_gmt":"2018-07-30T16:23:02","guid":{"rendered":"http:\/\/obispadodezaratecampana.org\/?p=15033"},"modified":"2018-07-30T13:23:02","modified_gmt":"2018-07-30T16:23:02","slug":"el-papa-tacha-de-crimen-vergonzoso-la-trata-de-personas","status":"publish","type":"post","link":"https:\/\/obispadodezaratecampana.org\/?p=15033","title":{"rendered":"El Papa tacha de \u201ccrimen vergonzoso\u201d la trata de personas"},"content":{"rendered":"<p><span style=\"color: rgb(51, 51, 51);\"><strong>El Papa tacha de \u201ccrimen vergonzoso\u201d la trata de personas<\/strong><\/span><\/p>\n<p><span style=\"color: rgb(51, 51, 51);\">El Santo Padre hace un llamamiento para \u201ccontrastar con firmeza\u201d la trata de personas, durante los saludos a los peregrinos presentes en la Plaza de San Pedro en el \u00faltimo \u00c1ngelus de julio.<\/span><\/p>\n<p><em><span style=\"color: #333333;\">Mireia Bonilla \u2013 Ciudad del Vaticano &#8211; Vatican News\u00a0<\/span><\/em><\/p>\n<p><span style=\"color: rgb(51, 51, 51);\">En v\u00edsperas a la \u201cJornada Mundial contra la trata de personas\u201d la cual fue establecida por las Naciones Unidas en 2013 para el 30 de julio, el Papa Francisco hizo un llamamiento para que todos \u201cdenuncien las injusticias y contrasten con firmeza este crimen vergonzoso\u201d. \u201cEs responsabilidad de todos\u201d puntualiz\u00f3.<\/span><\/p>\n<p><span style=\"color: rgb(51, 51, 51);\">Despu\u00e9s del \u00faltimo \u00c1ngelus de julio, el Papa Francisco tach\u00f3 a este crimen de \u201cplaga\u201d, pues \u201creduce en esclavitud a muchos hombres, mujeres y ni\u00f1os con la finalidad de la explotaci\u00f3n laboral y sexual, del comercio de \u00f3rganos, de la mendicidad y de la delincuencia forzada\u201d asegur\u00f3 el Pont\u00edfice y record\u00f3 que las rutas migratorias tambi\u00e9n son utilizadas con frecuencia \u201cpor los traficantes y explotadores para reclutar nuevas v\u00edctimas de la trata\u201d.<\/span><\/p>\n<p><span style=\"color: rgb(51, 51, 51);\">Cifras proporcionadas por la ONU<\/span><\/p>\n<p><span style=\"color: rgb(51, 51, 51);\">Casi 21 millones de personas en el mundo son v\u00edctimas del trabajo forzoso, seg\u00fan datos calculados por la Organizaci\u00f3n Internacional del Trabajo. Cifra en la que tambi\u00e9n se incluyen las v\u00edctimas de trata para la explotaci\u00f3n laboral y sexual. A pesar de no tener datos exactos sobre cu\u00e1ntas de estas \u00faltimas fueron objeto de trata, la cifra implica que en la actualidad hay millones de v\u00edctimas en el mundo.<\/span><\/p>\n<p><span style=\"color: rgb(51, 51, 51);\">Adem\u00e1s, \u201cla trata de personas\u201d es un crimen que afecta a todos los pa\u00edses del mundo, ya sea como pa\u00eds de origen, tr\u00e1nsito o destino de las v\u00edctimas.<\/span><\/p>\n<p style=\"text-align: center;\"><img fetchpriority=\"high\" decoding=\"async\" class=\"alignnone size-medium wp-image-15034\" src=\"http:\/\/obispadodezaratecampana.org\/wp-content\/uploads\/2018\/07\/Manos-300x168.jpeg\" alt=\"Manos\" width=\"300\" height=\"168\" srcset=\"https:\/\/obispadodezaratecampana.org\/wp-content\/uploads\/2018\/07\/Manos-300x168.jpeg 300w, https:\/\/obispadodezaratecampana.org\/wp-content\/uploads\/2018\/07\/Manos.jpeg 500w\" sizes=\"(max-width: 300px) 100vw, 300px\" \/><\/p>\n<!-- AddThis Advanced Settings generic via filter on the_content --><!-- AddThis Share Buttons generic via filter on the_content -->","protected":false},"excerpt":{"rendered":"<p>El Papa tacha de \u201ccrimen vergonzoso\u201d la trata de personas El Santo Padre hace un llamamiento para \u201ccontrastar con firmeza\u201d la trata de personas, durante [&hellip;]<!-- AddThis Advanced Settings generic via filter on get_the_excerpt --><!-- AddThis Share Buttons generic via filter on get_the_excerpt --><\/p>\n","protected":false},"author":2,"featured_media":15034,"comment_status":"open","ping_status":"open","sticky":false,"template":"","format":"standard","meta":{"footnotes":""},"categories":[161,1],"tags":[],"class_list":["post-15033","post","type-post","status-publish","format-standard","has-post-thumbnail","hentry","category-el-papa-leonxiv","category-noticiasdiocesanas"],"_links":{"self":[{"href":"https:\/\/obispadodezaratecampana.org\/index.php?rest_route=\/wp\/v2\/posts\/15033","targetHints":{"allow":["GET"]}}],"collection":[{"href":"https:\/\/obispadodezaratecampana.org\/index.php?rest_route=\/wp\/v2\/posts"}],"about":[{"href":"https:\/\/obispadodezaratecampana.org\/index.php?rest_route=\/wp\/v2\/types\/post"}],"author":[{"embeddable":true,"href":"https:\/\/obispadodezaratecampana.org\/index.php?rest_route=\/wp\/v2\/users\/2"}],"replies":[{"embeddable":true,"href":"https:\/\/obispadodezaratecampana.org\/index.php?rest_route=%2Fwp%2Fv2%2Fcomments&post=15033"}],"version-history":[{"count":1,"href":"https:\/\/obispadodezaratecampana.org\/index.php?rest_route=\/wp\/v2\/posts\/15033\/revisions"}],"predecessor-version":[{"id":15035,"href":"https:\/\/obispadodezaratecampana.org\/index.php?rest_route=\/wp\/v2\/posts\/15033\/revisions\/15035"}],"wp:featuredmedia":[{"embeddable":true,"href":"https:\/\/obispadodezaratecampana.org\/index.php?rest_route=\/wp\/v2\/media\/15034"}],"wp:attachment":[{"href":"https:\/\/obispadodezaratecampana.org\/index.php?rest_route=%2Fwp%2Fv2%2Fmedia&parent=15033"}],"wp:term":[{"taxonomy":"category","embeddable":true,"href":"https:\/\/obispadodezaratecampana.org\/index.php?rest_route=%2Fwp%2Fv2%2Fcategories&post=15033"},{"taxonomy":"post_tag","embeddable":true,"href":"https:\/\/obispadodezaratecampana.org\/index.php?rest_route=%2Fwp%2Fv2%2Ftags&post=15033"}],"curies":[{"name":"wp","href":"https:\/\/api.w.org\/{rel}","templated":true}]}}