{"id":15030,"date":"2018-07-29T20:01:59","date_gmt":"2018-07-29T23:01:59","guid":{"rendered":"http:\/\/obispadodezaratecampana.org\/?p=15030"},"modified":"2018-07-29T20:01:59","modified_gmt":"2018-07-29T23:01:59","slug":"mons-pedro-laxague-hay-que-renovar-la-esperanza-de-que-vale-toda-vida","status":"publish","type":"post","link":"https:\/\/obispadodezaratecampana.org\/?p=15030","title":{"rendered":"Mons. Pedro Laxague: Hay que renovar la esperanza de que vale toda vida"},"content":{"rendered":"<div style=\"color: #222222; text-align: justify;\"><span style=\"color: #000080;\"><b>\u201cDebemos estar serenos, firmes y esperanzados porque el Se\u00f1or gu\u00eda a la Iglesia\u201d, afirm\u00f3 monse\u00f1or Pedro Laxague en relaci\u00f3n al debate legislativo por el aborto<\/b><\/span><\/div>\n<div style=\"color: #222222; text-align: justify;\"><\/div>\n<div style=\"color: #222222; text-align: center;\"><a href=\"http:\/\/obispadodezaratecampana.org\/wp-content\/uploads\/2018\/07\/Renovar-Esperanza.jpg\"><img fetchpriority=\"high\" decoding=\"async\" class=\"alignnone size-medium wp-image-15031\" src=\"http:\/\/obispadodezaratecampana.org\/wp-content\/uploads\/2018\/07\/Renovar-Esperanza-300x300.jpg\" alt=\"Renovar Esperanza\" width=\"300\" height=\"300\" srcset=\"https:\/\/obispadodezaratecampana.org\/wp-content\/uploads\/2018\/07\/Renovar-Esperanza-300x300.jpg 300w, https:\/\/obispadodezaratecampana.org\/wp-content\/uploads\/2018\/07\/Renovar-Esperanza-150x150.jpg 150w, https:\/\/obispadodezaratecampana.org\/wp-content\/uploads\/2018\/07\/Renovar-Esperanza-1024x1024.jpg 1024w, https:\/\/obispadodezaratecampana.org\/wp-content\/uploads\/2018\/07\/Renovar-Esperanza.jpg 1800w\" sizes=\"(max-width: 300px) 100vw, 300px\" \/><\/a><\/div>\n<div style=\"color: #222222; text-align: justify;\"><\/div>\n<div style=\"color: #222222; text-align: justify;\"><span style=\"color: #000080;\">27\/07\/2018 \u2013 El titular de la comisi\u00f3n episcopal de Laicos y Familia, monse\u00f1or Pedro Laxague, invit\u00f3 a los cristianos a \u201cno desanimarnos ni entrar en p\u00e1nico\u201d y reafirm\u00f3 que \u201chay que renovar la esperanza de que vale toda vida\u201d, en el marco del debate legislativo del proyecto de interrupci\u00f3n voluntaria del embarazo. \u201cEste asunto es grave y merece que estemos serenos, firmes y esperanzados porque el Se\u00f1or gu\u00eda a la Iglesia\u201d, agreg\u00f3 el obispo de Z\u00e1rate- Campana.<\/span><\/div>\n<div style=\"color: #222222; text-align: justify;\"><\/div>\n<div style=\"color: #222222; text-align: justify;\"><span style=\"color: #000080;\">Monse\u00f1or Laxague exhort\u00f3 a \u201crezar mucho porque creemos en Jes\u00fas y en su poder. \u00c9l nos ense\u00f1\u00f3 que debemos pedirle cuando no sabemos c\u00f3mo resolver ciertas cosas o tenemos a nuestro alcance todo ese poder. En este tema hay que poner el poder de Dios frente a los poderes de este mundo\u201d. El obispo bonaerense invit\u00f3 a releer el comunicado de esta semana dado a conocer por las comisiones episcopales de Laicos y Familia,Comunicaci\u00f3n Social, Liturgia y Pastoral de la Salud.<\/span><\/div>\n<div style=\"color: #222222; text-align: justify;\"><\/div>\n<div style=\"color: #222222; text-align: justify;\"><span style=\"color: #000080;\"><i>A continuaci\u00f3n compartimos completo el texto de este comunicado de la Conferencia Episcopal Argentina:<\/i><\/span><\/div>\n<div style=\"color: #222222; text-align: justify;\"><\/div>\n<div style=\"color: #222222; text-align: justify;\"><span style=\"color: #000080;\">Una vez m\u00e1s queremos renovar la esperanza de que #ValeTodaVida, as\u00ed como lo hemos hecho el 8 de julio reunidos a los pies de nuestra Madre de Luj\u00e1n, ante la posibilidad de que se sancione la ley que permita la despenalizaci\u00f3n del aborto en nuestra Patria.<\/span><\/div>\n<div style=\"color: #222222; text-align: justify;\"><\/div>\n<div style=\"color: #222222; text-align: justify;\"><span style=\"color: #000080;\">En este momento tan decisivo, queremos asumir los desaf\u00edos de la vida vulnerada y renovamos nuestra opci\u00f3n de cuidarla, defenderla y servirla, buscando nuevos cauces pastorales que expresen el compromiso de la Iglesia. Para ello, convocamos a cada mujer y var\u00f3n de fe a ayunar y orar con fervor e insistencia. Invitamos a las parroquias, santuarios, capillas y templos a abrir sus puertas para celebrar la Misa por la Vida, rezar el santo Rosario y compartir la adoraci\u00f3n eucar\u00edstica en comunidad.<\/span><\/div>\n<div style=\"color: #222222; text-align: justify;\"><\/div>\n<div style=\"color: #222222; text-align: justify;\"><span style=\"color: #000080;\">Exhortamos vivamente a las familias que se re\u00fanan a rezar la Oraci\u00f3n por la Vida, de San Juan Pablo II. Los invitamos a encontrarnos unidos y en comuni\u00f3n espiritual animando a otros a renovar la fidelidad en el servicio y el cuidado de la vida por nacer.<\/span><\/div>\n<div style=\"color: #222222; text-align: justify;\"><\/div>\n<div style=\"color: #222222; text-align: justify;\"><span style=\"color: #000080;\">Alentamos iniciativas como la asumida por los sacerdotes de nuestras villas y barrios populares con la creaci\u00f3n del \u201cHogar del abrazo maternal\u201d, para acompa\u00f1ar y acoger a mujeres que llevan adelante embarazos de riesgo o inesperados.<\/span><\/div>\n<div style=\"color: #222222; text-align: justify;\"><\/div>\n<div style=\"color: #222222; text-align: justify;\"><span style=\"color: #000080;\">Los d\u00edas previos a la definici\u00f3n parlamentaria y particularmente el d\u00eda 8 de agosto, diversos grupos de laicos y organizaciones expresar\u00e1n, en todas las Di\u00f3cesis del pa\u00eds, su convicci\u00f3n y la petici\u00f3n por la defensa de la vida en la legislaci\u00f3n nacional. Como lo hemos dicho en otras oportunidades, apoyamos y animamos a participar a quienes deseen manifestarse p\u00fablicamente como ciudadanos responsables para testimoniar el respeto por la vida en el marco del derecho de expresi\u00f3n propio de la democracia.<\/span><\/div>\n<div style=\"color: #222222; text-align: justify;\"><\/div>\n<div style=\"color: #222222; text-align: justify;\"><span style=\"color: #000080;\">Pastores y fieles nos pronunciamos una vez m\u00e1s \u2013como nos dice el Papa Francisco\u2013 \u201cde manera clara, firme y apasionada\u201d acerca del valor de toda vida humana. No es solo un anuncio, sino un compromiso que asumimos por ser cristianos y formar parte de la sociedad argentina.<\/span><\/div>\n<div style=\"color: #222222; text-align: justify;\"><span style=\"color: #000080;\"><i>\u00a0<\/i><\/span><\/div>\n<div style=\"color: #222222; text-align: justify;\"><span style=\"color: #000080;\"><i>Fuente: Radio Mar\u00eda, programa Semillas del Reino\u00a0<\/i><\/span><\/div>\n<div style=\"color: #222222; text-align: justify;\"><span style=\"color: #000080;\"><i><a style=\"color: #1155cc;\" href=\"https:\/\/radiomaria.org.ar\/programacion\/debemos-estar-serenos-firmes-y-esperanzados-porque-el-senor-guia-a-la-iglesia-afirmo-monsenor-pedro-laxague-en-relacion-al-debate-legislativo-por-el-aborto\/\" target=\"_blank\" data-saferedirecturl=\"https:\/\/www.google.com\/url?hl=es&amp;q=https:\/\/radiomaria.org.ar\/programacion\/debemos-estar-serenos-firmes-y-esperanzados-porque-el-senor-guia-a-la-iglesia-afirmo-monsenor-pedro-laxague-en-relacion-al-debate-legislativo-por-el-aborto\/&amp;source=gmail&amp;ust=1532990995875000&amp;usg=AFQjCNEJNgbs3PHaXcEDUPl2gJQPBkCvPg\"><span style=\"color: #000080;\">https:\/\/radiomaria.org.ar\/prog<wbr \/>ramacion\/debemos-estar-serenos<wbr \/>-firmes-y-esperanzados-porque-<wbr \/>el-senor-guia-a-la-iglesia-<wbr \/>afirmo-monsenor-pedro-laxague-<wbr \/>en-relacion-al-debate-legislat<wbr \/>ivo-por-el-aborto\/<\/span><\/a><\/i><\/span><\/div>\n<p style=\"text-align: justify;\">\n<!-- AddThis Advanced Settings generic via filter on the_content --><!-- AddThis Share Buttons generic via filter on the_content -->","protected":false},"excerpt":{"rendered":"<p>\u201cDebemos estar serenos, firmes y esperanzados porque el Se\u00f1or gu\u00eda a la Iglesia\u201d, afirm\u00f3 monse\u00f1or Pedro Laxague en relaci\u00f3n al debate legislativo por el aborto [&hellip;]<!-- AddThis Advanced Settings generic via filter on get_the_excerpt --><!-- AddThis Share Buttons generic via filter on get_the_excerpt --><\/p>\n","protected":false},"author":2,"featured_media":15031,"comment_status":"open","ping_status":"open","sticky":false,"template":"","format":"standard","meta":{"footnotes":""},"categories":[5,1],"tags":[],"class_list":["post-15030","post","type-post","status-publish","format-standard","has-post-thumbnail","hentry","category-generales","category-noticiasdiocesanas"],"_links":{"self":[{"href":"https:\/\/obispadodezaratecampana.org\/index.php?rest_route=\/wp\/v2\/posts\/15030","targetHints":{"allow":["GET"]}}],"collection":[{"href":"https:\/\/obispadodezaratecampana.org\/index.php?rest_route=\/wp\/v2\/posts"}],"about":[{"href":"https:\/\/obispadodezaratecampana.org\/index.php?rest_route=\/wp\/v2\/types\/post"}],"author":[{"embeddable":true,"href":"https:\/\/obispadodezaratecampana.org\/index.php?rest_route=\/wp\/v2\/users\/2"}],"replies":[{"embeddable":true,"href":"https:\/\/obispadodezaratecampana.org\/index.php?rest_route=%2Fwp%2Fv2%2Fcomments&post=15030"}],"version-history":[{"count":1,"href":"https:\/\/obispadodezaratecampana.org\/index.php?rest_route=\/wp\/v2\/posts\/15030\/revisions"}],"predecessor-version":[{"id":15032,"href":"https:\/\/obispadodezaratecampana.org\/index.php?rest_route=\/wp\/v2\/posts\/15030\/revisions\/15032"}],"wp:featuredmedia":[{"embeddable":true,"href":"https:\/\/obispadodezaratecampana.org\/index.php?rest_route=\/wp\/v2\/media\/15031"}],"wp:attachment":[{"href":"https:\/\/obispadodezaratecampana.org\/index.php?rest_route=%2Fwp%2Fv2%2Fmedia&parent=15030"}],"wp:term":[{"taxonomy":"category","embeddable":true,"href":"https:\/\/obispadodezaratecampana.org\/index.php?rest_route=%2Fwp%2Fv2%2Fcategories&post=15030"},{"taxonomy":"post_tag","embeddable":true,"href":"https:\/\/obispadodezaratecampana.org\/index.php?rest_route=%2Fwp%2Fv2%2Ftags&post=15030"}],"curies":[{"name":"wp","href":"https:\/\/api.w.org\/{rel}","templated":true}]}}