{"id":15022,"date":"2018-07-28T17:31:05","date_gmt":"2018-07-28T20:31:05","guid":{"rendered":"http:\/\/obispadodezaratecampana.org\/?p=15022"},"modified":"2018-07-28T17:31:05","modified_gmt":"2018-07-28T20:31:05","slug":"xii-mision-juvenil-diocesana-28-29-y-30-de-septiembre-lugar-parroquia-ntra-sra-del-carmen-de-campana","status":"publish","type":"post","link":"https:\/\/obispadodezaratecampana.org\/?p=15022","title":{"rendered":"XII Misi\u00f3n Juvenil Diocesana 28, 29 y 30 de septiembre. Lugar Parroquia Ntra Sra del Carmen de Campana"},"content":{"rendered":"<h1 style=\"text-align: center;\"><span style=\"color: #ff00ff;\">XII Misi\u00f3n Juvenil Diocesana <\/span><\/h1>\n<h1 style=\"text-align: center;\"><span style=\"color: #993366;\">28, 29 y 30 de septiembre 2018<\/span><\/h1>\n<h2 style=\"text-align: center;\"><span style=\"color: #ff6600;\">Lugar: Parroquia Ntra Sra del Carmen de Campana <\/span><\/h2>\n<h2 style=\"text-align: center;\"><span style=\"color: #ff6600;\">Entre calles Balb\u00edn y Pueyrred\u00f3n<\/span><\/h2>\n<h2 style=\"text-align: center;\"><span style=\"color: #000080;\"><span style=\"color: #000080;\">Video de difusi\u00f3n para compartir:\u00a0<a title=\"XII Misi\u00f3n Juvenil Diocesana \" href=\"https:\/\/youtu.be\/kJwCFy3GzXU\" target=\"_blank\">https:\/\/youtu.be\/kJwCFy3GzXU<\/a><\/span><\/span><\/h2>\n<p style=\"text-align: center;\">\n<p style=\"text-align: center;\"><a href=\"http:\/\/obispadodezaratecampana.org\/wp-content\/uploads\/2018\/07\/30051896_773012936229766_4539440068860176980_o.jpg\"><img fetchpriority=\"high\" decoding=\"async\" class=\"alignnone size-medium wp-image-15023\" src=\"http:\/\/obispadodezaratecampana.org\/wp-content\/uploads\/2018\/07\/30051896_773012936229766_4539440068860176980_o-300x300.jpg\" alt=\"30051896_773012936229766_4539440068860176980_o\" width=\"300\" height=\"300\" srcset=\"https:\/\/obispadodezaratecampana.org\/wp-content\/uploads\/2018\/07\/30051896_773012936229766_4539440068860176980_o-300x300.jpg 300w, https:\/\/obispadodezaratecampana.org\/wp-content\/uploads\/2018\/07\/30051896_773012936229766_4539440068860176980_o-150x150.jpg 150w, https:\/\/obispadodezaratecampana.org\/wp-content\/uploads\/2018\/07\/30051896_773012936229766_4539440068860176980_o-1024x1024.jpg 1024w, https:\/\/obispadodezaratecampana.org\/wp-content\/uploads\/2018\/07\/30051896_773012936229766_4539440068860176980_o.jpg 1652w\" sizes=\"(max-width: 300px) 100vw, 300px\" \/><\/a><\/p>\n<div id=\"meta\" class=\"style-scope ytd-watch-flexy\" style=\"color: #000000;\">\n<div id=\"meta-contents\" class=\"style-scope ytd-watch-flexy\">\n<div id=\"container\" class=\"style-scope ytd-video-secondary-info-renderer\">\n<div id=\"content\" class=\"style-scope ytd-expander\"><\/div>\n<\/div>\n<\/div>\n<\/div>\n<!-- AddThis Advanced Settings generic via filter on the_content --><!-- AddThis Share Buttons generic via filter on the_content -->","protected":false},"excerpt":{"rendered":"<p>XII Misi\u00f3n Juvenil Diocesana 28, 29 y 30 de septiembre 2018 Lugar: Parroquia Ntra Sra del Carmen de Campana Entre calles Balb\u00edn y Pueyrred\u00f3n Video [&hellip;]<!-- AddThis Advanced Settings generic via filter on get_the_excerpt --><!-- AddThis Share Buttons generic via filter on get_the_excerpt --><\/p>\n","protected":false},"author":2,"featured_media":15023,"comment_status":"open","ping_status":"open","sticky":false,"template":"","format":"standard","meta":{"footnotes":""},"categories":[5,1,3,8],"tags":[],"class_list":["post-15022","post","type-post","status-publish","format-standard","has-post-thumbnail","hentry","category-generales","category-noticiasdiocesanas","category-noticiasparroquiales","category-videos"],"_links":{"self":[{"href":"https:\/\/obispadodezaratecampana.org\/index.php?rest_route=\/wp\/v2\/posts\/15022","targetHints":{"allow":["GET"]}}],"collection":[{"href":"https:\/\/obispadodezaratecampana.org\/index.php?rest_route=\/wp\/v2\/posts"}],"about":[{"href":"https:\/\/obispadodezaratecampana.org\/index.php?rest_route=\/wp\/v2\/types\/post"}],"author":[{"embeddable":true,"href":"https:\/\/obispadodezaratecampana.org\/index.php?rest_route=\/wp\/v2\/users\/2"}],"replies":[{"embeddable":true,"href":"https:\/\/obispadodezaratecampana.org\/index.php?rest_route=%2Fwp%2Fv2%2Fcomments&post=15022"}],"version-history":[{"count":1,"href":"https:\/\/obispadodezaratecampana.org\/index.php?rest_route=\/wp\/v2\/posts\/15022\/revisions"}],"predecessor-version":[{"id":15024,"href":"https:\/\/obispadodezaratecampana.org\/index.php?rest_route=\/wp\/v2\/posts\/15022\/revisions\/15024"}],"wp:featuredmedia":[{"embeddable":true,"href":"https:\/\/obispadodezaratecampana.org\/index.php?rest_route=\/wp\/v2\/media\/15023"}],"wp:attachment":[{"href":"https:\/\/obispadodezaratecampana.org\/index.php?rest_route=%2Fwp%2Fv2%2Fmedia&parent=15022"}],"wp:term":[{"taxonomy":"category","embeddable":true,"href":"https:\/\/obispadodezaratecampana.org\/index.php?rest_route=%2Fwp%2Fv2%2Fcategories&post=15022"},{"taxonomy":"post_tag","embeddable":true,"href":"https:\/\/obispadodezaratecampana.org\/index.php?rest_route=%2Fwp%2Fv2%2Ftags&post=15022"}],"curies":[{"name":"wp","href":"https:\/\/api.w.org\/{rel}","templated":true}]}}