{"id":14992,"date":"2018-07-20T18:13:16","date_gmt":"2018-07-20T21:13:16","guid":{"rendered":"http:\/\/obispadodezaratecampana.org\/?p=14992"},"modified":"2018-07-20T18:55:29","modified_gmt":"2018-07-20T21:55:29","slug":"mision-de-obispos-en-la-diocesis-de-zarate-campana","status":"publish","type":"post","link":"https:\/\/obispadodezaratecampana.org\/?p=14992","title":{"rendered":"Misi\u00f3n de Obispos en la di\u00f3cesis de Z\u00e1rate &#8211; Campana"},"content":{"rendered":"<h3 style=\"text-align: center;\"><span style=\"color: #008080;\">MISI\u00d3N CON LOS OBISPOS <\/span><\/h3>\n<h3 style=\"text-align: center;\"><span style=\"color: #008080;\"><em>LUGAR: DI\u00d3CESIS DE Z\u00c1RATE &#8211; CAMPANA<\/em><\/span><\/h3>\n<h3 style=\"text-align: center;\"><span style=\"color: #008080;\">DEL LUNES 22 AL JUEVES 25 DE OCTUBRE 2018<\/span><\/h3>\n<p style=\"text-align: center;\"><img fetchpriority=\"high\" decoding=\"async\" class=\"alignnone size-medium wp-image-15002\" src=\"http:\/\/obispadodezaratecampana.org\/wp-content\/uploads\/2018\/07\/37574411_1974549452579382_4484081389011992576_n-224x300.jpg\" alt=\"37574411_1974549452579382_4484081389011992576_n\" width=\"224\" height=\"300\" srcset=\"https:\/\/obispadodezaratecampana.org\/wp-content\/uploads\/2018\/07\/37574411_1974549452579382_4484081389011992576_n-224x300.jpg 224w, https:\/\/obispadodezaratecampana.org\/wp-content\/uploads\/2018\/07\/37574411_1974549452579382_4484081389011992576_n.jpg 398w\" sizes=\"(max-width: 224px) 100vw, 224px\" \/><\/p>\n<p style=\"text-align: justify;\"><span style=\"color: #008080;\">\u00a1Nuestro Obispo Pedro tiene una gran noticia para compartirnos!\u00a0Del 22 al 25 de octubre se realizar\u00e1 la Misi\u00f3n con los Obispos en nuestra di\u00f3cesis. Vendr\u00e1n Obispos de toda la zona y visitar\u00e1n distintos barrios e instituciones.\u00a0<\/span><\/p>\n<p style=\"text-align: justify;\"><strong><span style=\"color: #008080;\">Ver video de Monse\u00f1or Pedro en:\u00a0<\/span><\/strong><span style=\"color: #008080;\"><a title=\"Pedro Laxague\" href=\"https:\/\/youtu.be\/zfvDPgQbslI\" target=\"_blank\">https:\/\/youtu.be\/zfvDPgQbslI<\/a><\/span><\/p>\n<p><span style=\"color: #008080;\"><br \/>\n<\/span><\/p>\n<!-- AddThis Advanced Settings generic via filter on the_content --><!-- AddThis Share Buttons generic via filter on the_content -->","protected":false},"excerpt":{"rendered":"<p>MISI\u00d3N CON LOS OBISPOS LUGAR: DI\u00d3CESIS DE Z\u00c1RATE &#8211; CAMPANA DEL LUNES 22 AL JUEVES 25 DE OCTUBRE 2018 \u00a1Nuestro Obispo Pedro tiene una gran [&hellip;]<!-- AddThis Advanced Settings generic via filter on get_the_excerpt --><!-- AddThis Share Buttons generic via filter on get_the_excerpt --><\/p>\n","protected":false},"author":2,"featured_media":15002,"comment_status":"open","ping_status":"open","sticky":false,"template":"","format":"standard","meta":{"footnotes":""},"categories":[1,8],"tags":[],"class_list":["post-14992","post","type-post","status-publish","format-standard","has-post-thumbnail","hentry","category-noticiasdiocesanas","category-videos"],"_links":{"self":[{"href":"https:\/\/obispadodezaratecampana.org\/index.php?rest_route=\/wp\/v2\/posts\/14992","targetHints":{"allow":["GET"]}}],"collection":[{"href":"https:\/\/obispadodezaratecampana.org\/index.php?rest_route=\/wp\/v2\/posts"}],"about":[{"href":"https:\/\/obispadodezaratecampana.org\/index.php?rest_route=\/wp\/v2\/types\/post"}],"author":[{"embeddable":true,"href":"https:\/\/obispadodezaratecampana.org\/index.php?rest_route=\/wp\/v2\/users\/2"}],"replies":[{"embeddable":true,"href":"https:\/\/obispadodezaratecampana.org\/index.php?rest_route=%2Fwp%2Fv2%2Fcomments&post=14992"}],"version-history":[{"count":6,"href":"https:\/\/obispadodezaratecampana.org\/index.php?rest_route=\/wp\/v2\/posts\/14992\/revisions"}],"predecessor-version":[{"id":15004,"href":"https:\/\/obispadodezaratecampana.org\/index.php?rest_route=\/wp\/v2\/posts\/14992\/revisions\/15004"}],"wp:featuredmedia":[{"embeddable":true,"href":"https:\/\/obispadodezaratecampana.org\/index.php?rest_route=\/wp\/v2\/media\/15002"}],"wp:attachment":[{"href":"https:\/\/obispadodezaratecampana.org\/index.php?rest_route=%2Fwp%2Fv2%2Fmedia&parent=14992"}],"wp:term":[{"taxonomy":"category","embeddable":true,"href":"https:\/\/obispadodezaratecampana.org\/index.php?rest_route=%2Fwp%2Fv2%2Fcategories&post=14992"},{"taxonomy":"post_tag","embeddable":true,"href":"https:\/\/obispadodezaratecampana.org\/index.php?rest_route=%2Fwp%2Fv2%2Ftags&post=14992"}],"curies":[{"name":"wp","href":"https:\/\/api.w.org\/{rel}","templated":true}]}}