{"id":14975,"date":"2018-07-18T14:02:11","date_gmt":"2018-07-18T17:02:11","guid":{"rendered":"http:\/\/obispadodezaratecampana.org\/?p=14975"},"modified":"2018-07-18T14:02:11","modified_gmt":"2018-07-18T17:02:11","slug":"centros-para-mujeres-con-embarazos-de-riesgo-o-inesperados","status":"publish","type":"post","link":"https:\/\/obispadodezaratecampana.org\/?p=14975","title":{"rendered":"Centros para mujeres con embarazos de riesgo o inesperados"},"content":{"rendered":"<p style=\"text-align: center;\"><strong><span style=\"color: #000080;\">Hogar del abrazo maternal<\/span><\/strong><\/p>\n<p style=\"text-align: center;\"><strong><span style=\"color: #000080;\">Centros para mujeres con embarazos de riesgo o inesperados<\/span><\/strong><\/p>\n<p style=\"text-align: left;\"><strong><span style=\"color: #000080;\">Video\u00a0<a title=\"Video Hogares\" href=\"https:\/\/youtu.be\/eNtVUnIqsEM\" target=\"_blank\">https:\/\/youtu.be\/eNtVUnIqsEM<\/a><\/span><\/strong><\/p>\n<p style=\"text-align: justify;\"><span style=\"color: rgb(0, 0, 128);\">Hemos visto con dolor como la C\u00e1mara de Diputados de la Naci\u00f3n sancion\u00f3 por escasos votos el Proyecto de Ley de \u201cInterrupci\u00f3n voluntaria del embarazo\u201d, un eufemismo para dar media sanci\u00f3n al Aborto en nuestras tierras.<\/span><\/p>\n<p style=\"text-align: justify;\"><span style=\"color: rgb(0, 0, 128);\">Como Iglesia presente en villas y barrios populares, donde se viven diversidad de dificultades, queremos renovar nuestro compromiso con la lucha por la Cultura de la Vida y los derechos humanos. Esperando que los senadores puedan dar cuenta del inmenso valor que tiene toda vida humana, la de la madre y la de la ni\u00f1a o ni\u00f1o por nacer; proponemos una respuesta concreta a la dificultad de las j\u00f3venes y adolescentes de nuestros barrios que llevan adelante embarazos de riesgo o incluso no deseados ni planificados.<\/span><\/p>\n<p style=\"text-align: justify;\"><span style=\"color: rgb(0, 0, 128);\">Creemos firmemente en la necesidad de cuidar de la vida humana en todas sus etapas, desde la concepci\u00f3n hasta la muerte. Siempre cada ser humano ser\u00e1 el rostro de Dios, m\u00e1s all\u00e1 de su fragilidad. La lucha por la igualdad -tan invocada en los discursos de estos d\u00edas- est\u00e1 en nuestro ADN: los cristianos creemos profundamente en la fraternidad que nos da ser hijos de Dios y por lo tanto hermanos e iguales entre nosotros y ante sus ojos.<\/span><\/p>\n<p style=\"text-align: justify;\"><span style=\"color: rgb(0, 0, 128);\">Nuestro querido Papa Francisco ha denunciado innumerables veces la cultura del descarte de nuestras sociedades: los viejos, los inmigrantes, las personas con discapacidad, los pobres y los ni\u00f1os por nacer molestan, nos piden atenci\u00f3n, nos piden cuidado, nos \u201cquitan\u201d comodidades y privilegios; entonces hay una fuerte tendencia a descartarlos, a quitarles el derecho a la existencia. Los proyectos individuales, el nivel de consumo, el bienestar y el confort, por sobre todas las cosas, son los que mandan.<\/span><\/p>\n<p style=\"text-align: justify;\"><span style=\"color: rgb(0, 0, 128);\">En el esp\u00edritu del documento que escribimos, hace un tiempo atr\u00e1s, los curas de las villas \u201cCon los pobres abrazamos la vida\u201d, queremos dar una respuesta concreta a las necesidades de nuestras villas y barrios populares, all\u00ed donde la vida se lleva adelante pese a las dificultades. Y cada embarazo, cada ni\u00f1a y cada ni\u00f1o, es esperado y recibido como un don, un regalo, con la esperanza de que un futuro distinto y mejor que el actual le espera.<\/span><\/p>\n<p style=\"text-align: justify;\"><span style=\"color: rgb(0, 0, 128);\">Queremos hacer notar, una vez m\u00e1s, que este compromiso y valoraci\u00f3n de la vida lo hemos aprendido del mismo Evangelio y de las mujeres pobres con las que compartimos nuestra vida y trabajo. Muchas veces son madres de sus hijos y de los del pasillo. S\u00ed, en momentos en que tantos y tantas hablan por los pobres mostrando su \u201cpreocupaci\u00f3n\u201d por ellos, nuestras comunidades quieren hacer nuevamente visible que las mujeres de nuestros barrios eligen la vida, la vida del ni\u00f1a o ni\u00f1o que vendr\u00e1 y la de la mujer que lo lleva en su vientre, incluso cuando muchas veces deben hacerlo solas sin un hombre que se haga cargo de su propia paternidad y totalmente ausente o en grandes dificultades. Por esto las mujeres ser\u00e1n las grandes protagonistas de esta propuesta: como sujetos de derechos que no solo reciben contenci\u00f3n y cuidados, sino que tambi\u00e9n lo brindan a sus pares. S\u00ed, las mismas mujeres de nuestras comunidades llevar\u00e1n adelante los Centros que recibir\u00e1n el nombre de: \u201cHogar del abrazo maternal\u201d.<\/span><\/p>\n<p style=\"text-align: justify;\"><span style=\"color: rgb(0, 0, 128);\">Destacamos y agradecemos el trabajo silencioso que se viene haciendo ya hace a\u00f1os en distintas instituciones y dentro de nuestras comunidades para acompa\u00f1ar a mujeres con embarazos de riesgo, o inesperados. De estas experiencias tan concretas nos nutriremos.<\/span><\/p>\n<p style=\"text-align: justify;\"><span style=\"color: rgb(0, 0, 128);\">Por todo esto es que comenzaremos, e invitamos a otros a hacerlo, a llevar adelante estos Centros para recibir a adolescentes y j\u00f3venes mujeres, que lleven adelante embarazos de riesgo, o inesperados, en condiciones de fragilidad y desamparo. All\u00ed les daremos alimentaci\u00f3n, atenci\u00f3n y control m\u00e9dico y sanitario, apoyo psicol\u00f3gico, orientaci\u00f3n legal y social para que puedan llevar adelante sus embarazos como as\u00ed tambi\u00e9n los primeros a\u00f1os de sus beb\u00e9s hasta poder ingresar al ciclo de educaci\u00f3n inicial. Buscaremos facilitar el acceso a pol\u00edticas y programas que promueven la vida como la Asignaci\u00f3n Universal por Embarazo y los programas de Salud Materno infantil, entre otros. En nuestras propias Capillas dispondremos de un lugar adecuado para que puedan estar durante el d\u00eda, almorzar, merendar, descansar, recibir cari\u00f1o y contenci\u00f3n, formaci\u00f3n y orientaci\u00f3n ante cada situaci\u00f3n y, en los casos en que no fuera posible la crianza posterior del ni\u00f1o, poder r\u00e1pidamente articular con el sistema Judicial para una pronta adopci\u00f3n del mismo. En un clima de familia que recibe, abraza y acompa\u00f1a se buscar\u00e1 sobre todo dar \u00e1nimo y fortaleza. Por otro lado, tambi\u00e9n se recibir\u00e1 y acompa\u00f1ar\u00e1 en sus crecientes responsabilidades a los pap\u00e1s adolescentes y j\u00f3venes. Obviamente se acompa\u00f1ar\u00e1 con respeto y cari\u00f1o a las mujeres que hayan atravesado el drama de un aborto.<\/span><\/p>\n<p style=\"text-align: justify;\"><span style=\"color: rgb(0, 0, 128);\">Porque creemos profundamente en que vale toda vida y que las sociedades muestran su verdadero rostro por la forma en que tratan a aquellos m\u00e1s d\u00e9biles, es que elegimos hacernos cargo comunitariamente de estas situaciones dram\u00e1ticas y no esperamos acr\u00edticamente la instalaci\u00f3n de una verdadera cultura del descarte humano.<\/span><\/p>\n<p style=\"text-align: justify;\"><span style=\"color: rgb(0, 0, 128);\">De modo gradual y con la debida adaptaci\u00f3n a cada contexto para recibir mejor la vida como viene, se ir\u00e1n abriendo los Hogares del abrazo maternal en distintas comunidades.<\/span><\/p>\n<p style=\"text-align: justify;\"><span style=\"color: rgb(0, 0, 128);\">Que la Virgen de Luj\u00e1n, nos ense\u00f1e a cuidar de nuestra Patria, comenzando por los m\u00e1s fr\u00e1giles.<\/span><\/p>\n<p style=\"text-align: justify;\"><span style=\"color: rgb(0, 0, 128);\">17 de julio de 2018<\/span><\/p>\n<p style=\"text-align: justify;\">\n<span style=\"color: rgb(0, 0, 128);\">P. Jos\u00e9 Mar\u00eda Di Paola. Villa La Carcova, 13 de Julio y Villa Curita. Di\u00f3cesis de San Mart\u00edn.<\/span><br \/>\n<span style=\"color: rgb(0, 0, 128);\">Mons. Gustavo Carrara. Obispo auxiliar de la Arquidi\u00f3cesis de Buenos Aires. Vicario para la Pastoral en Villas de CABA<\/span><br \/>\n<span style=\"color: rgb(0, 0, 128);\">P. Guillermo Torre, P. Jos\u00e9 Luis Lozzia, P. Marco Esp\u00ednola. Villa 31. Arquidi\u00f3cesis de Buenos Aires.<\/span><br \/>\n<span style=\"color: rgb(0, 0, 128);\">P. Juan Isasmendi, P. Eduardo Casabal, P. Ignacio Bagattini. Villa 1-11-14. Arquidi\u00f3cesis de Buenos Aires.<\/span><br \/>\n<span style=\"color: rgb(0, 0, 128);\">P. Lorenzo de Vedia, P. Carlos Olivero, P. Gast\u00f3n Colombres. Villa 21-24 y Zavaleta. Arquidi\u00f3cesis de Buenos Aires.<\/span><br \/>\n<span style=\"color: rgb(0, 0, 128);\">P. Domingo Rehin: Villa Lanzone. Villa Costa Esperanza. Di\u00f3cesis de San Mart\u00edn. Mons. Jorge Garc\u00eda Cuerva. Obispo auxiliar de la Di\u00f3cesis de Lomas de Zamora.<\/span><br \/>\n<span style=\"color: rgb(0, 0, 128);\">P. Hern\u00e1n Cruz Mart\u00edn: Barrio Don Orione &#8211; Claypole. Obra Don Orione. Di\u00f3cesis Lomas de Zamora. Mons. Eduardo Garc\u00eda. Obispo de San Justo.<\/span><br \/>\n<span style=\"color: rgb(0, 0, 128);\">P. Basilicio Britez. Villa Palito. Di\u00f3cesis de San Justo.<\/span><br \/>\n<span style=\"color: rgb(0, 0, 128);\">P. Nicol\u00e1s Angellotti. Puerta de Hierro, San Petesburgo y 17 de Marzo. Di\u00f3cesis de San Justo.<\/span><br \/>\n<span style=\"color: rgb(0, 0, 128);\">Mons. Gabriel Barba. Di\u00f3cesis de Gregorio Laferrere.<\/span><br \/>\n<span style=\"color: rgb(0, 0, 128);\">P. Sebasti\u00e1n Sury, P. Dami\u00e1n Reynoso. Villa 15. Arquidi\u00f3cesis de Buenos Aires.<\/span><br \/>\n<span style=\"color: rgb(0, 0, 128);\">P. Rodrigo Valdez. Villa Play\u00f3n de Chacarita. Arquidi\u00f3cesis de Buenos Aires.<\/span><br \/>\n<span style=\"color: rgb(0, 0, 128);\">P. Mart\u00edn Carroza y P. Sebasti\u00e1n Risso. Villa Cilda\u00f1ez. Arquidi\u00f3cesis de Buenos Aires.<\/span><br \/>\n<span style=\"color: rgb(0, 0, 128);\">P. Pedro Baya Casal, P. Adri\u00e1n Bennardis. Villa 3 y del Barrio Ram\u00f3n Carrillo. Arquidi\u00f3cesis de Buenos Aires.<\/span><br \/>\n<span style=\"color: rgb(0, 0, 128);\">P. Juan Ignacio Pandolfini. Villa la Cava. Di\u00f3cesis de San Isidro.<\/span><br \/>\n<span style=\"color: rgb(0, 0, 128);\">P. Juan Manuel Ortiz de Rozas. San Fernando. Di\u00f3cesis de San Isidro.<\/span><br \/>\n<span style=\"color: rgb(0, 0, 128);\">P. Joaqu\u00edn Giangreco. Villa Trujuy. Di\u00f3cesis Merlo-Moreno.<\/span><br \/>\n<span style=\"color: rgb(0, 0, 128);\">P. Nibaldo Leal. Villa Hidalgo. Di\u00f3cesis de San Martin.<\/span><br \/>\n<span style=\"color: rgb(0, 0, 128);\">Carlos Morena, Mario Roman\u00edn, Alejandro Le\u00f3n, Juan Carlos Roman\u00edn, Salesianos, Don Bosco. Cecilia Lee, misionera franciscana. Bea GmiItrowicz, misionera franciscana, Villa Itat\u00ed. Di\u00f3cesis de Quilmes.<\/span><br \/>\n<span style=\"color: rgb(0, 0, 128);\">P. Alejandro Seijo: Villa Rodrigo Bueno. Arquidi\u00f3cesis de Buenos Aires.<\/span><br \/>\n<span style=\"color: rgb(0, 0, 128);\">P. Andr\u00e9s Tocalini. Villa los Piletones. Arquidi\u00f3cesis de Buenos Aires.<\/span><br \/>\n<span style=\"color: rgb(0, 0, 128);\">P. Dante Delia. Villa Borges. Di\u00f3cesis de San Isidro.<\/span><br \/>\n<span style=\"color: rgb(0, 0, 128);\">P. Franco Punturo. Villa 20. Arquidi\u00f3cesis de Buenos Aires.<\/span><br \/>\n<span style=\"color: rgb(0, 0, 128);\">P. Omar Mazza. Villa Inta. Arquidi\u00f3cesis de Buenos Aires.<\/span><\/p>\n<p style=\"text-align: justify;\"><em><span style=\"color: #000080;\">Conferencia Episcopal Argentina &#8211; 18 de julio 2018<\/span><\/em><\/p>\n<!-- AddThis Advanced Settings generic via filter on the_content --><!-- AddThis Share Buttons generic via filter on the_content -->","protected":false},"excerpt":{"rendered":"<p>Hogar del abrazo maternal Centros para mujeres con embarazos de riesgo o inesperados Video\u00a0https:\/\/youtu.be\/eNtVUnIqsEM Hemos visto con dolor como la C\u00e1mara de Diputados de la [&hellip;]<!-- AddThis Advanced Settings generic via filter on get_the_excerpt --><!-- AddThis Share Buttons generic via filter on get_the_excerpt --><\/p>\n","protected":false},"author":2,"featured_media":14976,"comment_status":"open","ping_status":"open","sticky":false,"template":"","format":"standard","meta":{"footnotes":""},"categories":[5,1,8],"tags":[],"class_list":["post-14975","post","type-post","status-publish","format-standard","has-post-thumbnail","hentry","category-generales","category-noticiasdiocesanas","category-videos"],"_links":{"self":[{"href":"https:\/\/obispadodezaratecampana.org\/index.php?rest_route=\/wp\/v2\/posts\/14975","targetHints":{"allow":["GET"]}}],"collection":[{"href":"https:\/\/obispadodezaratecampana.org\/index.php?rest_route=\/wp\/v2\/posts"}],"about":[{"href":"https:\/\/obispadodezaratecampana.org\/index.php?rest_route=\/wp\/v2\/types\/post"}],"author":[{"embeddable":true,"href":"https:\/\/obispadodezaratecampana.org\/index.php?rest_route=\/wp\/v2\/users\/2"}],"replies":[{"embeddable":true,"href":"https:\/\/obispadodezaratecampana.org\/index.php?rest_route=%2Fwp%2Fv2%2Fcomments&post=14975"}],"version-history":[{"count":1,"href":"https:\/\/obispadodezaratecampana.org\/index.php?rest_route=\/wp\/v2\/posts\/14975\/revisions"}],"predecessor-version":[{"id":14977,"href":"https:\/\/obispadodezaratecampana.org\/index.php?rest_route=\/wp\/v2\/posts\/14975\/revisions\/14977"}],"wp:featuredmedia":[{"embeddable":true,"href":"https:\/\/obispadodezaratecampana.org\/index.php?rest_route=\/wp\/v2\/media\/14976"}],"wp:attachment":[{"href":"https:\/\/obispadodezaratecampana.org\/index.php?rest_route=%2Fwp%2Fv2%2Fmedia&parent=14975"}],"wp:term":[{"taxonomy":"category","embeddable":true,"href":"https:\/\/obispadodezaratecampana.org\/index.php?rest_route=%2Fwp%2Fv2%2Fcategories&post=14975"},{"taxonomy":"post_tag","embeddable":true,"href":"https:\/\/obispadodezaratecampana.org\/index.php?rest_route=%2Fwp%2Fv2%2Ftags&post=14975"}],"curies":[{"name":"wp","href":"https:\/\/api.w.org\/{rel}","templated":true}]}}