{"id":14966,"date":"2018-07-16T12:26:06","date_gmt":"2018-07-16T15:26:06","guid":{"rendered":"http:\/\/obispadodezaratecampana.org\/?p=14966"},"modified":"2018-07-16T12:26:06","modified_gmt":"2018-07-16T15:26:06","slug":"misa-por-la-vida-domingo-8-de-julio-de-2018","status":"publish","type":"post","link":"https:\/\/obispadodezaratecampana.org\/?p=14966","title":{"rendered":"Misa por la Vida &#8211; Domingo 8 de Julio de 2018"},"content":{"rendered":"<p style=\"text-align: center;\"><span style=\"color: rgb(0, 0, 128);\"><strong>Misa por la Vida &#8211; Domingo 8 de Julio de 2018<\/strong><\/span><\/p>\n<p style=\"text-align: center;\"><a href=\"http:\/\/obispadodezaratecampana.org\/wp-content\/uploads\/2018\/07\/7778868.jpg\"><img fetchpriority=\"high\" decoding=\"async\" class=\"alignnone size-medium wp-image-14967\" src=\"http:\/\/obispadodezaratecampana.org\/wp-content\/uploads\/2018\/07\/7778868-300x199.jpg\" alt=\"_7778868\" width=\"300\" height=\"199\" srcset=\"https:\/\/obispadodezaratecampana.org\/wp-content\/uploads\/2018\/07\/7778868-300x199.jpg 300w, https:\/\/obispadodezaratecampana.org\/wp-content\/uploads\/2018\/07\/7778868-1024x680.jpg 1024w\" sizes=\"(max-width: 300px) 100vw, 300px\" \/><\/a><\/p>\n<p style=\"text-align: justify;\"><span style=\"color: rgb(0, 0, 128);\">La Conferencia Episcopal Argentina convoc\u00f3 este domingo a una celebraci\u00f3n por la Vida en la Bas\u00edlica de Luj\u00e1n. Bajo el lema \u201cA tus pies renovamos la esperanza #ValeTodaVida\u201d se congreg\u00f3 una multitud de fieles que participaron de la Eucarist\u00eda. En la plaza, donde se celebr\u00f3 la Misa, y en las calles aleda\u00f1as se encontraban grupos venidos de todo el pa\u00eds, incluso de provincias alejadas de Buenos Aires, como Mendoza, Salta y Misiones. Un gran n\u00famero de fieles de los barrios carenciados de Buenos Aires se hicieron presentes, manifestando tambi\u00e9n que la vida es un don sagrado que debemos cuidar y respetar.<\/span><\/p>\n<p style=\"text-align: justify;\"><span style=\"color: rgb(0, 0, 128);\">Antes de comenzar la celebraci\u00f3n, los Obispos rezaron delante de la imagen de Nuestra Se\u00f1ora de Luj\u00e1n dentro de la Bas\u00edlica. Monse\u00f1or Ojea encabez\u00f3 el rezo del \u00c1ngelus que fue seguido por la multitud que se encontraba afuera a trav\u00e9s de las pantallas. Al finalizar ese momento los mismos Obispos tomaron las andas de la Virgen y llevaron a Mar\u00eda hacia la plaza, donde fue recibida por todos los fieles con cantos y alegr\u00eda.<\/span><\/p>\n<p style=\"text-align: justify;\"><span style=\"color: rgb(0, 0, 128);\">La Misa estuvo presidida por Mons. Oscar Ojea, Obispo de San Isidro y Presidente de la Conferencia Episcopal Argentina. Los concelebrantes principales fueron el Cardenal Primado de la Argentina, Mario Poli y el Nuncio Apost\u00f3lico -reci\u00e9n llegado a la Argentina- Monse\u00f1or Le\u00f3n Kalenga Badikebele. Participaron tambi\u00e9n el Arzobispo de Mercedes-Lujan, Mons. Agust\u00edn Radrizzani, su Obispo Auxiliar Mons. Jorge Eduardo Scheinig, Mons. Pedro Laxague, Obispo de Z\u00e1rate-Campana y Presidente de la Comisi\u00f3n Episcopal de Laicos y Familia, y Mons. Carlos Malfa, Obispo de Chascom\u00fas y Secretario General de la Conferencia Episcopal. Estuvieron presentes tambi\u00e9n m\u00e1s de cuarenta Obispos provenientes del todo el pa\u00eds y sacerdotes que acompa\u00f1aron a sus fieles.<\/span><\/p>\n<p style=\"text-align: justify;\"><span style=\"color: rgb(0, 0, 128);\">En su homil\u00eda Monse\u00f1or Ojea destac\u00f3 que: \u201cHemos venido para pedirle a la Virgen que nos ense\u00f1e los caminos para aprender a respetar la vida, a cuidarla, a defenderla y a servirla. A respetarla, porque la vida es puro don de Dios, por eso es sagrada. Nosotros no somos sus due\u00f1os. Somos administradores de este gran bien. Ella es el bien primero y fundamental, un bien que est\u00e1 m\u00e1s all\u00e1 de nosotros. Un bien que no \u201cfabricamos\u201d aunque tengamos la maravillosa posibilidad de transmitirlo cooperando con el Creador\u201d<\/span><\/p>\n<p style=\"text-align: justify;\"><span style=\"color: rgb(0, 0, 128);\">En una parte de su mensaje, el Obispo se dirigi\u00f3 a los j\u00f3venes a quienes les dijo: \u201cHemos recibido nuestra vida como don, por eso debemos cuidarla, tampoco somos due\u00f1os de otra vida humana. Es otro cuerpo, otra vida sobre la que no tenemos poder. Chicos y chicas, el aborto no es un derecho sino un drama\u201d<\/span><\/p>\n<p style=\"text-align: justify;\"><span style=\"color: rgb(0, 0, 128);\">Finalmente invit\u00f3 a todos los presentes a rezar y expres\u00f3: \u201cPid\u00e1mosle a la Virgen tambi\u00e9n que a trav\u00e9s nuestro mire a todos los hogares del pa\u00eds, especialmente a nuestros j\u00f3venes, a nuestros ni\u00f1os y ni\u00f1as que crecen en el vientre de sus madres y que son nuestra mayor riqueza, nuestro mayor tesoro.<\/span><\/p>\n<p style=\"text-align: justify;\"><span style=\"color: rgb(0, 0, 128);\">Antes de terminar la celebraci\u00f3n, Mons. Agust\u00edn Radrizzani ley\u00f3 la oraci\u00f3n de consagraci\u00f3n del pueblo argentino a la Virgen de Luj\u00e1n, gesto que culmin\u00f3 con la multitud de los fieles rezando la oraci\u00f3n por la Vida de San Juan Pablo ll.<\/span><\/p>\n<p style=\"text-align: justify;\"><span style=\"color: rgb(0, 0, 128);\">Al finalizar se vivi\u00f3 uno de los momento m\u00e1s emotivos, cuando los Obispos llevaron en las andas a la Virgen de Luj\u00e1n y lo hicieron por toda la plaza, ante la devoci\u00f3n de los fieles que expresaban SI A LA VIDA Y #ValeTodaVida<\/span><\/p>\n<p style=\"text-align: justify;\"><span style=\"color: rgb(0, 0, 128);\">El Pbro. M\u00e1ximo Jurcinovic, Responsable de la Oficina de Prensa de la Conferencia Episcopal Argentina destac\u00f3 el trabajo en conjunto junto a la Comisi\u00f3n Episcopal de Comunicaci\u00f3n, y la Comisi\u00f3n Episcopal de Laicos y Familia. Junto a los sacerdotes y servidores de la Bas\u00edlica de Luj\u00e1n, se trabaj\u00f3 para vivir una verdadera fiesta de la Fe y el amor a la vida. Destac\u00f3 que la Misa tuvo momentos de inmensa alegr\u00eda y tambi\u00e9n de honda oraci\u00f3n. <\/span><\/p>\n<p style=\"text-align: justify;\"><strong><span style=\"color: #000080;\">Homil\u00eda de Mons. Oscar Ojea, Obispo de San Isidro y Presidente de la Conferencia Episcopal Argentina<\/span><\/strong><\/p>\n<p style=\"text-align: center;\"><img decoding=\"async\" class=\"alignnone size-medium wp-image-14968\" src=\"http:\/\/obispadodezaratecampana.org\/wp-content\/uploads\/2018\/07\/7778899-300x199.jpg\" alt=\"_7778899\" width=\"300\" height=\"199\" srcset=\"https:\/\/obispadodezaratecampana.org\/wp-content\/uploads\/2018\/07\/7778899-300x199.jpg 300w, https:\/\/obispadodezaratecampana.org\/wp-content\/uploads\/2018\/07\/7778899-1024x680.jpg 1024w\" sizes=\"(max-width: 300px) 100vw, 300px\" \/><\/p>\n<p style=\"text-align: justify;\"><span style=\"color: rgb(0, 0, 128);\">A tus pies renovamos la esperanza &#8211; #ValeTodaVida<\/span><\/p>\n<p style=\"text-align: center;\"><a href=\"http:\/\/obispadodezaratecampana.org\/wp-content\/uploads\/2018\/07\/7778867.jpg\"><img decoding=\"async\" class=\"alignnone size-medium wp-image-14969\" src=\"http:\/\/obispadodezaratecampana.org\/wp-content\/uploads\/2018\/07\/7778867-300x199.jpg\" alt=\"_7778867\" width=\"300\" height=\"199\" srcset=\"https:\/\/obispadodezaratecampana.org\/wp-content\/uploads\/2018\/07\/7778867-300x199.jpg 300w, https:\/\/obispadodezaratecampana.org\/wp-content\/uploads\/2018\/07\/7778867-1024x680.jpg 1024w\" sizes=\"(max-width: 300px) 100vw, 300px\" \/><\/a><\/p>\n<p style=\"text-align: justify;\"><span style=\"color: rgb(0, 0, 128);\">Convocados por nuestra Madre hemos venido desde muchos rincones del pa\u00eds para ponernos bajo su mirada en este momento tan delicado para nuestra Patria. Estamos perplejos y doloridos ante la posibilidad de que se sancione la ley de despenalizaci\u00f3n del aborto. Ser\u00eda la primera vez que se dictar\u00eda en la Argentina y en tiempos de democracia, una ley que legitime la eliminaci\u00f3n de un ser humano por otro ser humano. La Virgen conoce este desamparo y esta tristeza, los conoce por experiencia propia al pie de la cruz, esa experiencia que acabamos de recordar en la lectura del Evangelio. All\u00ed, Jes\u00fas la hizo Madre de todos los hombres y ante esta querida imagen de Luj\u00e1n que ha sabido recibir las penas y las alegr\u00edas de todo el pueblo argentino a lo largo de su historia, queremos encontrar en su tierna mirada el calor de hogar, la serenidad del coraz\u00f3n, la luz de la sabidur\u00eda y las fortalezas necesarias para aportar lo mejor de nosotros en este momento.<\/span><\/p>\n<p style=\"text-align: justify;\"><span style=\"color: rgb(0, 0, 128);\">Hemos venido para pedirle que nos ense\u00f1e los caminos para aprender a respetar la vida, a cuidarla, a defenderla y a servirla.<\/span><\/p>\n<p style=\"text-align: justify;\"><span style=\"color: rgb(0, 0, 128);\">A respetarla, porque la vida es puro don de Dios, por eso es sagrada. Nosotros no somos sus due\u00f1os. Somos administradores de este gran bien. Ella es el bien primero y fundamental, un bien que est\u00e1 m\u00e1s all\u00e1 de nosotros. Un bien que no \u201cfabricamos\u201d aunque tengamos la maravillosa posibilidad de transmitirlo cooperando con el Creador.<\/span><\/p>\n<p style=\"text-align: justify;\"><span style=\"color: rgb(0, 0, 128);\">Le pedimos tambi\u00e9n aprender a cuidarla. Cuando empez\u00e1bamos a trabajar hace varios a\u00f1os en los centros de recuperaci\u00f3n de j\u00f3venes con adicciones, centros barriales, hogares de Cristo, el Papa Francisco nos dec\u00eda: \u201cReciban la vida como viene\u201d<\/span><\/p>\n<p style=\"text-align: justify;\"><span style=\"color: rgb(0, 0, 128);\">Sabemos que no siempre es f\u00e1cil recibir la vida como viene, a veces se presenta en contextos conflictivos y angustiosos. Sin embargo, siempre es posible cuidarla y defenderla.<\/span><\/p>\n<p style=\"text-align: justify;\"><span style=\"color: rgb(0, 0, 128);\">Sentimos la necesidad de agradecer en esta Eucarist\u00eda en la que celebramos la Vida, a tantas madres que han sabido superar circunstancias muy complejas optando por cuidar y defender al ni\u00f1o que llevan consigo.<\/span><\/p>\n<p style=\"text-align: justify;\"><span style=\"color: rgb(0, 0, 128);\">Los varones no podemos sentir en nuestro cuerpo la presencia de otro ser humano que crece. No podemos experimentarlo en nosotros. Son las mujeres las que nos transmiten este coraje y esta entrega por el compromiso corporal que tienen con la vida y por su cercan\u00eda con ella.<\/span><\/p>\n<p style=\"text-align: justify;\"><span style=\"color: rgb(0, 0, 128);\">Le vamos a pedir tambi\u00e9n a la Virgencita aprender a ser servidores de la vida, es decir a crear circunstancias aptas para su venida y su desarrollo. Aquellos que decimos que defendemos la vida desde la concepci\u00f3n hasta su t\u00e9rmino natural pasando por todas las etapas de su crecimiento, no podemos quedarnos en enunciados y en palabras. Tenemos que asumir el compromiso social concreto que nos lleve a crear condiciones dignas para recibir la vida, acompa\u00f1ando muy cercanamente a aquellas hermanas nuestras que tienen embarazos en situaciones ps\u00edquicas y sociales sumamente vulnerables y fr\u00e1giles.<\/span><\/p>\n<p style=\"text-align: justify;\"><span style=\"color: rgb(0, 0, 128);\">Es necesario encontrar soluciones nuevas y creativas para que ninguna mujer busque recurrir a un desenlace que no es soluci\u00f3n para nadie.<\/span><\/p>\n<p style=\"text-align: justify;\"><span style=\"color: rgb(0, 0, 128);\">Nos dice el Papa Francisco en su Carta sobre la Santidad: \u201cLa defensa del inocente que no ha nacido debe ser clara, firme y apasionada porque all\u00ed est\u00e1 en juego la dignidad de la vida humana siempre sagrada y lo exige el amor a cada persona m\u00e1s all\u00e1 de su desarrollo. Pero igualmente sagrada es la vida de los pobres que ya han nacido, que se debaten en la miseria, el abandono, la postergaci\u00f3n, la trata de personas, la eutanasia encubierta en los enfermos y los ancianos privados de atenci\u00f3n, las nuevas formas de esclavitud y en toda forma de descarte\u201d (Gaudete et Exsultate 101)<\/span><\/p>\n<p style=\"text-align: justify;\"><span style=\"color: rgb(0, 0, 128);\">Quisi\u00e9ramos decirles una palabra de Pastores a los y las j\u00f3venes que est\u00e1n inmersos en una cultura que muchas veces los envuelve y los confunde. Una cultura consumista que les dice: Con tu cuerpo hac\u00e9 lo que quieras y tambi\u00e9n: Vos pens\u00e1 como quieras pero d\u00e9jame a m\u00ed hacer lo que quiero.<\/span><\/p>\n<p style=\"text-align: justify;\"><span style=\"color: rgb(0, 0, 128);\">Con mucho afecto queremos transmitirles lo que pensamos y sentimos de coraz\u00f3n: \u201cNuestro cuerpo es templo del Esp\u00edritu Santo (2 Cor. 6,16), somos inmensamente amados por Dios que nos pens\u00f3 desde toda la eternidad y nos conoce precisamente desde el vientre de nuestra madre\u201d (Jer. 1,5; Sal. 139, 3-16)<\/span><\/p>\n<p style=\"text-align: justify;\"><span style=\"color: rgb(0, 0, 128);\">Hemos recibido nuestra vida como don, por eso debemos cuidarla, tampoco somos due\u00f1os de otra vida humana. Es otro cuerpo, otra vida sobre la que no tenemos poder. Chicos y chicas, el aborto no es un derecho sino un drama.<\/span><\/p>\n<p style=\"text-align: justify;\"><span style=\"color: rgb(0, 0, 128);\">Este drama nos llena de angustia porque se puede plantear la opci\u00f3n entre dos vidas. Pero el drama tiene un final abierto y podes decidir en favor de las dos. Tampoco es cierto que vos podes hacer lo que quieras y que a nosotros no nos debe importar. Este razonamiento es fruto de una cultura que nos obliga a desentendernos de los dem\u00e1s como si la Patria fuera un amontonamiento de individuos en el que a nadie le importa que el otro se lastime. Cuanto m\u00e1s queremos a las personas, m\u00e1s nos importa lo que les pasa.<\/span><\/p>\n<p style=\"text-align: justify;\"><span style=\"color: rgb(0, 0, 128);\">Le hemos pedido entonces a nuestra Madre que nos ense\u00f1e a respetar la vida, a cuidarla, a defenderla y a servirla. Los argentinos no podemos perder esa hospitalidad esencial de todo ser humano: La capacidad de recibir con los brazos abiertos a todos aquellos que han sido invitados al banquete de la vida, preparando para ellos una casa digna de ser habitada, una Patria m\u00e1s justa, m\u00e1s fraterna y m\u00e1s humana.<\/span><\/p>\n<p style=\"text-align: justify;\"><span style=\"color: rgb(0, 0, 128);\">En este Santuario se han depositado los secretos del coraz\u00f3n de tantas personas, especialmente de tantas madres que han encontrado descanso en la mirada misericordiosa de Mar\u00eda. Volvamos a detenernos ante esa mirada y pid\u00e1mosle que nos de su bendici\u00f3n.<\/span><\/p>\n<p style=\"text-align: justify;\"><span style=\"color: rgb(0, 0, 128);\">Pid\u00e1mosle tambi\u00e9n que a trav\u00e9s nuestro mire a todos los hogares del pa\u00eds, especialmente a nuestros j\u00f3venes, a nuestros ni\u00f1os y ni\u00f1as que crecen en el vientre de sus madres y que son nuestra mayor riqueza, nuestro mayor tesoro.<\/span><\/p>\n<p style=\"text-align: justify;\"><span style=\"color: rgb(0, 0, 128);\">\u00a0 \u00a0 \u00a0 \u00a0 \u00a0 \u00a0 \u00a0 \u00a0 \u00a0 \u00a0 \u00a0 \u00a0 \u00a0 \u00a0 \u00a0 \u00a0 \u00a0 \u00a0 \u00a0 \u00a0 \u00a0 \u00a0 \u00a0 \u00a0 \u2020 Mons. Oscar Ojea<\/span><br \/>\n<span style=\"color: rgb(0, 0, 128);\">\u00a0 \u00a0 \u00a0 \u00a0 \u00a0 \u00a0 \u00a0 \u00a0 \u00a0 \u00a0 \u00a0 \u00a0 \u00a0 \u00a0 \u00a0 \u00a0 \u00a0 \u00a0 \u00a0 \u00a0 \u00a0 \u00a0 \u00a0 \u00a0 Obispo de San Isidro<\/span><br \/>\n<span style=\"color: rgb(0, 0, 128);\">\u00a0 \u00a0 \u00a0 \u00a0 \u00a0 \u00a0 \u00a0 \u00a0 \u00a0 \u00a0 \u00a0 \u00a0 \u00a0 \u00a0 \u00a0 Presidente Conferencia Episcopal Argentina<\/span><\/p>\n<!-- AddThis Advanced Settings generic via filter on the_content --><!-- AddThis Share Buttons generic via filter on the_content -->","protected":false},"excerpt":{"rendered":"<p>Misa por la Vida &#8211; Domingo 8 de Julio de 2018 La Conferencia Episcopal Argentina convoc\u00f3 este domingo a una celebraci\u00f3n por la Vida en [&hellip;]<!-- AddThis Advanced Settings generic via filter on get_the_excerpt --><!-- AddThis Share Buttons generic via filter on get_the_excerpt --><\/p>\n","protected":false},"author":2,"featured_media":14967,"comment_status":"open","ping_status":"open","sticky":false,"template":"","format":"standard","meta":{"footnotes":""},"categories":[5,1],"tags":[],"class_list":["post-14966","post","type-post","status-publish","format-standard","has-post-thumbnail","hentry","category-generales","category-noticiasdiocesanas"],"_links":{"self":[{"href":"https:\/\/obispadodezaratecampana.org\/index.php?rest_route=\/wp\/v2\/posts\/14966","targetHints":{"allow":["GET"]}}],"collection":[{"href":"https:\/\/obispadodezaratecampana.org\/index.php?rest_route=\/wp\/v2\/posts"}],"about":[{"href":"https:\/\/obispadodezaratecampana.org\/index.php?rest_route=\/wp\/v2\/types\/post"}],"author":[{"embeddable":true,"href":"https:\/\/obispadodezaratecampana.org\/index.php?rest_route=\/wp\/v2\/users\/2"}],"replies":[{"embeddable":true,"href":"https:\/\/obispadodezaratecampana.org\/index.php?rest_route=%2Fwp%2Fv2%2Fcomments&post=14966"}],"version-history":[{"count":1,"href":"https:\/\/obispadodezaratecampana.org\/index.php?rest_route=\/wp\/v2\/posts\/14966\/revisions"}],"predecessor-version":[{"id":14970,"href":"https:\/\/obispadodezaratecampana.org\/index.php?rest_route=\/wp\/v2\/posts\/14966\/revisions\/14970"}],"wp:featuredmedia":[{"embeddable":true,"href":"https:\/\/obispadodezaratecampana.org\/index.php?rest_route=\/wp\/v2\/media\/14967"}],"wp:attachment":[{"href":"https:\/\/obispadodezaratecampana.org\/index.php?rest_route=%2Fwp%2Fv2%2Fmedia&parent=14966"}],"wp:term":[{"taxonomy":"category","embeddable":true,"href":"https:\/\/obispadodezaratecampana.org\/index.php?rest_route=%2Fwp%2Fv2%2Fcategories&post=14966"},{"taxonomy":"post_tag","embeddable":true,"href":"https:\/\/obispadodezaratecampana.org\/index.php?rest_route=%2Fwp%2Fv2%2Ftags&post=14966"}],"curies":[{"name":"wp","href":"https:\/\/api.w.org\/{rel}","templated":true}]}}