{"id":14961,"date":"2018-07-11T14:39:39","date_gmt":"2018-07-11T17:39:39","guid":{"rendered":"http:\/\/obispadodezaratecampana.org\/?p=14961"},"modified":"2018-07-11T14:39:39","modified_gmt":"2018-07-11T17:39:39","slug":"comenzo-el-v-congreso-americano-misionero-en-bolivia","status":"publish","type":"post","link":"https:\/\/obispadodezaratecampana.org\/?p=14961","title":{"rendered":"Comenz\u00f3 el V Congreso Americano Misionero en Bolivia"},"content":{"rendered":"<h4 class=\"tituloPost\" style=\"color: rgb(51, 102, 204); text-align: justify;\"><em><span style=\"color: #000080;\">El Padre Gabriel Micheli est\u00e1 participando del V Congreso Americano Misionero en Bolivia.\u00a0<\/span><\/em><\/h4>\n<h4 class=\"tituloPost\" style=\"color: rgb(51, 102, 204); text-align: justify;\"><em><span style=\"color: #000080;\">Comparte con la comunidad diocesana fotos y saludos del Padre Opeka que estar\u00e1 en nuestra di\u00f3cesis el 12 de julio 10 hs en la Capilla Medalla Milagrosa de Escobar, calle Los Lazaristas 947:<\/span><\/em><\/h4>\n<p><strong><a title=\"Opeka\" href=\"https:\/\/youtu.be\/EvjfmNhQfDc\" target=\"_blank\"><span style=\"color: #333333;\">https:\/\/youtu.be\/EvjfmNhQfDc<\/span><\/a><\/strong><\/p>\n<div class=\"tituloPost\" style=\"color: rgb(51, 102, 204); text-align: justify;\"><\/div>\n<div class=\"tituloPost\" style=\"color: rgb(51, 102, 204); text-align: center;\"><a href=\"http:\/\/obispadodezaratecampana.org\/wp-content\/uploads\/2018\/07\/36967557_2018271091836661_8849705239243128832_n1.jpg\"><img fetchpriority=\"high\" decoding=\"async\" class=\"alignnone size-medium wp-image-14963\" src=\"http:\/\/obispadodezaratecampana.org\/wp-content\/uploads\/2018\/07\/36967557_2018271091836661_8849705239243128832_n1-300x225.jpg\" alt=\"36967557_2018271091836661_8849705239243128832_n\" width=\"300\" height=\"225\" srcset=\"https:\/\/obispadodezaratecampana.org\/wp-content\/uploads\/2018\/07\/36967557_2018271091836661_8849705239243128832_n1-300x225.jpg 300w, https:\/\/obispadodezaratecampana.org\/wp-content\/uploads\/2018\/07\/36967557_2018271091836661_8849705239243128832_n1.jpg 960w\" sizes=\"(max-width: 300px) 100vw, 300px\" \/><\/a> <a href=\"http:\/\/obispadodezaratecampana.org\/wp-content\/uploads\/2018\/07\/36914085_2018272175169886_4638899562575036416_n.jpg\"><img decoding=\"async\" class=\"alignnone size-medium wp-image-14964\" src=\"http:\/\/obispadodezaratecampana.org\/wp-content\/uploads\/2018\/07\/36914085_2018272175169886_4638899562575036416_n-300x168.jpg\" alt=\"36914085_2018272175169886_4638899562575036416_n\" width=\"300\" height=\"168\" srcset=\"https:\/\/obispadodezaratecampana.org\/wp-content\/uploads\/2018\/07\/36914085_2018272175169886_4638899562575036416_n-300x168.jpg 300w, https:\/\/obispadodezaratecampana.org\/wp-content\/uploads\/2018\/07\/36914085_2018272175169886_4638899562575036416_n.jpg 960w\" sizes=\"(max-width: 300px) 100vw, 300px\" \/><\/a><\/div>\n<div class=\"tituloPost\" style=\"color: rgb(51, 102, 204); text-align: justify;\"><\/div>\n<div class=\"tituloPost\" style=\"color: rgb(51, 102, 204); text-align: justify;\"><\/div>\n<div class=\"tituloPost\" style=\"color: rgb(51, 102, 204); text-align: justify;\"><strong><span style=\"color: #333399;\">Comenz\u00f3 el V Congreso Americano Misionero en Bolivia<\/span><\/strong><\/div>\n<div style=\"color: rgb(100, 143, 196); text-align: justify;\"><span style=\"color: #333399;\"><b>Mi\u00e9rcoles<\/b><\/span><strong style=\"color: rgb(100, 143, 196);\"><span style=\"color: #333399;\">\u00a011 Julio 2018\u00a0<\/span><\/strong><\/p>\n<div style=\"font-weight: bold;\"><\/div>\n<\/div>\n<div class=\"copetePost\" style=\"text-align: justify;\">\n<div><\/div>\n<p><span style=\"color: rgb(51, 51, 153);\">Santa Cruz de la Sierra (Bolivia) (AICA):\u00a0\u201cAm\u00e9rica en misi\u00f3n, el Evangelio es alegr\u00eda\u201d, es el lema que anima el V Congreso Americano Misionero (VCAM) que comenz\u00f3 ayer, martes 10 de julio, en Santa Cruz de la Sierra, Bolivia. El delegado del papa Francisco, cardenal Fernando Filoni, prefecto de la Congregaci\u00f3n para la Evangelizaci\u00f3n de los Pueblos, presidi\u00f3 la misa de inauguraci\u00f3n en el atrio de la catedral San Lorenzo de Santa Cruz de la Sierra. M\u00e1s de tres mil misioneros, provenientes de 25 pa\u00edses, participan del encuentro, que se extender\u00e1 hasta el s\u00e1bado 14.<\/span><\/div>\n<div style=\"text-align: justify;\"><\/div>\n<div id=\"descripcionPost\" class=\"descripcionPost\" style=\"text-align: justify;\"><span style=\"color: rgb(51, 51, 153);\">Comenz\u00f3 ayer, martes 10 de julio, el V Congreso Americano Misionero (VCAM) en Santa Cruz de la Sierra, Bolivia, y se extender\u00e1 hasta el s\u00e1bado 14, con el lema \u201cAm\u00e9rica en misi\u00f3n, el Evangelio es alegr\u00eda\u201d. El delegado del papa Francisco, cardenal Fernando Filoni, prefecto de la Congregaci\u00f3n para la Evangelizaci\u00f3n de los Pueblos, presidi\u00f3 la misa de inauguraci\u00f3n en el atrio de la catedral San Lorenzo de Santa Cruz de la Sierra y anim\u00f3 a los m\u00e1s de tres mil participantes a ser \u201ccre\u00edbles con el testimonio\u201d en la vida misionera.\u00a0<\/span><\/p>\n<p><span style=\"color: rgb(51, 51, 153);\">Los asistentes durante estos d\u00edas renovar\u00e1n el compromiso misionero de la Iglesia y buscar\u00e1n maneras de reforzar las principales l\u00edneas pastorales. En los cinco d\u00edas habr\u00e1 cinco grandes ponencias que luego se reflexionar\u00e1n en similar n\u00famero de subasambleas, en el marco de las l\u00edneas misioneras se\u00f1aladas. Tambi\u00e9n se efectuar\u00e1n 12 talleres con distintos temas de la misi\u00f3n bajo la metodolog\u00eda: \u201cver, juzgar y actuar\u201d.\u00a0<\/span><\/p>\n<p><span style=\"color: rgb(51, 51, 153);\">Entre los presentes en el congreso hay 90 obispos, dos cardenales, el nuevo cardenal de Bolivia, Toribio Ticona\u2013, 450 sacerdotes, 1.306 delegados de los 24 pa\u00edses de Am\u00e9rica, 110 especialistas ponentes, 245 voluntarios y 1.203 delegados misioneros de las 18 jurisdicciones eclesiales de Bolivia.\u00a0<\/span><\/p>\n<p><span style=\"color: rgb(51, 51, 153);\">El primer Congreso Americano Misionero se realiz\u00f3 en la Argentina (1999), el segundo en Guatemala (2003), el tercero en Ecuador (2008) y el cuarto en Venezuela (2013).\u00a0<\/span><\/p>\n<p><span style=\"color: rgb(51, 51, 153);\"><span style=\"font-weight: bold;\">La misa de apertura<\/span>\u00a0<\/span><br \/>\n<span style=\"color: rgb(51, 51, 153);\">El cardenal Filoni presidi\u00f3 la celebraci\u00f3n inicial y pidi\u00f3 a los participantes no perder de vista el verdadero prop\u00f3sito de la misi\u00f3n de la Iglesia, que consiste en \u201cponer a Jes\u00fas como centro, como nombre y como coraz\u00f3n, pues corremos el riesgo de hacer otra cosa, una mera filantrop\u00eda, que se volver\u00e1 vac\u00eda y carente de credibilidad\u201d.\u00a0<\/span><\/p>\n<table border=\"0\" cellspacing=\"0\" cellpadding=\"0\" align=\"center\">\n<tbody>\n<tr>\n<td><span style=\"color: rgb(51, 51, 153);\"><img decoding=\"async\" src=\"http:\/\/www.aica.org\/subidas\/4107.jpg\" alt=\"\" width=\"416\" height=\"200\" border=\"0\" \/><\/span><\/td>\n<\/tr>\n<\/tbody>\n<\/table>\n<p><span style=\"color: rgb(51, 51, 153);\">\u201cHoy es fundamental ser cre\u00edbles pero no por la multiplicidad de nuestras palabras sino por el testimonio de la vida recibida en Cristo\u201d, sostuvo el cardenal durante la homil\u00eda. \u201cCualquier obra misionera es al mismo tiempo anuncio y testimonio\u201d, porque \u201cen el arrepentimiento est\u00e1 el perd\u00f3n\u201d y \u201ctener esta conciencia significa reconocer lo que Dios ha hecho en m\u00ed y conmigo; si falta esta conciencia personal resultamos superficiales, nos quedamos vac\u00edos y no somos para nada cre\u00edbles\u201d.\u00a0<\/span><\/p>\n<p><span style=\"color: rgb(51, 51, 153);\">Propuso a los asistentes compartir la experiencia personal \u201cque es abrir el surco de la vida a los dem\u00e1s para que Dios ponga la semilla de la vida y d\u00e9 la gracia de esta experiencia existencial que nace del empuje, ese &#8220;urget&#8221;, como dice San Pablo en la segunda carta a los Corintios que lleva aquella caridad que es la vida misionera\u201d.\u00a0<\/span><\/p>\n<p><span style=\"color: rgb(51, 51, 153);\">En la eucarist\u00eda de apertura concelebraron los obispos de Bolivia, en particular, el presidente de la Conferencia Episcopal, monse\u00f1or Ricardo Centellas y el nuevo cardenal de Bolivia, monse\u00f1or Toribio Porco Ticona.\u00a0<\/span><\/p>\n<p><span style=\"color: rgb(51, 51, 153);\">Concluida la misa, fue descubierto el monumento al cardenal Julio Terrazas, uno de los principales impulsores de este Congreso Misionero, que falleci\u00f3 en diciembre de 2015.\u00a0<\/span><\/p>\n<table border=\"0\" cellspacing=\"0\" cellpadding=\"0\" align=\"center\">\n<tbody>\n<tr>\n<td><span style=\"color: rgb(51, 51, 153);\"><img loading=\"lazy\" decoding=\"async\" src=\"http:\/\/www.aica.org\/subidas\/4108.jpg\" alt=\"\" width=\"416\" height=\"200\" border=\"0\" \/><\/span><\/td>\n<\/tr>\n<\/tbody>\n<\/table>\n<p><span style=\"font-weight: bold; color: rgb(51, 51, 153);\">El mensaje de Francisco\u00a0<\/span><br \/>\n<span style=\"color: rgb(51, 51, 153);\">El papa Francisco se hizo presente en el VCAM mediante un mensaje le\u00eddo en el inicio del encuentro por monse\u00f1or Stanislaw Dowlaszewicz, obispo auxiliar de la arquidi\u00f3cesis de Santa Cruz de la Sierra.\u00a0<\/span><\/p>\n<p><span style=\"color: rgb(51, 51, 153);\">El Papa sugiri\u00f3 a los participantes \u201crenovar la vida eclesial para que cada vez sea m\u00e1s misionera\u201d y dio a conocer que el cardenal Fernando Filoni ser\u00e1 su delegado durante estos d\u00edas.\u00a0<\/span><\/p>\n<p><span style=\"color: rgb(51, 51, 153);\">\u201cEstar\u00e1s presente en nuestro lugar en la ciudad de Santa Cruz de la Sierra y, dada tambi\u00e9n esta ocasi\u00f3n \u00fanica, har\u00e1s una ferviente acci\u00f3n de gracias junto a los pastores y a todos los fieles cristianos, por los grandes dones de la fe y del bautismo, que nos hacen part\u00edcipes de la vida, muerte y resurrecci\u00f3n de Cristo, y para que se siga adelante con gran empe\u00f1o, alegr\u00eda y confianza la nueva evangelizaci\u00f3n, de modo que all\u00ed se renueve la vida eclesial y sea cada vez m\u00e1s misionera\u201d, manifest\u00f3 el papa Francisco en el mensaje.\u00a0<\/span><\/p>\n<p><span style=\"color: rgb(51, 51, 153);\">El cardenal se\u00f1al\u00f3 al respecto que \u201cno hay que olvidar que la misi\u00f3n es una bendici\u00f3n, tanto para el que es enviado a hacer presente el Evangelio en todos los pueblos del mundo, como para el que acoge el mensaje de Jes\u00fas\u201d.\u00a0<\/span><\/p>\n<p><em><span style=\"color: #333399;\">Para m\u00e1s informaci\u00f3n, ingres\u00e1 a\u00a0<a style=\"color: #3366cc;\" title=\"\" href=\"http:\/\/www.aica.org\/li.php?r=cVphRHl1U3J0WnpadjNURjE4cCtucVN1bWJiYndaNm4zSUtFdHArcGtxT2xyWkc5NUt1MXV0KzlsdGJnNDd5Q3BvS21wZUhubHBEYW1LcTEyNmlleUtpQmxhZWI1cHVrNjZaMHg5NjZuNTdqbW9PMjRkZUZldVd0WThtZnA1N0lxWUtHbHVYbm02bmVsYWVn\" target=\"_blank\"><span style=\"color: #333399;\">www.vcambolivia.com<\/span><\/a>.+\u00a0<\/span><\/em><\/div>\n<!-- AddThis Advanced Settings generic via filter on the_content --><!-- AddThis Share Buttons generic via filter on the_content -->","protected":false},"excerpt":{"rendered":"<p>El Padre Gabriel Micheli est\u00e1 participando del V Congreso Americano Misionero en Bolivia.\u00a0 Comparte con la comunidad diocesana fotos y saludos del Padre Opeka que [&hellip;]<!-- AddThis Advanced Settings generic via filter on get_the_excerpt --><!-- AddThis Share Buttons generic via filter on get_the_excerpt --><\/p>\n","protected":false},"author":2,"featured_media":14962,"comment_status":"open","ping_status":"open","sticky":false,"template":"","format":"standard","meta":{"footnotes":""},"categories":[5,1],"tags":[],"class_list":["post-14961","post","type-post","status-publish","format-standard","has-post-thumbnail","hentry","category-generales","category-noticiasdiocesanas"],"_links":{"self":[{"href":"https:\/\/obispadodezaratecampana.org\/index.php?rest_route=\/wp\/v2\/posts\/14961","targetHints":{"allow":["GET"]}}],"collection":[{"href":"https:\/\/obispadodezaratecampana.org\/index.php?rest_route=\/wp\/v2\/posts"}],"about":[{"href":"https:\/\/obispadodezaratecampana.org\/index.php?rest_route=\/wp\/v2\/types\/post"}],"author":[{"embeddable":true,"href":"https:\/\/obispadodezaratecampana.org\/index.php?rest_route=\/wp\/v2\/users\/2"}],"replies":[{"embeddable":true,"href":"https:\/\/obispadodezaratecampana.org\/index.php?rest_route=%2Fwp%2Fv2%2Fcomments&post=14961"}],"version-history":[{"count":1,"href":"https:\/\/obispadodezaratecampana.org\/index.php?rest_route=\/wp\/v2\/posts\/14961\/revisions"}],"predecessor-version":[{"id":14965,"href":"https:\/\/obispadodezaratecampana.org\/index.php?rest_route=\/wp\/v2\/posts\/14961\/revisions\/14965"}],"wp:featuredmedia":[{"embeddable":true,"href":"https:\/\/obispadodezaratecampana.org\/index.php?rest_route=\/wp\/v2\/media\/14962"}],"wp:attachment":[{"href":"https:\/\/obispadodezaratecampana.org\/index.php?rest_route=%2Fwp%2Fv2%2Fmedia&parent=14961"}],"wp:term":[{"taxonomy":"category","embeddable":true,"href":"https:\/\/obispadodezaratecampana.org\/index.php?rest_route=%2Fwp%2Fv2%2Fcategories&post=14961"},{"taxonomy":"post_tag","embeddable":true,"href":"https:\/\/obispadodezaratecampana.org\/index.php?rest_route=%2Fwp%2Fv2%2Ftags&post=14961"}],"curies":[{"name":"wp","href":"https:\/\/api.w.org\/{rel}","templated":true}]}}