{"id":14958,"date":"2018-06-28T22:30:23","date_gmt":"2018-06-29T01:30:23","guid":{"rendered":"http:\/\/obispadodezaratecampana.org\/?p=14958"},"modified":"2018-06-28T22:30:23","modified_gmt":"2018-06-29T01:30:23","slug":"segui-dia-a-dia-las-actividades-de-la-novena-de-la-catedral-de-nuestra-diocesis","status":"publish","type":"post","link":"https:\/\/obispadodezaratecampana.org\/?p=14958","title":{"rendered":"Segu\u00ed d\u00eda a d\u00eda las actividades de la novena de la Catedral de nuestra di\u00f3cesis"},"content":{"rendered":"<h3 style=\"text-align: center;\"><span style=\"color: #ff6600;\">Segu\u00ed d\u00eda a d\u00eda la Novena de la Fiesta Patronal de la Catedral de nuestra di\u00f3cesis de Z\u00e1rate &#8211; Campana desde el perfil de facebook del Semanario:<\/span><\/h3>\n<h3 style=\"text-align: center;\"><span style=\"color: #ff6600;\"><a title=\"Semanario de la Catedral\" href=\"https:\/\/www.facebook.com\/semanariocatedral\/\" target=\"_blank\"><span style=\"color: #ff6600;\">https:\/\/www.facebook.com\/semanariocatedral\/<\/span><\/a><\/span><\/h3>\n<p>&nbsp;<\/p>\n<p style=\"text-align: center;\"><span style=\"color: #ff6600;\"><a title=\"Semanario de la Catedral\" href=\"https:\/\/www.facebook.com\/semanariocatedral\/\" target=\"_blank\"><span style=\"color: #ff6600;\"><img fetchpriority=\"high\" decoding=\"async\" class=\"alignnone  wp-image-14959\" src=\"http:\/\/obispadodezaratecampana.org\/wp-content\/uploads\/2018\/06\/36338201_1858280654215530_3241947293338828800_o-300x211.jpg\" alt=\"36338201_1858280654215530_3241947293338828800_o\" width=\"371\" height=\"262\" srcset=\"https:\/\/obispadodezaratecampana.org\/wp-content\/uploads\/2018\/06\/36338201_1858280654215530_3241947293338828800_o-300x211.jpg 300w, https:\/\/obispadodezaratecampana.org\/wp-content\/uploads\/2018\/06\/36338201_1858280654215530_3241947293338828800_o-1024x723.jpg 1024w, https:\/\/obispadodezaratecampana.org\/wp-content\/uploads\/2018\/06\/36338201_1858280654215530_3241947293338828800_o.jpg 1280w\" sizes=\"(max-width: 371px) 100vw, 371px\" \/><\/span><\/a><\/span><\/p>\n<!-- AddThis Advanced Settings generic via filter on the_content --><!-- AddThis Share Buttons generic via filter on the_content -->","protected":false},"excerpt":{"rendered":"<p>Segu\u00ed d\u00eda a d\u00eda la Novena de la Fiesta Patronal de la Catedral de nuestra di\u00f3cesis de Z\u00e1rate &#8211; Campana desde el perfil de facebook [&hellip;]<!-- AddThis Advanced Settings generic via filter on get_the_excerpt --><!-- AddThis Share Buttons generic via filter on get_the_excerpt --><\/p>\n","protected":false},"author":2,"featured_media":14959,"comment_status":"open","ping_status":"open","sticky":false,"template":"","format":"standard","meta":{"footnotes":""},"categories":[3],"tags":[],"class_list":["post-14958","post","type-post","status-publish","format-standard","has-post-thumbnail","hentry","category-noticiasparroquiales"],"_links":{"self":[{"href":"https:\/\/obispadodezaratecampana.org\/index.php?rest_route=\/wp\/v2\/posts\/14958","targetHints":{"allow":["GET"]}}],"collection":[{"href":"https:\/\/obispadodezaratecampana.org\/index.php?rest_route=\/wp\/v2\/posts"}],"about":[{"href":"https:\/\/obispadodezaratecampana.org\/index.php?rest_route=\/wp\/v2\/types\/post"}],"author":[{"embeddable":true,"href":"https:\/\/obispadodezaratecampana.org\/index.php?rest_route=\/wp\/v2\/users\/2"}],"replies":[{"embeddable":true,"href":"https:\/\/obispadodezaratecampana.org\/index.php?rest_route=%2Fwp%2Fv2%2Fcomments&post=14958"}],"version-history":[{"count":1,"href":"https:\/\/obispadodezaratecampana.org\/index.php?rest_route=\/wp\/v2\/posts\/14958\/revisions"}],"predecessor-version":[{"id":14960,"href":"https:\/\/obispadodezaratecampana.org\/index.php?rest_route=\/wp\/v2\/posts\/14958\/revisions\/14960"}],"wp:featuredmedia":[{"embeddable":true,"href":"https:\/\/obispadodezaratecampana.org\/index.php?rest_route=\/wp\/v2\/media\/14959"}],"wp:attachment":[{"href":"https:\/\/obispadodezaratecampana.org\/index.php?rest_route=%2Fwp%2Fv2%2Fmedia&parent=14958"}],"wp:term":[{"taxonomy":"category","embeddable":true,"href":"https:\/\/obispadodezaratecampana.org\/index.php?rest_route=%2Fwp%2Fv2%2Fcategories&post=14958"},{"taxonomy":"post_tag","embeddable":true,"href":"https:\/\/obispadodezaratecampana.org\/index.php?rest_route=%2Fwp%2Fv2%2Ftags&post=14958"}],"curies":[{"name":"wp","href":"https:\/\/api.w.org\/{rel}","templated":true}]}}