{"id":14929,"date":"2018-06-28T11:43:53","date_gmt":"2018-06-28T14:43:53","guid":{"rendered":"http:\/\/obispadodezaratecampana.org\/?p=14929"},"modified":"2018-06-28T11:43:53","modified_gmt":"2018-06-28T14:43:53","slug":"agendar-sabado-1-de-septiembre-encuentro-diocesano-de-catequesis","status":"publish","type":"post","link":"https:\/\/obispadodezaratecampana.org\/?p=14929","title":{"rendered":"AGENDAR: S\u00c1BADO 1 DE SEPTIEMBRE ENCUENTRO DIOCESANO DE CATEQUESIS"},"content":{"rendered":"<p style=\"text-align: center;\">\n<p style=\"text-align: center;\">\n<h2 style=\"text-align: center;\"><span style=\"color: #ff9900;\"><strong>ENCUENTRO DIOCESANO DE CATEQUESIS<\/strong><\/span><\/h2>\n<p style=\"text-align: center;\"><strong><span style=\"color: #993300;\">DI\u00d3CESIS DE ZARATE &#8211; CAMPANA<\/span><\/strong><\/p>\n<h3 style=\"text-align: center;\"><strong><span style=\"color: #993300;\">S\u00c1BADO 1 DE SEPTIEMBRE 2018<\/span><\/strong><\/h3>\n<p style=\"text-align: center;\"><span style=\"color: #ff6600;\"><strong><em>Lugar: Escuela T\u00e9cnica N\u00b0 1\u00a0<\/em><\/strong><\/span><\/p>\n<p style=\"text-align: center;\"><span style=\"color: #ff6600;\"><strong><em>Cap. de Nav\u00edo Hip\u00f3lito Bouchard <\/em><\/strong><\/span><\/p>\n<p style=\"text-align: center;\"><span style=\"color: #ff6600;\"><strong><em>Calle Independencia 450<\/em><\/strong><\/span><\/p>\n<p style=\"text-align: center;\"><span style=\"color: #ff6600;\"><strong><em>Escobar<\/em><\/strong><\/span><\/p>\n<p style=\"text-align: center;\">\n<p style=\"text-align: center;\"><img fetchpriority=\"high\" decoding=\"async\" class=\"alignnone size-medium wp-image-14931\" src=\"http:\/\/obispadodezaratecampana.org\/wp-content\/uploads\/2018\/06\/Endica-20181-300x168.jpg\" alt=\"Endica 2018\" width=\"300\" height=\"168\" srcset=\"https:\/\/obispadodezaratecampana.org\/wp-content\/uploads\/2018\/06\/Endica-20181-300x168.jpg 300w, https:\/\/obispadodezaratecampana.org\/wp-content\/uploads\/2018\/06\/Endica-20181-1024x576.jpg 1024w, https:\/\/obispadodezaratecampana.org\/wp-content\/uploads\/2018\/06\/Endica-20181.jpg 1280w\" sizes=\"(max-width: 300px) 100vw, 300px\" \/><\/p>\n<!-- AddThis Advanced Settings generic via filter on the_content --><!-- AddThis Share Buttons generic via filter on the_content -->","protected":false},"excerpt":{"rendered":"<p>ENCUENTRO DIOCESANO DE CATEQUESIS DI\u00d3CESIS DE ZARATE &#8211; CAMPANA S\u00c1BADO 1 DE SEPTIEMBRE 2018 Lugar: Escuela T\u00e9cnica N\u00b0 1\u00a0 Cap. de Nav\u00edo Hip\u00f3lito Bouchard Calle [&hellip;]<!-- AddThis Advanced Settings generic via filter on get_the_excerpt --><!-- AddThis Share Buttons generic via filter on get_the_excerpt --><\/p>\n","protected":false},"author":2,"featured_media":14930,"comment_status":"open","ping_status":"open","sticky":false,"template":"","format":"standard","meta":{"footnotes":""},"categories":[1],"tags":[],"class_list":["post-14929","post","type-post","status-publish","format-standard","has-post-thumbnail","hentry","category-noticiasdiocesanas"],"_links":{"self":[{"href":"https:\/\/obispadodezaratecampana.org\/index.php?rest_route=\/wp\/v2\/posts\/14929","targetHints":{"allow":["GET"]}}],"collection":[{"href":"https:\/\/obispadodezaratecampana.org\/index.php?rest_route=\/wp\/v2\/posts"}],"about":[{"href":"https:\/\/obispadodezaratecampana.org\/index.php?rest_route=\/wp\/v2\/types\/post"}],"author":[{"embeddable":true,"href":"https:\/\/obispadodezaratecampana.org\/index.php?rest_route=\/wp\/v2\/users\/2"}],"replies":[{"embeddable":true,"href":"https:\/\/obispadodezaratecampana.org\/index.php?rest_route=%2Fwp%2Fv2%2Fcomments&post=14929"}],"version-history":[{"count":1,"href":"https:\/\/obispadodezaratecampana.org\/index.php?rest_route=\/wp\/v2\/posts\/14929\/revisions"}],"predecessor-version":[{"id":14932,"href":"https:\/\/obispadodezaratecampana.org\/index.php?rest_route=\/wp\/v2\/posts\/14929\/revisions\/14932"}],"wp:featuredmedia":[{"embeddable":true,"href":"https:\/\/obispadodezaratecampana.org\/index.php?rest_route=\/wp\/v2\/media\/14930"}],"wp:attachment":[{"href":"https:\/\/obispadodezaratecampana.org\/index.php?rest_route=%2Fwp%2Fv2%2Fmedia&parent=14929"}],"wp:term":[{"taxonomy":"category","embeddable":true,"href":"https:\/\/obispadodezaratecampana.org\/index.php?rest_route=%2Fwp%2Fv2%2Fcategories&post=14929"},{"taxonomy":"post_tag","embeddable":true,"href":"https:\/\/obispadodezaratecampana.org\/index.php?rest_route=%2Fwp%2Fv2%2Ftags&post=14929"}],"curies":[{"name":"wp","href":"https:\/\/api.w.org\/{rel}","templated":true}]}}