{"id":14912,"date":"2018-06-25T14:32:10","date_gmt":"2018-06-25T17:32:10","guid":{"rendered":"http:\/\/obispadodezaratecampana.org\/?p=14912"},"modified":"2018-06-25T14:33:25","modified_gmt":"2018-06-25T17:33:25","slug":"semana-social-22-23-y-24-de-junio-en-mar-del-plata","status":"publish","type":"post","link":"https:\/\/obispadodezaratecampana.org\/?p=14912","title":{"rendered":"Semana Social: 22, 23 y 24 de junio en Mar del Plata"},"content":{"rendered":"<p style=\"text-align: justify;\"><span style=\"color: #003300;\">\u00a0 \u00a0 \u00a0 \u00a0 \u00a0 \u00a0 \u00a0 \u00a0 \u00a0 \u00a0 \u00a0 \u00a0 \u00a0 \u00a0<strong>SEMANA SOCIAL 2018 MENSAJE FINAL<\/strong><\/span><br style=\"color: #1d2129;\" \/><br style=\"color: #1d2129;\" \/><strong><span style=\"color: #003300;\">\u00a0 \u00a0 \u00a0 \u00a0 \u00a0 \u00a0 \u00a0 \u00a0 \u00a0 \u00a0 \u00a0 \u00a0 \u00a0 \u00a0 <em>Mar del Plata 2018 &#8211;\u00a0<\/em><em>22, 23 y 24 de junio<\/em><\/span><\/strong><\/p>\n<p style=\"text-align: justify;\">\u00a0 \u00a0 \u00a0 \u00a0 \u00a0 \u00a0 \u00a0 \u00a0 \u00a0 \u00a0 \u00a0 \u00a0\u00a0<img decoding=\"async\" class=\"alignnone size-medium wp-image-14913\" src=\"http:\/\/obispadodezaratecampana.org\/wp-content\/uploads\/2018\/06\/36114149_1963177700392587_2119251887365554176_o-300x158.jpg\" alt=\"36114149_1963177700392587_2119251887365554176_o\" width=\"300\" height=\"158\" srcset=\"https:\/\/obispadodezaratecampana.org\/wp-content\/uploads\/2018\/06\/36114149_1963177700392587_2119251887365554176_o-300x158.jpg 300w, https:\/\/obispadodezaratecampana.org\/wp-content\/uploads\/2018\/06\/36114149_1963177700392587_2119251887365554176_o-1024x540.jpg 1024w, https:\/\/obispadodezaratecampana.org\/wp-content\/uploads\/2018\/06\/36114149_1963177700392587_2119251887365554176_o.jpg 1988w\" sizes=\"(max-width: 300px) 100vw, 300px\" \/><br style=\"color: #1d2129;\" \/><span class=\"text_exposed_show\" style=\"color: #003300;\"><br \/>\nCon el lema \u201cDemocracia, un camino de servicio a los pobres\u201d se realiz\u00f3 en la Ciudad de Mar del Plata la Semana Social, organizada en forma conjunta por el Obispado local y la Comisi\u00f3n Episcopal de Pastoral Social. Estos d\u00edas de encuentro y reflexi\u00f3n pusieron como centro de preocupaci\u00f3n y debate la deuda social de la democracia con los pobres. En los paneles desarrollados durante la jornada se resalt\u00f3 la urgencia de encontrar caminos de reparaci\u00f3n para la exclusi\u00f3n y la marginalidad creciente de millones de argentinos, as\u00ed como la responsabilidad de las instituciones democr\u00e1ticas en la promoci\u00f3n de pol\u00edticas de inclusi\u00f3n, empleo y protecci\u00f3n.<br \/>\nLa pobreza debe estar en el centro de las preocupaciones de la democracia, se enfatiz\u00f3 durante las deliberaciones, donde tambi\u00e9n se pidi\u00f3 que las pol\u00edticas de ajuste no se practiquen sobre los pobres.<br \/>\nCon el eje en una m\u00e1s equitativa distribuci\u00f3n de la riqueza, se record\u00f3 reiteradamente la necesidad de la aplicaci\u00f3n de nuevas normas \u00e9ticas sobre el sistema financiero, a la luz del reciente documento &#8220;Oeconomicae et pecuniariae quaestiones\u201d (Las Cuestiones Econ\u00f3micas y Financieras).<br \/>\nA lo largo de los tres d\u00edas, en el marco de un encuentro fraterno, participaron representantes del \u00e1mbito institucional, pol\u00edtico de distintos espacios partidarios, sindical, entidades empresarias, movimientos populares, delegados de diversas pastorales nacionales, equipos diocesanos y dirigentes de las organizaciones de la sociedad civil. Asimismo, durante el primer d\u00eda, se realiz\u00f3 el encuentro de j\u00f3venes del Programa Nuevos Dirigentes.<br \/>\nSe compartieron ideas y opiniones sobre varias cuestiones vinculadas al cuidado de los derechos humanos que dan contenido a la democracia, con sus valores de justicia, verdad e igualdad de oportunidades. Tambi\u00e9n al clamor de los pobres por la tierra y su h\u00e1bitat como uno de los pilares que nos ense\u00f1a el Papa Francisco con su llamado a promover el Trabajo, la Tierra y el Techo para todos, en el marco de su convocatoria -para octubre del 2019- al S\u00ednodo sobre Amazonia: Nuevos Caminos para la Iglesia y para una Econom\u00eda Integral.<br \/>\nTambi\u00e9n se denunciaron las pol\u00edticas que estimulan la explotaci\u00f3n indiscriminada de la naturaleza, causando da\u00f1os irreparables a la \u201ccasa com\u00fan\u201d bajo el predominio de un sistema tecnoecon\u00f3mico regido por el lucro y despojado de toda responsabilidad social.<br \/>\nCon la mirada agradecida por los 35 a\u00f1os en Democracia, pero con la preocupaci\u00f3n por las asignaturas pendientes, los paneles tambi\u00e9n se interrogaron sobre la deuda que la pol\u00edtica tiene con los pobres, en especial con los menores sometidos a los flagelos del desamparo, del trabajo infantil, la explotaci\u00f3n y la trata de personas.<br \/>\nEl Papa Francisco nos convoca permanentemente a buscar caminos para la promoci\u00f3n social y a rechazar modelos que anteponen el inter\u00e9s econ\u00f3mico o sectorial, con sus pol\u00edticas que colocan la dignidad humana en la periferia de las preocupaciones. En su mensaje para la Segunda Jornada Mundial de los Pobres (Vaticano 13\/06\/18) nos recuerda que \u201cEl Se\u00f1or escucha a los pobres que claman a \u00c9l. Escucha a aquellos que son perseguidos en nombre de una falsa justicia, oprimidos por pol\u00edticas indignas de este nombre y atemorizados por la violencia; y aun as\u00ed saben que en Dios tienen a su Salvador\u201d.<br \/>\nComo argentinos y comprometi\u00e9ndonos cada uno desde nuestro lugar, estamos llamados a consolidar la Democracia como \u00fanico camino para saldar su deuda con los pobres y descartados de nuestra patria.<\/span><\/p>\n<p style=\"text-align: justify;\"><span class=\"text_exposed_show\" style=\"color: #003300;\">Cercanos a Mar\u00eda que desde Luj\u00e1n nos dice: Argentina Canta y Camina. <\/span><\/p>\n<p style=\"text-align: justify;\"><em><span class=\"text_exposed_show\" style=\"color: #003300;\">Todo el material y detalles del encuentro en el siguiente enlace:<\/span><\/em><\/p>\n<p style=\"text-align: justify;\"><a title=\"Semana Social Mar del Plata \" href=\"http:\/\/semanasocial.org.ar\/index.php\/informaci%C3%B3n\/sala-de-prensa.html?limit=10&amp;limitstart=0\" target=\"_blank\"><em><span class=\"text_exposed_show\" style=\"color: #003300;\">http:\/\/semanasocial.org.ar\/index.php\/informaci%C3%B3n\/sala-de-prensa.html?limit=10&amp;limitstart=0<\/span><\/em><\/a><\/p>\n<p style=\"text-align: justify;\">\n<!-- AddThis Advanced Settings generic via filter on the_content --><!-- AddThis Share Buttons generic via filter on the_content -->","protected":false},"excerpt":{"rendered":"<p>\u00a0 \u00a0 \u00a0 \u00a0 \u00a0 \u00a0 \u00a0 \u00a0 \u00a0 \u00a0 \u00a0 \u00a0 \u00a0 \u00a0SEMANA SOCIAL 2018 MENSAJE FINAL\u00a0 \u00a0 \u00a0 \u00a0 \u00a0 \u00a0 \u00a0 \u00a0 [&hellip;]<!-- AddThis Advanced Settings generic via filter on get_the_excerpt --><!-- AddThis Share Buttons generic via filter on get_the_excerpt --><\/p>\n","protected":false},"author":2,"featured_media":14913,"comment_status":"open","ping_status":"open","sticky":false,"template":"","format":"standard","meta":{"footnotes":""},"categories":[5,1],"tags":[],"class_list":["post-14912","post","type-post","status-publish","format-standard","has-post-thumbnail","hentry","category-generales","category-noticiasdiocesanas"],"_links":{"self":[{"href":"https:\/\/obispadodezaratecampana.org\/index.php?rest_route=\/wp\/v2\/posts\/14912","targetHints":{"allow":["GET"]}}],"collection":[{"href":"https:\/\/obispadodezaratecampana.org\/index.php?rest_route=\/wp\/v2\/posts"}],"about":[{"href":"https:\/\/obispadodezaratecampana.org\/index.php?rest_route=\/wp\/v2\/types\/post"}],"author":[{"embeddable":true,"href":"https:\/\/obispadodezaratecampana.org\/index.php?rest_route=\/wp\/v2\/users\/2"}],"replies":[{"embeddable":true,"href":"https:\/\/obispadodezaratecampana.org\/index.php?rest_route=%2Fwp%2Fv2%2Fcomments&post=14912"}],"version-history":[{"count":2,"href":"https:\/\/obispadodezaratecampana.org\/index.php?rest_route=\/wp\/v2\/posts\/14912\/revisions"}],"predecessor-version":[{"id":14915,"href":"https:\/\/obispadodezaratecampana.org\/index.php?rest_route=\/wp\/v2\/posts\/14912\/revisions\/14915"}],"wp:featuredmedia":[{"embeddable":true,"href":"https:\/\/obispadodezaratecampana.org\/index.php?rest_route=\/wp\/v2\/media\/14913"}],"wp:attachment":[{"href":"https:\/\/obispadodezaratecampana.org\/index.php?rest_route=%2Fwp%2Fv2%2Fmedia&parent=14912"}],"wp:term":[{"taxonomy":"category","embeddable":true,"href":"https:\/\/obispadodezaratecampana.org\/index.php?rest_route=%2Fwp%2Fv2%2Fcategories&post=14912"},{"taxonomy":"post_tag","embeddable":true,"href":"https:\/\/obispadodezaratecampana.org\/index.php?rest_route=%2Fwp%2Fv2%2Ftags&post=14912"}],"curies":[{"name":"wp","href":"https:\/\/api.w.org\/{rel}","templated":true}]}}