{"id":14908,"date":"2018-06-16T14:04:33","date_gmt":"2018-06-16T17:04:33","guid":{"rendered":"http:\/\/obispadodezaratecampana.org\/?p=14908"},"modified":"2018-06-25T14:14:51","modified_gmt":"2018-06-25T17:14:51","slug":"domingo-17-junio-el-obispo-saluda-a-los-padre-en-su-dia","status":"publish","type":"post","link":"https:\/\/obispadodezaratecampana.org\/?p=14908","title":{"rendered":"Domingo 17 junio: El Obispo saluda a los padre en su d\u00eda"},"content":{"rendered":"<h4 style=\"color: rgb(34, 34, 34); text-align: center;\"><span style=\"color: rgb(153, 51, 0);\">Domingo 17 de junio 2018 D\u00cdA DEL PADRE<\/span><\/h4>\n<h4 style=\"color: rgb(34, 34, 34); text-align: justify;\"><span style=\"color: rgb(255, 102, 0);\">Queridos hijos: en este d\u00eda del Padre, pese a las dificultades que est\u00e9n atravesando, no se priven de ser felices con sus seres queridos, Dios nos quiere alegres.<\/span><\/h4>\n<h4 style=\"color: rgb(34, 34, 34); text-align: justify;\"><span style=\"color: rgb(255, 102, 0);\"><i>\u201cSu amor paterno nos invita: \u00abHijo, en cuanto te sea posible, cuida de ti mismo [\u2026]. No te prives de pasar un d\u00eda feliz\u00bb (Parr.127 Gaudete Et Exsultate)<\/i><\/span><\/h4>\n<h4 style=\"color: rgb(34, 34, 34); text-align: justify;\"><span style=\"color: rgb(255, 102, 0);\">Los bendigo y rezo por ustedes.\u00a0<\/span><\/h4>\n<h4 style=\"color: rgb(34, 34, 34); text-align: center;\"><span style=\"color: rgb(255, 102, 0);\">+ Pedro Laxague<\/span><\/h4>\n<h4 style=\"color: rgb(34, 34, 34); text-align: center;\"><span style=\"color: rgb(255, 102, 0);\">Obispo de Z\u00e1rate &#8211; Campana<\/span><\/h4>\n<h4 style=\"color: rgb(34, 34, 34); text-align: justify;\"><span style=\"color: #ff9900;\"><em>Descargar imagen desde aqu\u00ed:<\/em><\/span><\/h4>\n<h4 style=\"color: rgb(34, 34, 34); text-align: justify;\"><span style=\"color: #ff9900;\"><em><a title=\"dia del padre\" href=\"https:\/\/drive.google.com\/file\/d\/1dha4nCoSdhnW6MD5pZBi40yIC8i3stqc\/view?usp=sharing\" target=\"_blank\"><span style=\"color: #ff9900;\">https:\/\/drive.google.com\/file\/d\/1dha4nCoSdhnW6MD5pZBi40yIC8i3stqc\/view?usp=sharing<\/span><\/a><\/em><\/span><\/h4>\n<p style=\"text-align: center;\"><span style=\"color: rgb(255, 102, 0);\"><a href=\"http:\/\/obispadodezaratecampana.org\/wp-content\/uploads\/2018\/06\/Dia-del-Padre1.png\"><span style=\"color: rgb(255, 102, 0);\"><img fetchpriority=\"high\" decoding=\"async\" class=\"alignnone size-medium wp-image-14910\" src=\"http:\/\/obispadodezaratecampana.org\/wp-content\/uploads\/2018\/06\/Dia-del-Padre1-300x225.png\" alt=\"Dia del Padre\" width=\"300\" height=\"225\" srcset=\"https:\/\/obispadodezaratecampana.org\/wp-content\/uploads\/2018\/06\/Dia-del-Padre1-300x225.png 300w, https:\/\/obispadodezaratecampana.org\/wp-content\/uploads\/2018\/06\/Dia-del-Padre1.png 960w\" sizes=\"(max-width: 300px) 100vw, 300px\" \/><\/span><\/a><\/span><\/p>\n<!-- AddThis Advanced Settings generic via filter on the_content --><!-- AddThis Share Buttons generic via filter on the_content -->","protected":false},"excerpt":{"rendered":"<p>Domingo 17 de junio 2018 D\u00cdA DEL PADRE Queridos hijos: en este d\u00eda del Padre, pese a las dificultades que est\u00e9n atravesando, no se priven [&hellip;]<!-- AddThis Advanced Settings generic via filter on get_the_excerpt --><!-- AddThis Share Buttons generic via filter on get_the_excerpt --><\/p>\n","protected":false},"author":2,"featured_media":14909,"comment_status":"open","ping_status":"open","sticky":false,"template":"","format":"standard","meta":{"footnotes":""},"categories":[5,1],"tags":[],"class_list":["post-14908","post","type-post","status-publish","format-standard","has-post-thumbnail","hentry","category-generales","category-noticiasdiocesanas"],"_links":{"self":[{"href":"https:\/\/obispadodezaratecampana.org\/index.php?rest_route=\/wp\/v2\/posts\/14908","targetHints":{"allow":["GET"]}}],"collection":[{"href":"https:\/\/obispadodezaratecampana.org\/index.php?rest_route=\/wp\/v2\/posts"}],"about":[{"href":"https:\/\/obispadodezaratecampana.org\/index.php?rest_route=\/wp\/v2\/types\/post"}],"author":[{"embeddable":true,"href":"https:\/\/obispadodezaratecampana.org\/index.php?rest_route=\/wp\/v2\/users\/2"}],"replies":[{"embeddable":true,"href":"https:\/\/obispadodezaratecampana.org\/index.php?rest_route=%2Fwp%2Fv2%2Fcomments&post=14908"}],"version-history":[{"count":1,"href":"https:\/\/obispadodezaratecampana.org\/index.php?rest_route=\/wp\/v2\/posts\/14908\/revisions"}],"predecessor-version":[{"id":14911,"href":"https:\/\/obispadodezaratecampana.org\/index.php?rest_route=\/wp\/v2\/posts\/14908\/revisions\/14911"}],"wp:featuredmedia":[{"embeddable":true,"href":"https:\/\/obispadodezaratecampana.org\/index.php?rest_route=\/wp\/v2\/media\/14909"}],"wp:attachment":[{"href":"https:\/\/obispadodezaratecampana.org\/index.php?rest_route=%2Fwp%2Fv2%2Fmedia&parent=14908"}],"wp:term":[{"taxonomy":"category","embeddable":true,"href":"https:\/\/obispadodezaratecampana.org\/index.php?rest_route=%2Fwp%2Fv2%2Fcategories&post=14908"},{"taxonomy":"post_tag","embeddable":true,"href":"https:\/\/obispadodezaratecampana.org\/index.php?rest_route=%2Fwp%2Fv2%2Ftags&post=14908"}],"curies":[{"name":"wp","href":"https:\/\/api.w.org\/{rel}","templated":true}]}}