{"id":14900,"date":"2018-06-25T13:38:28","date_gmt":"2018-06-25T16:38:28","guid":{"rendered":"http:\/\/obispadodezaratecampana.org\/?p=14900"},"modified":"2018-06-25T13:38:28","modified_gmt":"2018-06-25T16:38:28","slug":"convocatoria-nacional-misa-por-la-vida-8-de-julio-11-hs-basilica-de-lujan","status":"publish","type":"post","link":"https:\/\/obispadodezaratecampana.org\/?p=14900","title":{"rendered":"Convocatoria Nacional: Misa por la Vida 8 de julio 11 hs, Bas\u00edlica de Luj\u00e1n"},"content":{"rendered":"<h4 style=\"text-align: center;\"><span style=\"color: rgb(51, 102, 255);\">Mar\u00eda de Luj\u00e1n a tus pies renovamos la esperanza que #valetodavida<\/span><\/h4>\n<h4 style=\"text-align: justify;\"><span style=\"color: rgb(51, 102, 255);\">El pr\u00f3ximo domingo 8 de julio a las 11.00 hs, el titular de la Conferencia Episcopal Argentina y Obispo de San Isidro, Monse\u00f1or Oscar V. Ojea, invita junto a Monse\u00f1or Agust\u00edn Radrizzani y Jorge Eduardo Scheinig, Arzobispo y Obispo Auxiliar de Mercedes-Luj\u00e1n respectivamente, y a Monse\u00f1or Pedro Laxague, Obispo de la di\u00f3cesis de Z\u00e1rate-Campana y Presidente de la Comisi\u00f3n Episcopal de Laicos y Familia, a la Misa por la Vida en presencia de la Madre y Patrona de la Argentina, en la Bas\u00edlica de Nuestra Se\u00f1ora de Luj\u00e1n.<\/span><\/h4>\n<h4 style=\"text-align: justify;\"><span style=\"color: rgb(51, 102, 255);\">Se invita a todas las comunidades a participar y unirse a esta celebraci\u00f3n para pedir al Se\u00f1or, por intercesi\u00f3n de Nuestra Virgen de Luj\u00e1n, la gracia de servir y cuidar de toda vida, en especial la del ni\u00f1o y ni\u00f1a por nacer, porque #ValeTodaVida.\u00a0<\/span><\/h4>\n<h4 style=\"text-align: center;\"><span style=\"color: rgb(51, 102, 255);\"><em>\u201cMar\u00eda, aurora del mundo nuevo, Madre de los vivientes, a Ti confiamos la causa de la vida\u201d<\/em><\/span><\/h4>\n<h4><span style=\"color: #3366ff;\">Im\u00e1genes para descargar desde los siguientes enlaces:\u00a0<\/span><\/h4>\n<p><a title=\"Texto CEA \" href=\"https:\/\/drive.google.com\/file\/d\/1ZoqlNdtxUOkt6snjvlO93WUr2tXL-74k\/view?usp=sharing\" target=\"_blank\">https:\/\/drive.google.com\/file\/d\/1ZoqlNdtxUOkt6snjvlO93WUr2tXL-74k\/view?usp=sharing<\/a><\/p>\n<p><a title=\"Invitaci\u00f3n Laxague\" href=\"https:\/\/drive.google.com\/file\/d\/17wgGo0bwydcjkrB1sh6PUdTXdr16qkkp\/view?usp=sharing\" target=\"_blank\">https:\/\/drive.google.com\/file\/d\/17wgGo0bwydcjkrB1sh6PUdTXdr16qkkp\/view?usp=sharing<\/a><\/p>\n<p>&nbsp;<\/p>\n<p style=\"text-align: center;\"><a href=\"http:\/\/obispadodezaratecampana.org\/wp-content\/uploads\/2018\/06\/Misa-8-de-julio-1.png\"><img fetchpriority=\"high\" decoding=\"async\" class=\"alignnone size-medium wp-image-14901\" src=\"http:\/\/obispadodezaratecampana.org\/wp-content\/uploads\/2018\/06\/Misa-8-de-julio-1-300x225.png\" alt=\"Misa 8 de julio (1)\" width=\"300\" height=\"225\" srcset=\"https:\/\/obispadodezaratecampana.org\/wp-content\/uploads\/2018\/06\/Misa-8-de-julio-1-300x225.png 300w, https:\/\/obispadodezaratecampana.org\/wp-content\/uploads\/2018\/06\/Misa-8-de-julio-1.png 960w\" sizes=\"(max-width: 300px) 100vw, 300px\" \/><\/a><\/p>\n<p style=\"text-align: center;\"><a href=\"http:\/\/obispadodezaratecampana.org\/wp-content\/uploads\/2018\/06\/Texto-Misa-8-julio-1.jpg\"><img decoding=\"async\" class=\"alignnone size-medium wp-image-14902\" src=\"http:\/\/obispadodezaratecampana.org\/wp-content\/uploads\/2018\/06\/Texto-Misa-8-julio-1-244x300.jpg\" alt=\"Texto Misa 8 julio (1)\" width=\"244\" height=\"300\" srcset=\"https:\/\/obispadodezaratecampana.org\/wp-content\/uploads\/2018\/06\/Texto-Misa-8-julio-1-244x300.jpg 244w, https:\/\/obispadodezaratecampana.org\/wp-content\/uploads\/2018\/06\/Texto-Misa-8-julio-1.jpg 530w\" sizes=\"(max-width: 244px) 100vw, 244px\" \/><\/a><\/p>\n<p style=\"text-align: center;\">\n<p style=\"text-align: center;\">\n<!-- AddThis Advanced Settings generic via filter on the_content --><!-- AddThis Share Buttons generic via filter on the_content -->","protected":false},"excerpt":{"rendered":"<p>Mar\u00eda de Luj\u00e1n a tus pies renovamos la esperanza que #valetodavida El pr\u00f3ximo domingo 8 de julio a las 11.00 hs, el titular de la [&hellip;]<!-- AddThis Advanced Settings generic via filter on get_the_excerpt --><!-- AddThis Share Buttons generic via filter on get_the_excerpt --><\/p>\n","protected":false},"author":2,"featured_media":14901,"comment_status":"open","ping_status":"open","sticky":false,"template":"","format":"standard","meta":{"footnotes":""},"categories":[5,1],"tags":[],"class_list":["post-14900","post","type-post","status-publish","format-standard","has-post-thumbnail","hentry","category-generales","category-noticiasdiocesanas"],"_links":{"self":[{"href":"https:\/\/obispadodezaratecampana.org\/index.php?rest_route=\/wp\/v2\/posts\/14900","targetHints":{"allow":["GET"]}}],"collection":[{"href":"https:\/\/obispadodezaratecampana.org\/index.php?rest_route=\/wp\/v2\/posts"}],"about":[{"href":"https:\/\/obispadodezaratecampana.org\/index.php?rest_route=\/wp\/v2\/types\/post"}],"author":[{"embeddable":true,"href":"https:\/\/obispadodezaratecampana.org\/index.php?rest_route=\/wp\/v2\/users\/2"}],"replies":[{"embeddable":true,"href":"https:\/\/obispadodezaratecampana.org\/index.php?rest_route=%2Fwp%2Fv2%2Fcomments&post=14900"}],"version-history":[{"count":1,"href":"https:\/\/obispadodezaratecampana.org\/index.php?rest_route=\/wp\/v2\/posts\/14900\/revisions"}],"predecessor-version":[{"id":14903,"href":"https:\/\/obispadodezaratecampana.org\/index.php?rest_route=\/wp\/v2\/posts\/14900\/revisions\/14903"}],"wp:featuredmedia":[{"embeddable":true,"href":"https:\/\/obispadodezaratecampana.org\/index.php?rest_route=\/wp\/v2\/media\/14901"}],"wp:attachment":[{"href":"https:\/\/obispadodezaratecampana.org\/index.php?rest_route=%2Fwp%2Fv2%2Fmedia&parent=14900"}],"wp:term":[{"taxonomy":"category","embeddable":true,"href":"https:\/\/obispadodezaratecampana.org\/index.php?rest_route=%2Fwp%2Fv2%2Fcategories&post=14900"},{"taxonomy":"post_tag","embeddable":true,"href":"https:\/\/obispadodezaratecampana.org\/index.php?rest_route=%2Fwp%2Fv2%2Ftags&post=14900"}],"curies":[{"name":"wp","href":"https:\/\/api.w.org\/{rel}","templated":true}]}}