{"id":14897,"date":"2018-06-28T10:24:42","date_gmt":"2018-06-28T13:24:42","guid":{"rendered":"http:\/\/obispadodezaratecampana.org\/?p=14897"},"modified":"2018-06-28T12:18:36","modified_gmt":"2018-06-28T15:18:36","slug":"sabado-30-de-junio-y-domingo-1-de-julio-2018-jornada-mundial-de-la-caridad-del-santo-padre","status":"publish","type":"post","link":"https:\/\/obispadodezaratecampana.org\/?p=14897","title":{"rendered":"S\u00e1bado 30 de junio y Domingo 1 de julio 2018 Jornada Mundial de la Caridad del Santo Padre"},"content":{"rendered":"<p style=\"text-align: center;\"><span style=\"color: #008080;\"><strong>S\u00e1bado 30 de junio y Domingo 1 de julio 2018<\/strong><\/span><br \/>\n<span style=\"color: #008080;\"><strong>Jornada Mundial de la Caridad del Santo Padre<\/strong><\/span><\/p>\n<p><span style=\"color: #008080;\">La solemnidad de los ap\u00f3stoles san Pedro y san Pablo nos recuerda cada a\u00f1o la Jornada por la Caridad del Papa. Como en a\u00f1os anteriores, nos unimos al Papa en el ejercicio de su ministerio con nuestra oraci\u00f3n y a la vez con nuestra ayuda econ\u00f3mica. El Papa con sus gestos y sus palabras no deja indiferente a nadie, saliendo siempre al encuentro de los dem\u00e1s, sobre todo de los m\u00e1s necesitados, y respondiendo a las preguntas que le hacen.<\/span><br \/>\n<span style=\"color: #008080;\">Que la colecta abra los corazones y nos permita tender una mano a tantos pobres, enfermos, marginados. Ayudemos a que el Santo Padre pueda vivir el ser Obispo y cristiano con la solidaridad de los fieles.<\/span><br \/>\n<span style=\"color: #008080;\">La imagen puede contener: 1 persona, sonriendo, texto<\/span><\/p>\n<p style=\"text-align: center;\"><img fetchpriority=\"high\" decoding=\"async\" class=\"alignnone  wp-image-14898\" src=\"http:\/\/obispadodezaratecampana.org\/wp-content\/uploads\/2018\/06\/Caridad-del-Papa-300x200.jpg\" alt=\"Caridad del Papa\" width=\"426\" height=\"284\" srcset=\"https:\/\/obispadodezaratecampana.org\/wp-content\/uploads\/2018\/06\/Caridad-del-Papa-300x200.jpg 300w, https:\/\/obispadodezaratecampana.org\/wp-content\/uploads\/2018\/06\/Caridad-del-Papa-1024x682.jpg 1024w, https:\/\/obispadodezaratecampana.org\/wp-content\/uploads\/2018\/06\/Caridad-del-Papa.jpg 1048w\" sizes=\"(max-width: 426px) 100vw, 426px\" \/><\/p>\n<p style=\"text-align: center;\">\n<!-- AddThis Advanced Settings generic via filter on the_content --><!-- AddThis Share Buttons generic via filter on the_content -->","protected":false},"excerpt":{"rendered":"<p>S\u00e1bado 30 de junio y Domingo 1 de julio 2018 Jornada Mundial de la Caridad del Santo Padre La solemnidad de los ap\u00f3stoles san Pedro [&hellip;]<!-- AddThis Advanced Settings generic via filter on get_the_excerpt --><!-- AddThis Share Buttons generic via filter on get_the_excerpt --><\/p>\n","protected":false},"author":2,"featured_media":14898,"comment_status":"open","ping_status":"open","sticky":false,"template":"","format":"standard","meta":{"footnotes":""},"categories":[161,1],"tags":[],"class_list":["post-14897","post","type-post","status-publish","format-standard","has-post-thumbnail","hentry","category-el-papa-leonxiv","category-noticiasdiocesanas"],"_links":{"self":[{"href":"https:\/\/obispadodezaratecampana.org\/index.php?rest_route=\/wp\/v2\/posts\/14897","targetHints":{"allow":["GET"]}}],"collection":[{"href":"https:\/\/obispadodezaratecampana.org\/index.php?rest_route=\/wp\/v2\/posts"}],"about":[{"href":"https:\/\/obispadodezaratecampana.org\/index.php?rest_route=\/wp\/v2\/types\/post"}],"author":[{"embeddable":true,"href":"https:\/\/obispadodezaratecampana.org\/index.php?rest_route=\/wp\/v2\/users\/2"}],"replies":[{"embeddable":true,"href":"https:\/\/obispadodezaratecampana.org\/index.php?rest_route=%2Fwp%2Fv2%2Fcomments&post=14897"}],"version-history":[{"count":1,"href":"https:\/\/obispadodezaratecampana.org\/index.php?rest_route=\/wp\/v2\/posts\/14897\/revisions"}],"predecessor-version":[{"id":14899,"href":"https:\/\/obispadodezaratecampana.org\/index.php?rest_route=\/wp\/v2\/posts\/14897\/revisions\/14899"}],"wp:featuredmedia":[{"embeddable":true,"href":"https:\/\/obispadodezaratecampana.org\/index.php?rest_route=\/wp\/v2\/media\/14898"}],"wp:attachment":[{"href":"https:\/\/obispadodezaratecampana.org\/index.php?rest_route=%2Fwp%2Fv2%2Fmedia&parent=14897"}],"wp:term":[{"taxonomy":"category","embeddable":true,"href":"https:\/\/obispadodezaratecampana.org\/index.php?rest_route=%2Fwp%2Fv2%2Fcategories&post=14897"},{"taxonomy":"post_tag","embeddable":true,"href":"https:\/\/obispadodezaratecampana.org\/index.php?rest_route=%2Fwp%2Fv2%2Ftags&post=14897"}],"curies":[{"name":"wp","href":"https:\/\/api.w.org\/{rel}","templated":true}]}}