{"id":14894,"date":"2018-06-16T17:52:57","date_gmt":"2018-06-16T20:52:57","guid":{"rendered":"http:\/\/obispadodezaratecampana.org\/?p=14894"},"modified":"2018-06-16T17:52:57","modified_gmt":"2018-06-16T20:52:57","slug":"francisco-el-aborto-recuerda-las-practicas-del-nazismo-pero-con-guantes-blancos","status":"publish","type":"post","link":"https:\/\/obispadodezaratecampana.org\/?p=14894","title":{"rendered":"Francisco: El aborto recuerda las \u201cpr\u00e1cticas del nazismo\u201d, pero con guantes blancos"},"content":{"rendered":"<p style=\"text-align: justify;\"><span style=\"color: #993366;\">\u201cEl aborto est\u00e1 de moda, es habitual. Cuando en el embarazo se ve que quiz\u00e1s el ni\u00f1o no est\u00e1 bien o viene con cualquier cosa: la primera oferta es &#8216;\u00bflo tiramos?&#8217;. El homicidio de los chicos. Para resolver una vida tranquila, se tira a un inocente\u201d, expres\u00f3 esta ma\u00f1ana el papa Francisco al recibir a representantes del Foro de Asociaciones familiares con motivo de los 25 a\u00f1os del nacimiento de esa actividad asociativa.<\/span><\/p>\n<p style=\"text-align: justify;\"><span style=\"color: #993366;\">&#8220;El siglo pasado todo el mundo era escandalizado por lo que hac\u00edan los nazis para cuidar la pureza de la raza. Hoy hacemos lo mismo pero con guantes blancos&#8221;, denunci\u00f3 el pont\u00edfice.<\/span><\/p>\n<p style=\"text-align: justify;\"><span style=\"color: #993366;\">La declaraci\u00f3n del pont\u00edfice se da horas despu\u00e9s de que en Argentina se votara la media sanci\u00f3n de un proyecto de legalizar la interrupci\u00f3n voluntaria del embarazo hasta la semana catorce.<\/span><\/p>\n<p style=\"text-align: justify;\"><span style=\"color: #993366;\">El Papa se\u00f1al\u00f3 que el aborto \u201cest\u00e1 de moda, es habitual\u201d. \u201cCuando en el embarazo se ve que quiz\u00e1s el ni\u00f1o no est\u00e1 bien o viene con cualquier cosa: la primera oferta es &#8216;\u00bflo tiramos?&#8217;. El homicidio de los chicos. Para resolver una vida tranquila, se tira un inocente\u201d, manifest\u00f3.<\/span><\/p>\n<p style=\"text-align: justify;\"><span style=\"color: #993366;\">Para que se entendiera mejor, el Papa acudi\u00f3 a un ejemplo: \u201ccuando de chico la maestra nos ense\u00f1aba lo que hac\u00edan los espartanos cuando nac\u00eda un ni\u00f1o con malformaciones: lo llevaban al monte y lo tiraban para abajo para cuidar la pureza de la raza. Hoy hacemos lo mismo. Una atrocidad\u201d.<\/span><\/p>\n<p style=\"text-align: justify;\"><span style=\"color: #993366;\">\u201c\u00bfPor qu\u00e9 no se ven enanos por la calle? Porque el protocolo de muchos m\u00e9dicos dice: viene mal, fuera\u201d.<\/span><\/p>\n<p style=\"text-align: justify;\"><span style=\"color: #993366;\">En respuesta, Francisco plante\u00f3 \u201cque los hijos se reciban como vienen, como Dios los manda, como Dios permite\u201d.<\/span><\/p>\n<p style=\"text-align: justify;\"><span style=\"color: #993366;\">Durante su intervenci\u00f3n, Francisco hico una nueva defensa de la familia y repiti\u00f3 que un matrimonio est\u00e1 formado por un hombre y una mujer, adem\u00e1s de animar a que tengan hijos puesto que son un bien para toda la sociedad.<\/span><\/p>\n<p style=\"text-align: justify;\"><span style=\"color: #993366;\">\u201cHoy duele decirlo. Se habla de familias diversificadas, de distintos tipos de familia. S\u00ed, es verdad que la palabra familia es an\u00e1loga: hay familias de estrellas, de \u00e1rboles, de los animales. Pero la familia, imagen de Dios, hombre y mujer, es una sola\u201d.<\/span><\/p>\n<p style=\"text-align: justify;\"><span style=\"color: #993366;\">El Papa dijo adem\u00e1s que \u201cel nacimiento de hijos constituye la m\u00e1s grande inversi\u00f3n para un pa\u00eds y es la primera condici\u00f3n de su prosperidad futura\u201d. <\/span><\/p>\n<p style=\"text-align: justify;\"><em><span style=\"color: #993366;\">Fuente AICA\u00a0 s\u00e1bado 16 junio 2018<\/span><\/em><\/p>\n<!-- AddThis Advanced Settings generic via filter on the_content --><!-- AddThis Share Buttons generic via filter on the_content -->","protected":false},"excerpt":{"rendered":"<p>\u201cEl aborto est\u00e1 de moda, es habitual. Cuando en el embarazo se ve que quiz\u00e1s el ni\u00f1o no est\u00e1 bien o viene con cualquier cosa: [&hellip;]<!-- AddThis Advanced Settings generic via filter on get_the_excerpt --><!-- AddThis Share Buttons generic via filter on get_the_excerpt --><\/p>\n","protected":false},"author":2,"featured_media":14895,"comment_status":"open","ping_status":"open","sticky":false,"template":"","format":"standard","meta":{"footnotes":""},"categories":[1],"tags":[],"class_list":["post-14894","post","type-post","status-publish","format-standard","has-post-thumbnail","hentry","category-noticiasdiocesanas"],"_links":{"self":[{"href":"https:\/\/obispadodezaratecampana.org\/index.php?rest_route=\/wp\/v2\/posts\/14894","targetHints":{"allow":["GET"]}}],"collection":[{"href":"https:\/\/obispadodezaratecampana.org\/index.php?rest_route=\/wp\/v2\/posts"}],"about":[{"href":"https:\/\/obispadodezaratecampana.org\/index.php?rest_route=\/wp\/v2\/types\/post"}],"author":[{"embeddable":true,"href":"https:\/\/obispadodezaratecampana.org\/index.php?rest_route=\/wp\/v2\/users\/2"}],"replies":[{"embeddable":true,"href":"https:\/\/obispadodezaratecampana.org\/index.php?rest_route=%2Fwp%2Fv2%2Fcomments&post=14894"}],"version-history":[{"count":1,"href":"https:\/\/obispadodezaratecampana.org\/index.php?rest_route=\/wp\/v2\/posts\/14894\/revisions"}],"predecessor-version":[{"id":14896,"href":"https:\/\/obispadodezaratecampana.org\/index.php?rest_route=\/wp\/v2\/posts\/14894\/revisions\/14896"}],"wp:featuredmedia":[{"embeddable":true,"href":"https:\/\/obispadodezaratecampana.org\/index.php?rest_route=\/wp\/v2\/media\/14895"}],"wp:attachment":[{"href":"https:\/\/obispadodezaratecampana.org\/index.php?rest_route=%2Fwp%2Fv2%2Fmedia&parent=14894"}],"wp:term":[{"taxonomy":"category","embeddable":true,"href":"https:\/\/obispadodezaratecampana.org\/index.php?rest_route=%2Fwp%2Fv2%2Fcategories&post=14894"},{"taxonomy":"post_tag","embeddable":true,"href":"https:\/\/obispadodezaratecampana.org\/index.php?rest_route=%2Fwp%2Fv2%2Ftags&post=14894"}],"curies":[{"name":"wp","href":"https:\/\/api.w.org\/{rel}","templated":true}]}}