{"id":14888,"date":"2018-06-15T11:41:38","date_gmt":"2018-06-15T14:41:38","guid":{"rendered":"http:\/\/obispadodezaratecampana.org\/?p=14888"},"modified":"2018-06-16T17:33:34","modified_gmt":"2018-06-16T20:33:34","slug":"viernes-15-de-junio-2030-hs-mons-laxague-habla-al-respecto-de-lo-sancionado-en-diputados","status":"publish","type":"post","link":"https:\/\/obispadodezaratecampana.org\/?p=14888","title":{"rendered":"Mons. Laxague habla al respecto de lo sancionado en Diputados sobre el aborto"},"content":{"rendered":"<p style=\"color: #1d2129; text-align: center;\"><strong><span style=\"color: #000080;\">MONS PEDRO LAXAGUE SOBRE DESPENALIZACI\u00d3N DEL ABORTO<\/span><\/strong><\/p>\n<p style=\"color: #1d2129; text-align: center;\">\n<p><span style=\"color: #000080;\">Audio con las palabras de Monse\u00f1or Pedro Laxague &#8211; Obispo de Z\u00e1rate &#8211; Campana y Presidente de la Comisi\u00f3n Episcopal de Laicos y Familia &#8211; al respecto de la sanci\u00f3n en la c\u00e1mara de Diputados del proyecto de despenalizaci\u00f3n del aborto del pasado 14 de junio 2018.<\/span><\/p>\n<p style=\"color: #1d2129; text-align: center;\">\n<p><span style=\"color: #000080;\">Fuente y gentileza: Programa radial \u201cSemillas del Reino\u201d viernes 15 de junio 2018 en Radio Mar\u00eda, conducido por N\u00e9stor Rocchiccioli.<\/span><\/p>\n<p style=\"color: #1d2129; text-align: center;\">\n<div class=\"text_exposed_show\">\n<p style=\"color: #1d2129;\"><span style=\"color: #000080;\">Escuchar y descargar desde el siguiente enlace:<\/span><\/p>\n<p style=\"color: #1d2129;\"><strong><span style=\"color: #000080;\"><a title=\"Mons Laxague \" href=\"https:\/\/drive.google.com\/file\/d\/128OXVeKj-Omd2CahDaJBG9S0vdZ0Y127\/view\" target=\"_blank\"><span style=\"color: #000080;\">https:\/\/drive.google.com\/file\/d\/128OXVeKj-Omd2CahDaJBG9S0vdZ0Y127\/view<\/span><\/a><\/span><\/strong><\/p>\n<\/div>\n<p style=\"color: #1d2129; text-align: center;\"><a href=\"http:\/\/obispadodezaratecampana.org\/wp-content\/uploads\/2018\/06\/32855863_2106540802965090_8230870060424495104_o.jpg\"><img fetchpriority=\"high\" decoding=\"async\" class=\"alignnone size-medium wp-image-14886\" src=\"http:\/\/obispadodezaratecampana.org\/wp-content\/uploads\/2018\/06\/32855863_2106540802965090_8230870060424495104_o-192x300.jpg\" alt=\"32855863_2106540802965090_8230870060424495104_o\" width=\"192\" height=\"300\" srcset=\"https:\/\/obispadodezaratecampana.org\/wp-content\/uploads\/2018\/06\/32855863_2106540802965090_8230870060424495104_o-192x300.jpg 192w, https:\/\/obispadodezaratecampana.org\/wp-content\/uploads\/2018\/06\/32855863_2106540802965090_8230870060424495104_o.jpg 535w\" sizes=\"(max-width: 192px) 100vw, 192px\" \/><\/a><\/p>\n<!-- AddThis Advanced Settings generic via filter on the_content --><!-- AddThis Share Buttons generic via filter on the_content -->","protected":false},"excerpt":{"rendered":"<p>MONS PEDRO LAXAGUE SOBRE DESPENALIZACI\u00d3N DEL ABORTO Audio con las palabras de Monse\u00f1or Pedro Laxague &#8211; Obispo de Z\u00e1rate &#8211; Campana y Presidente de la [&hellip;]<!-- AddThis Advanced Settings generic via filter on get_the_excerpt --><!-- AddThis Share Buttons generic via filter on get_the_excerpt --><\/p>\n","protected":false},"author":2,"featured_media":14889,"comment_status":"open","ping_status":"open","sticky":false,"template":"","format":"standard","meta":{"footnotes":""},"categories":[5,1],"tags":[],"class_list":["post-14888","post","type-post","status-publish","format-standard","has-post-thumbnail","hentry","category-generales","category-noticiasdiocesanas"],"_links":{"self":[{"href":"https:\/\/obispadodezaratecampana.org\/index.php?rest_route=\/wp\/v2\/posts\/14888","targetHints":{"allow":["GET"]}}],"collection":[{"href":"https:\/\/obispadodezaratecampana.org\/index.php?rest_route=\/wp\/v2\/posts"}],"about":[{"href":"https:\/\/obispadodezaratecampana.org\/index.php?rest_route=\/wp\/v2\/types\/post"}],"author":[{"embeddable":true,"href":"https:\/\/obispadodezaratecampana.org\/index.php?rest_route=\/wp\/v2\/users\/2"}],"replies":[{"embeddable":true,"href":"https:\/\/obispadodezaratecampana.org\/index.php?rest_route=%2Fwp%2Fv2%2Fcomments&post=14888"}],"version-history":[{"count":4,"href":"https:\/\/obispadodezaratecampana.org\/index.php?rest_route=\/wp\/v2\/posts\/14888\/revisions"}],"predecessor-version":[{"id":14893,"href":"https:\/\/obispadodezaratecampana.org\/index.php?rest_route=\/wp\/v2\/posts\/14888\/revisions\/14893"}],"wp:featuredmedia":[{"embeddable":true,"href":"https:\/\/obispadodezaratecampana.org\/index.php?rest_route=\/wp\/v2\/media\/14889"}],"wp:attachment":[{"href":"https:\/\/obispadodezaratecampana.org\/index.php?rest_route=%2Fwp%2Fv2%2Fmedia&parent=14888"}],"wp:term":[{"taxonomy":"category","embeddable":true,"href":"https:\/\/obispadodezaratecampana.org\/index.php?rest_route=%2Fwp%2Fv2%2Fcategories&post=14888"},{"taxonomy":"post_tag","embeddable":true,"href":"https:\/\/obispadodezaratecampana.org\/index.php?rest_route=%2Fwp%2Fv2%2Ftags&post=14888"}],"curies":[{"name":"wp","href":"https:\/\/api.w.org\/{rel}","templated":true}]}}