{"id":14838,"date":"2018-06-05T10:20:33","date_gmt":"2018-06-05T13:20:33","guid":{"rendered":"http:\/\/obispadodezaratecampana.org\/?p=14838"},"modified":"2018-06-05T10:20:33","modified_gmt":"2018-06-05T13:20:33","slug":"oracion-interreligiosa-por-la-vida-7-de-junio","status":"publish","type":"post","link":"https:\/\/obispadodezaratecampana.org\/?p=14838","title":{"rendered":"Oraci\u00f3n Interreligiosa por la #Vida 7 de junio"},"content":{"rendered":"<h5 style=\"text-align: center;\"><span style=\"color: #003366;\">Oraci\u00f3n Interreligiosa por la #Vida<\/span><\/h5>\n<p style=\"text-align: center;\"><span style=\"color: #003366;\"><a href=\"http:\/\/obispadodezaratecampana.org\/wp-content\/uploads\/2018\/06\/34531475_1781197268629201_3984685243490631680_n.jpg\"><span style=\"color: #003366;\"><img fetchpriority=\"high\" decoding=\"async\" class=\"alignnone size-medium wp-image-14839\" src=\"http:\/\/obispadodezaratecampana.org\/wp-content\/uploads\/2018\/06\/34531475_1781197268629201_3984685243490631680_n-212x300.jpg\" alt=\"34531475_1781197268629201_3984685243490631680_n\" width=\"212\" height=\"300\" srcset=\"https:\/\/obispadodezaratecampana.org\/wp-content\/uploads\/2018\/06\/34531475_1781197268629201_3984685243490631680_n-212x300.jpg 212w, https:\/\/obispadodezaratecampana.org\/wp-content\/uploads\/2018\/06\/34531475_1781197268629201_3984685243490631680_n.jpg 679w\" sizes=\"(max-width: 212px) 100vw, 212px\" \/><\/span><\/a><\/span><\/p>\n<h6 style=\"text-align: justify;\"><span style=\"color: #003366;\">Convocados por Monse\u00f1or Oscar Ojea, Presidente de la Conferencia Episcopal Argentina, y el Cardenal Mario Poli, Arzobispo de Buenos Aires y primado de la Argentina, referentes de diferentes confesiones cristianas y de distintos credos participar\u00e1n de una Oraci\u00f3n Interreligiosa por la Vida, el pr\u00f3ximo jueves 7 de junio de 2018 a las 11, en la sede de la calle Suipacha 1032 (CABA).<\/span><\/h6>\n<h6 style=\"text-align: justify;\"><span style=\"color: #003366;\">Esta invitaci\u00f3n es realizada en el marco de los mensajes y de la Jornada de Ayuno y Oraci\u00f3n por la Vida, convocada por los Obispos argentinos, y de las m\u00faltiples y multitudinarias expresiones en defensa de la vida, particularmente, las declaraciones realizadas por ACIERA y sus llamados a la oraci\u00f3n, el ayuno y las marchas por todo el pa\u00eds.<\/span><\/h6>\n<h6 style=\"text-align: justify;\"><span style=\"color: #003366;\">Contamos en Argentina con el antecedente de la declaraci\u00f3n ecum\u00e9nica del Compromiso por la Vida del a\u00f1o 2011 que recibi\u00f3 luego adhesiones ecum\u00e9nicas e interreligiosas, y se ha replicado, en este a\u00f1o 2018, de diferentes formas y en distintas regiones de nuestro pa\u00eds.<\/span><\/h6>\n<h6 style=\"text-align: justify;\"><span style=\"color: #003366;\">Estar\u00e1n presentes:<\/span><\/h6>\n<h6 style=\"text-align: justify;\"><span style=\"color: #003366;\">Por la Conferencia Episcopal Argentina <\/span><br \/>\n<span style=\"color: #003366;\">Mons. Oscar V. Ojea, Obispo de San Isidro, Presidente de la CEA<\/span><br \/>\n<span style=\"color: #003366;\">Cardenal Mario Aurelio Poli, Arzobispo de Buenos Aires y Vicepresidente 1 de la CEA<\/span><br \/>\n<span style=\"color: #003366;\">Mons. Carlos H. Malfa, Obispo de Chascom\u00fas, Secretario General de la CEA<\/span><br \/>\n<span style=\"color: #003366;\">Mons. Pedro Laxague, Obispo de Z\u00e1rate-Campana y Presidente de la Comisi\u00f3n Episcopal de Laicos y Familia.<\/span><\/h6>\n<h6 style=\"text-align: justify;\"><span style=\"color: #003366;\">Por el Juda\u00edsmo<\/span><br \/>\n<span style=\"color: #003366;\">Rabino Fernando (Fishel) Szlajen, Director del Departamento de Cultura de la AMIA, miembro de la Pontificia Academia para la Vida.<\/span><\/h6>\n<h6 style=\"text-align: justify;\"><span style=\"color: #003366;\">Rabino Arieh Stockman<\/span><\/h6>\n<h6 style=\"text-align: justify;\"><span style=\"color: #003366;\">Por los cristianos<\/span><br \/>\n<span style=\"color: #003366;\">Mons. Tarasios, Arzobispo Metropolitano de Buenos Aires y Exarca de Sudam\u00e9rica, de la Iglesia Ortodoxa Griega del Patriarcado de Constantinopla.<\/span><\/h6>\n<h6 style=\"text-align: justify;\"><span style=\"color: #003366;\">Pastor Hugo Baravalle, Vicepresidente de Relaciones Internas de la ACIERA Alianza Cristiana de las Iglesias Evang\u00e9licas de la Rep\u00fablica Argentina.<\/span><\/h6>\n<h6 style=\"text-align: justify;\"><span style=\"color: #003366;\">Pastor Norberto Saracco, Iglesia Buenas Nuevas, miembro del Consejo de Pastores y de CRECES Comuni\u00f3n Renovada de Evang\u00e9licos y Cat\u00f3licos en el Esp\u00edritu.<\/span><\/h6>\n<h6 style=\"text-align: justify;\"><span style=\"color: #003366;\">Pastor Daniel Fucili, de la Iglesia Metodista.<\/span><\/h6>\n<h6 style=\"text-align: justify;\"><span style=\"color: #003366;\">Norberto Rodr\u00edguez, Secretario General de la Asociaci\u00f3n Cristiana de J\u00f3venes\/YMCA Argentina<\/span><\/h6>\n<h6 style=\"text-align: justify;\"><span style=\"color: #003366;\">Por el Islam<\/span><br \/>\n<span style=\"color: #003366;\">Sr. Omar Abu Arab El Jatip, Prosecretario General del Centro Isl\u00e1mico de la Rep\u00fablica Argentina<\/span><\/h6>\n<h6 style=\"text-align: justify;\"><span style=\"color: #003366;\">Legislador Omar Ahmed Abboud de la Legislatura de la Ciudad Aut\u00f3noma de Buenos Aires y miembro del IDI Instituto de Di\u00e1logo Interreligioso<\/span><\/h6>\n<h6 style=\"text-align: justify;\"><span style=\"color: #003366;\">Sr. BurakOrs, director del Centro de Di\u00e1logo Intercultural ALBA<\/span><br \/>\n<span style=\"color: #003366;\">Lic. Nancy Falc\u00f3n, Directora Ejecutiva del Centro de Di\u00e1logo Intercultural ALBA<\/span><\/h6>\n<h6 style=\"text-align: justify;\"><span style=\"color: #003366;\">Por la Iglesia de Jesucristo de los Santos de los \u00daltimos D\u00edas<\/span><br \/>\n<span style=\"color: #003366;\">\u00c9lder Carlos E. Ag\u00fcero, Director Nacional de Asuntos P\u00fablicos Argentina<\/span><br \/>\n<span style=\"color: #003366;\">\u00c9lder Dr. Rub\u00e9n V. Alliaud, Director de Asuntos P\u00fablicos de la Multiestaca Buenos Aires Centro<\/span><\/h6>\n<h6 style=\"text-align: justify;\"><span style=\"color: #003366;\">Por el Budismo<\/span><br \/>\n<span style=\"color: #003366;\">Un representante de Soka Gakkai<\/span><\/h6>\n<h6 style=\"text-align: justify;\"><span style=\"color: #003366;\">Por Cosmovisi\u00f3n de Pueblos Originarios<\/span><br \/>\n<span style=\"color: #003366;\">Sr. Sisquito Flores, cultura Quechua, miembro de la Universidad del Consejo Cultural Ind\u00edgena UCCI en Flores<\/span><\/h6>\n<h6 style=\"text-align: justify;\"><span style=\"color: #003366;\">Tambi\u00e9n participar\u00e1n:<\/span><\/h6>\n<h6 style=\"text-align: justify;\"><span style=\"color: #003366;\">Por CEERJIR <\/span><br \/>\n<span style=\"color: #003366;\">Perito Padre Ignacio P\u00e9rez del Viso sj, Pbro. Fernando Giannetti, Secretario Ejecutivo, Lic. Gloria W. de Padilla, Secretaria Adjunta, Dr. Norberto Padilla, Gabriel Arriola y Mar\u00eda Eugenia Crespo, colaboradores, y Mar\u00eda Florencia Uriburu del equipo de Difusi\u00f3n.<\/span><\/h6>\n<h6 style=\"text-align: justify;\"><span style=\"color: #003366;\">Por la Mesa de Di\u00e1logo Interreligioso de Di\u00e1logo Ciudadano<\/span><br \/>\n<span style=\"color: #003366;\">Martha de Antueno de la Confraternidad Argentina Judeo Cristiana y otros miembros<\/span><\/h6>\n<h6 style=\"text-align: justify;\"><span style=\"color: #003366;\">Delegados de Ecumenismo y Di\u00e1logo Interreligioso<\/span><\/h6>\n<h6 style=\"text-align: justify;\"><span style=\"color: #003366;\">Arquidi\u00f3cesis de Buenos Aires: Presb\u00edteros Carlos White, Gustavo Uassouf y Omar Di Mario<\/span><\/h6>\n<h6 style=\"text-align: justify;\"><span style=\"color: #003366;\">Acci\u00f3n Cat\u00f3lica Argentina: Catalina Garavaglia<\/span><\/h6>\n<h6 style=\"text-align: justify;\"><span style=\"color: #003366;\">Oficina de Prensa.<\/span><br \/>\n<span style=\"color: #003366;\">Conferencia Episcopal Argentina.<\/span><\/h6>\n<!-- AddThis Advanced Settings generic via filter on the_content --><!-- AddThis Share Buttons generic via filter on the_content -->","protected":false},"excerpt":{"rendered":"<p>Oraci\u00f3n Interreligiosa por la #Vida Convocados por Monse\u00f1or Oscar Ojea, Presidente de la Conferencia Episcopal Argentina, y el Cardenal Mario Poli, Arzobispo de Buenos Aires [&hellip;]<!-- AddThis Advanced Settings generic via filter on get_the_excerpt --><!-- AddThis Share Buttons generic via filter on get_the_excerpt --><\/p>\n","protected":false},"author":2,"featured_media":14839,"comment_status":"open","ping_status":"open","sticky":false,"template":"","format":"standard","meta":{"footnotes":""},"categories":[5,1],"tags":[],"class_list":["post-14838","post","type-post","status-publish","format-standard","has-post-thumbnail","hentry","category-generales","category-noticiasdiocesanas"],"_links":{"self":[{"href":"https:\/\/obispadodezaratecampana.org\/index.php?rest_route=\/wp\/v2\/posts\/14838","targetHints":{"allow":["GET"]}}],"collection":[{"href":"https:\/\/obispadodezaratecampana.org\/index.php?rest_route=\/wp\/v2\/posts"}],"about":[{"href":"https:\/\/obispadodezaratecampana.org\/index.php?rest_route=\/wp\/v2\/types\/post"}],"author":[{"embeddable":true,"href":"https:\/\/obispadodezaratecampana.org\/index.php?rest_route=\/wp\/v2\/users\/2"}],"replies":[{"embeddable":true,"href":"https:\/\/obispadodezaratecampana.org\/index.php?rest_route=%2Fwp%2Fv2%2Fcomments&post=14838"}],"version-history":[{"count":1,"href":"https:\/\/obispadodezaratecampana.org\/index.php?rest_route=\/wp\/v2\/posts\/14838\/revisions"}],"predecessor-version":[{"id":14841,"href":"https:\/\/obispadodezaratecampana.org\/index.php?rest_route=\/wp\/v2\/posts\/14838\/revisions\/14841"}],"wp:featuredmedia":[{"embeddable":true,"href":"https:\/\/obispadodezaratecampana.org\/index.php?rest_route=\/wp\/v2\/media\/14839"}],"wp:attachment":[{"href":"https:\/\/obispadodezaratecampana.org\/index.php?rest_route=%2Fwp%2Fv2%2Fmedia&parent=14838"}],"wp:term":[{"taxonomy":"category","embeddable":true,"href":"https:\/\/obispadodezaratecampana.org\/index.php?rest_route=%2Fwp%2Fv2%2Fcategories&post=14838"},{"taxonomy":"post_tag","embeddable":true,"href":"https:\/\/obispadodezaratecampana.org\/index.php?rest_route=%2Fwp%2Fv2%2Ftags&post=14838"}],"curies":[{"name":"wp","href":"https:\/\/api.w.org\/{rel}","templated":true}]}}