{"id":14834,"date":"2018-06-04T16:08:23","date_gmt":"2018-06-04T19:08:23","guid":{"rendered":"http:\/\/obispadodezaratecampana.org\/?p=14834"},"modified":"2018-06-04T16:08:23","modified_gmt":"2018-06-04T19:08:23","slug":"sabado-9-de-junio-encuentro-diocesano-de-animacion-biblica-pastoral","status":"publish","type":"post","link":"https:\/\/obispadodezaratecampana.org\/?p=14834","title":{"rendered":"S\u00e1bado 9 de junio: Encuentro Diocesano de Animaci\u00f3n B\u00edblica Pastoral"},"content":{"rendered":"<p style=\"text-align: justify;\">\u00a0 \u00a0 \u00a0 \u00a0 \u00a0 \u00a0 \u00a0 \u00a0 \u00a0 \u00a0 \u00a0 \u00a0 \u00a0 \u00a0 \u00a0 \u00a0 \u00a0 \u00a0 \u00a0 \u00a0 \u00a0 \u00a0 \u00a0 \u00a0 \u00a0 \u00a0 \u00a0 \u00a0 \u00a0 \u00a0 \u00a0 \u00a0 D\u00eda de la Visitaci\u00f3n, 31 de mayo de 2018.<\/p>\n<p style=\"text-align: justify;\">Queridos hermanos de la di\u00f3cesis de Z\u00e1rate-Campana:<\/p>\n<p style=\"text-align: justify;\">Con el apoyo de nuestro obispo Pedro, desde el Equipo de Animaci\u00f3n b\u00edblica de la pastoral estamos organizando el <b>SEGUNDO ENCUENTRO DIOCESANO DE ANIMACI\u00d3N\u00a0B\u00cdBLICA DE LA PASTORAL.<\/b> \u00bfEn qu\u00e9 consiste este Encuentro? Queremos ayudar a los Agentes de pastoral de la di\u00f3cesis a vivir m\u00e1s de cerca el contacto con la Palabra de Dios.<\/p>\n<p style=\"text-align: justify;\">El objetivo de la ABP, seg\u00fan palabras del Papa em\u00e9rito Benedicto XVI es mostrar que \u201cla Iglesia se funda sobre la Palabra de Dios, nace y vive de ella\u201d.<\/p>\n<p style=\"text-align: justify;\">La invitaci\u00f3n es para todos las personas que est\u00e1n evangelizando, y muy especialmente para los Catequistas, \u00a0Animadores de grupos b\u00edblicos, lectura orante de la Palabra, c\u00edrculos b\u00edblicos, etc.<\/p>\n<p style=\"text-align: justify;\">Nos encontraremos <strong>el d\u00eda 9 de junio de 8,30 a 13 hs en el Instituto Hijas de Cristo Rey, Cabildo 2099, Gar\u00edn<\/strong> y ese d\u00eda nos acompa\u00f1ar\u00e1 el p.Marcelo Carraza, referente de la ABP en la Conferencia Episcopal Argentina. La misa de cierre ser\u00e1 a las 12 hs<\/p>\n<p style=\"text-align: justify;\">Los esperamos para que \u201cla Palabra de Dios sea cada vez m\u00e1s el coraz\u00f3n de toda actividad eclesial\u201d (EG 174). Para mayor informaci\u00f3n podr\u00e1n comunicarse con la Junta diocesana de catequesis o al tel\u00e9fono 03329-15-601187 (Mar\u00eda Cecilia Varela)<\/p>\n<p style=\"text-align: justify;\">Pongamos en manos del\u00a0 Esp\u00edritu Santo estos pasos para dejarnos iluminar por la Palabra de Dios. Los saludo con afecto en el Se\u00f1or.<\/p>\n<p>\u00a0\u00a0\u00a0\u00a0\u00a0\u00a0\u00a0\u00a0\u00a0\u00a0\u00a0\u00a0\u00a0\u00a0\u00a0\u00a0\u00a0\u00a0\u00a0\u00a0\u00a0\u00a0\u00a0\u00a0\u00a0\u00a0\u00a0 \u00a0\u00a0\u00a0\u00a0\u00a0\u00a0\u00a0\u00a0\u00a0\u00a0\u00a0\u00a0\u00a0\u00a0\u00a0\u00a0\u00a0\u00a0\u00a0\u00a0\u00a0\u00a0\u00a0\u00a0\u00a0\u00a0\u00a0\u00a0\u00a0\u00a0\u00a0\u00a0\u00a0\u00a0\u00a0\u00a0\u00a0\u00a0\u00a0\u00a0\u00a0\u00a0\u00a0\u00a0\u00a0\u00a0\u00a0\u00a0\u00a0\u00a0P.Fernando Crevat\u00edn<\/p>\n<p>Delegado diocesano para la catequesis<\/p>\n<p>&nbsp;<\/p>\n<p><img fetchpriority=\"high\" decoding=\"async\" class=\"size-medium wp-image-14836 aligncenter\" src=\"http:\/\/obispadodezaratecampana.org\/wp-content\/uploads\/2018\/06\/Animacion-300x168.jpg\" alt=\"Animacion\" width=\"300\" height=\"168\" srcset=\"https:\/\/obispadodezaratecampana.org\/wp-content\/uploads\/2018\/06\/Animacion-300x168.jpg 300w, https:\/\/obispadodezaratecampana.org\/wp-content\/uploads\/2018\/06\/Animacion-1024x576.jpg 1024w, https:\/\/obispadodezaratecampana.org\/wp-content\/uploads\/2018\/06\/Animacion.jpg 1280w\" sizes=\"(max-width: 300px) 100vw, 300px\" \/><\/p>\n<!-- AddThis Advanced Settings generic via filter on the_content --><!-- AddThis Share Buttons generic via filter on the_content -->","protected":false},"excerpt":{"rendered":"<p>\u00a0 \u00a0 \u00a0 \u00a0 \u00a0 \u00a0 \u00a0 \u00a0 \u00a0 \u00a0 \u00a0 \u00a0 \u00a0 \u00a0 \u00a0 \u00a0 \u00a0 \u00a0 \u00a0 \u00a0 \u00a0 \u00a0 \u00a0 \u00a0 \u00a0 [&hellip;]<!-- AddThis Advanced Settings generic via filter on get_the_excerpt --><!-- AddThis Share Buttons generic via filter on get_the_excerpt --><\/p>\n","protected":false},"author":2,"featured_media":14836,"comment_status":"open","ping_status":"open","sticky":false,"template":"","format":"standard","meta":{"footnotes":""},"categories":[5,1],"tags":[],"class_list":["post-14834","post","type-post","status-publish","format-standard","has-post-thumbnail","hentry","category-generales","category-noticiasdiocesanas"],"_links":{"self":[{"href":"https:\/\/obispadodezaratecampana.org\/index.php?rest_route=\/wp\/v2\/posts\/14834","targetHints":{"allow":["GET"]}}],"collection":[{"href":"https:\/\/obispadodezaratecampana.org\/index.php?rest_route=\/wp\/v2\/posts"}],"about":[{"href":"https:\/\/obispadodezaratecampana.org\/index.php?rest_route=\/wp\/v2\/types\/post"}],"author":[{"embeddable":true,"href":"https:\/\/obispadodezaratecampana.org\/index.php?rest_route=\/wp\/v2\/users\/2"}],"replies":[{"embeddable":true,"href":"https:\/\/obispadodezaratecampana.org\/index.php?rest_route=%2Fwp%2Fv2%2Fcomments&post=14834"}],"version-history":[{"count":1,"href":"https:\/\/obispadodezaratecampana.org\/index.php?rest_route=\/wp\/v2\/posts\/14834\/revisions"}],"predecessor-version":[{"id":14837,"href":"https:\/\/obispadodezaratecampana.org\/index.php?rest_route=\/wp\/v2\/posts\/14834\/revisions\/14837"}],"wp:featuredmedia":[{"embeddable":true,"href":"https:\/\/obispadodezaratecampana.org\/index.php?rest_route=\/wp\/v2\/media\/14836"}],"wp:attachment":[{"href":"https:\/\/obispadodezaratecampana.org\/index.php?rest_route=%2Fwp%2Fv2%2Fmedia&parent=14834"}],"wp:term":[{"taxonomy":"category","embeddable":true,"href":"https:\/\/obispadodezaratecampana.org\/index.php?rest_route=%2Fwp%2Fv2%2Fcategories&post=14834"},{"taxonomy":"post_tag","embeddable":true,"href":"https:\/\/obispadodezaratecampana.org\/index.php?rest_route=%2Fwp%2Fv2%2Ftags&post=14834"}],"curies":[{"name":"wp","href":"https:\/\/api.w.org\/{rel}","templated":true}]}}