{"id":14823,"date":"2018-07-28T18:41:01","date_gmt":"2018-07-28T21:41:01","guid":{"rendered":"http:\/\/obispadodezaratecampana.org\/?p=14823"},"modified":"2018-07-28T18:43:34","modified_gmt":"2018-07-28T21:43:34","slug":"sabado-4-de-agosto-ordenaciones-diaconales","status":"publish","type":"post","link":"https:\/\/obispadodezaratecampana.org\/?p=14823","title":{"rendered":"S\u00e1bado 4 de agosto: Ordenaciones Diaconales"},"content":{"rendered":"<h5 style=\"color: #222222;\"><span style=\"color: #333399;\">El s\u00e1bado 4 de agosto 2018 a las 11 hs ser\u00e1n ordenados Di\u00e1conos por nuestro Obispo Pedro Laxague los Ac\u00f3litos Elias Duff y Javier Vera.\u00a0<\/span><\/h5>\n<h5 style=\"color: #222222;\"><span style=\"color: #333399;\">Lugar: Parroquia Ntra. Sra. del Carmen,\u00a0calle Justa Lima 77, Z\u00e1rate.<\/span><\/h5>\n<h5 style=\"color: #222222;\"><span style=\"color: #333399;\"><i>Al finalizar se compartir\u00e1 un \u00e1gape a la canasta (empanadas).\u00a0<\/i><\/span><\/h5>\n<h5 style=\"color: #222222;\"><span style=\"color: #333399;\">Est\u00e1n todos invitados a participar y difundir este evento en nuestra comunidad diocesana.\u00a0<\/span><\/h5>\n<h5 style=\"text-align: center;\"><span style=\"color: #333399;\">Elias Duff\u00a0<\/span><\/h5>\n<h5 style=\"text-align: center;\"><span style=\"color: #333399;\"> <img fetchpriority=\"high\" decoding=\"async\" class=\"alignnone size-medium wp-image-14826\" src=\"http:\/\/obispadodezaratecampana.org\/wp-content\/uploads\/2018\/05\/33896747_2112018985750605_4622312832669581312_o-300x190.jpg\" alt=\"33896747_2112018985750605_4622312832669581312_o\" width=\"300\" height=\"190\" srcset=\"https:\/\/obispadodezaratecampana.org\/wp-content\/uploads\/2018\/05\/33896747_2112018985750605_4622312832669581312_o-300x190.jpg 300w, https:\/\/obispadodezaratecampana.org\/wp-content\/uploads\/2018\/05\/33896747_2112018985750605_4622312832669581312_o-1024x651.jpg 1024w, https:\/\/obispadodezaratecampana.org\/wp-content\/uploads\/2018\/05\/33896747_2112018985750605_4622312832669581312_o.jpg 1651w\" sizes=\"(max-width: 300px) 100vw, 300px\" \/><\/span><\/h5>\n<h5 style=\"text-align: center;\"><span style=\"color: #333399;\">Javier Vera\u00a0<\/span><\/h5>\n<p style=\"text-align: center;\"><a href=\"http:\/\/obispadodezaratecampana.org\/wp-content\/uploads\/2018\/05\/34016868_2112019042417266_2933106563134521344_o.jpg\"><img decoding=\"async\" class=\"alignnone size-medium wp-image-14825\" src=\"http:\/\/obispadodezaratecampana.org\/wp-content\/uploads\/2018\/05\/34016868_2112019042417266_2933106563134521344_o-300x199.jpg\" alt=\"34016868_2112019042417266_2933106563134521344_o\" width=\"300\" height=\"199\" srcset=\"https:\/\/obispadodezaratecampana.org\/wp-content\/uploads\/2018\/05\/34016868_2112019042417266_2933106563134521344_o-300x199.jpg 300w, https:\/\/obispadodezaratecampana.org\/wp-content\/uploads\/2018\/05\/34016868_2112019042417266_2933106563134521344_o-1024x682.jpg 1024w, https:\/\/obispadodezaratecampana.org\/wp-content\/uploads\/2018\/05\/34016868_2112019042417266_2933106563134521344_o.jpg 2048w\" sizes=\"(max-width: 300px) 100vw, 300px\" \/><\/a><\/p>\n<p style=\"text-align: center;\"><a href=\"http:\/\/obispadodezaratecampana.org\/wp-content\/uploads\/2018\/05\/33942013_2112018922417278_5453717633868234752_o.jpg\"><img decoding=\"async\" class=\"alignnone size-medium wp-image-14824\" src=\"http:\/\/obispadodezaratecampana.org\/wp-content\/uploads\/2018\/05\/33942013_2112018922417278_5453717633868234752_o-300x211.jpg\" alt=\"33942013_2112018922417278_5453717633868234752_o\" width=\"300\" height=\"211\" srcset=\"https:\/\/obispadodezaratecampana.org\/wp-content\/uploads\/2018\/05\/33942013_2112018922417278_5453717633868234752_o-300x211.jpg 300w, https:\/\/obispadodezaratecampana.org\/wp-content\/uploads\/2018\/05\/33942013_2112018922417278_5453717633868234752_o-1024x723.jpg 1024w, https:\/\/obispadodezaratecampana.org\/wp-content\/uploads\/2018\/05\/33942013_2112018922417278_5453717633868234752_o.jpg 2048w\" sizes=\"(max-width: 300px) 100vw, 300px\" \/><\/a><\/p>\n<p style=\"text-align: center;\">\n<!-- AddThis Advanced Settings generic via filter on the_content --><!-- AddThis Share Buttons generic via filter on the_content -->","protected":false},"excerpt":{"rendered":"<p>El s\u00e1bado 4 de agosto 2018 a las 11 hs ser\u00e1n ordenados Di\u00e1conos por nuestro Obispo Pedro Laxague los Ac\u00f3litos Elias Duff y Javier Vera.\u00a0 [&hellip;]<!-- AddThis Advanced Settings generic via filter on get_the_excerpt --><!-- AddThis Share Buttons generic via filter on get_the_excerpt --><\/p>\n","protected":false},"author":2,"featured_media":14824,"comment_status":"open","ping_status":"open","sticky":false,"template":"","format":"standard","meta":{"footnotes":""},"categories":[5,1],"tags":[],"class_list":["post-14823","post","type-post","status-publish","format-standard","has-post-thumbnail","hentry","category-generales","category-noticiasdiocesanas"],"_links":{"self":[{"href":"https:\/\/obispadodezaratecampana.org\/index.php?rest_route=\/wp\/v2\/posts\/14823","targetHints":{"allow":["GET"]}}],"collection":[{"href":"https:\/\/obispadodezaratecampana.org\/index.php?rest_route=\/wp\/v2\/posts"}],"about":[{"href":"https:\/\/obispadodezaratecampana.org\/index.php?rest_route=\/wp\/v2\/types\/post"}],"author":[{"embeddable":true,"href":"https:\/\/obispadodezaratecampana.org\/index.php?rest_route=\/wp\/v2\/users\/2"}],"replies":[{"embeddable":true,"href":"https:\/\/obispadodezaratecampana.org\/index.php?rest_route=%2Fwp%2Fv2%2Fcomments&post=14823"}],"version-history":[{"count":2,"href":"https:\/\/obispadodezaratecampana.org\/index.php?rest_route=\/wp\/v2\/posts\/14823\/revisions"}],"predecessor-version":[{"id":15029,"href":"https:\/\/obispadodezaratecampana.org\/index.php?rest_route=\/wp\/v2\/posts\/14823\/revisions\/15029"}],"wp:featuredmedia":[{"embeddable":true,"href":"https:\/\/obispadodezaratecampana.org\/index.php?rest_route=\/wp\/v2\/media\/14824"}],"wp:attachment":[{"href":"https:\/\/obispadodezaratecampana.org\/index.php?rest_route=%2Fwp%2Fv2%2Fmedia&parent=14823"}],"wp:term":[{"taxonomy":"category","embeddable":true,"href":"https:\/\/obispadodezaratecampana.org\/index.php?rest_route=%2Fwp%2Fv2%2Fcategories&post=14823"},{"taxonomy":"post_tag","embeddable":true,"href":"https:\/\/obispadodezaratecampana.org\/index.php?rest_route=%2Fwp%2Fv2%2Ftags&post=14823"}],"curies":[{"name":"wp","href":"https:\/\/api.w.org\/{rel}","templated":true}]}}