{"id":14819,"date":"2018-05-31T15:28:53","date_gmt":"2018-05-31T18:28:53","guid":{"rendered":"http:\/\/obispadodezaratecampana.org\/?p=14819"},"modified":"2018-05-31T15:28:53","modified_gmt":"2018-05-31T18:28:53","slug":"sabado-14-de-julio-ordenacion-sacerdotal-diacono-ramiro-garcia","status":"publish","type":"post","link":"https:\/\/obispadodezaratecampana.org\/?p=14819","title":{"rendered":"S\u00e1bado 14 de julio: Ordenaci\u00f3n Sacerdotal Di\u00e1cono Ramiro Garc\u00eda"},"content":{"rendered":"<h5 style=\"color: #222222;\"><span style=\"color: rgb(51, 153, 102);\">El pr\u00f3ximo s\u00e1bado 14 de julio 2018 a las 11 hs el Di\u00e1cono Ramiro Garc\u00eda ser\u00e1 ordenado Sacerdote por nuestro Obispo Pedro Laxague.\u00a0<\/span><\/h5>\n<h5 style=\"color: #222222;\"><span style=\"color: rgb(51, 153, 102);\">Lugar: Parroquia Ntra. Sra. de Luj\u00e1n, calle Pueyrred\u00f3n 950, Z\u00e1rate.<\/span><\/h5>\n<h5 style=\"color: #222222;\"><span style=\"color: rgb(51, 153, 102);\"><i>Al finalizar se compartir\u00e1 un \u00e1gape a la canasta (empanadas) en el Instituto San Francisco de Asis (Pueyrred\u00f3n 815)<\/i><\/span><\/h5>\n<h5 style=\"color: #222222;\"><span style=\"color: rgb(153, 204, 0);\"><span style=\"color: rgb(51, 153, 102);\">La comunidad diocesana est\u00e1 invitada a participar y difundir esta Buena Noticia.<\/span>\u00a0<\/span><\/h5>\n<p style=\"text-align: center;\"><img fetchpriority=\"high\" decoding=\"async\" class=\"alignnone  wp-image-14820\" src=\"http:\/\/obispadodezaratecampana.org\/wp-content\/uploads\/2018\/05\/Ramiro-Garcia-288x300.jpg\" alt=\"Ramiro Garcia\" width=\"249\" height=\"259\" srcset=\"https:\/\/obispadodezaratecampana.org\/wp-content\/uploads\/2018\/05\/Ramiro-Garcia-288x300.jpg 288w, https:\/\/obispadodezaratecampana.org\/wp-content\/uploads\/2018\/05\/Ramiro-Garcia-986x1024.jpg 986w\" sizes=\"(max-width: 249px) 100vw, 249px\" \/><\/p>\n<p style=\"text-align: center;\"><img decoding=\"async\" class=\"alignnone  wp-image-14821\" src=\"http:\/\/obispadodezaratecampana.org\/wp-content\/uploads\/2018\/05\/Invitacion-1-300x224.jpg\" alt=\"Invitacion (1)\" width=\"358\" height=\"268\" srcset=\"https:\/\/obispadodezaratecampana.org\/wp-content\/uploads\/2018\/05\/Invitacion-1-300x224.jpg 300w, https:\/\/obispadodezaratecampana.org\/wp-content\/uploads\/2018\/05\/Invitacion-1.jpg 720w\" sizes=\"(max-width: 358px) 100vw, 358px\" \/><\/p>\n<p style=\"text-align: center;\">\n<!-- AddThis Advanced Settings generic via filter on the_content --><!-- AddThis Share Buttons generic via filter on the_content -->","protected":false},"excerpt":{"rendered":"<p>El pr\u00f3ximo s\u00e1bado 14 de julio 2018 a las 11 hs el Di\u00e1cono Ramiro Garc\u00eda ser\u00e1 ordenado Sacerdote por nuestro Obispo Pedro Laxague.\u00a0 Lugar: Parroquia [&hellip;]<!-- AddThis Advanced Settings generic via filter on get_the_excerpt --><!-- AddThis Share Buttons generic via filter on get_the_excerpt --><\/p>\n","protected":false},"author":2,"featured_media":14820,"comment_status":"open","ping_status":"open","sticky":false,"template":"","format":"standard","meta":{"footnotes":""},"categories":[5,1],"tags":[],"class_list":["post-14819","post","type-post","status-publish","format-standard","has-post-thumbnail","hentry","category-generales","category-noticiasdiocesanas"],"_links":{"self":[{"href":"https:\/\/obispadodezaratecampana.org\/index.php?rest_route=\/wp\/v2\/posts\/14819","targetHints":{"allow":["GET"]}}],"collection":[{"href":"https:\/\/obispadodezaratecampana.org\/index.php?rest_route=\/wp\/v2\/posts"}],"about":[{"href":"https:\/\/obispadodezaratecampana.org\/index.php?rest_route=\/wp\/v2\/types\/post"}],"author":[{"embeddable":true,"href":"https:\/\/obispadodezaratecampana.org\/index.php?rest_route=\/wp\/v2\/users\/2"}],"replies":[{"embeddable":true,"href":"https:\/\/obispadodezaratecampana.org\/index.php?rest_route=%2Fwp%2Fv2%2Fcomments&post=14819"}],"version-history":[{"count":1,"href":"https:\/\/obispadodezaratecampana.org\/index.php?rest_route=\/wp\/v2\/posts\/14819\/revisions"}],"predecessor-version":[{"id":14822,"href":"https:\/\/obispadodezaratecampana.org\/index.php?rest_route=\/wp\/v2\/posts\/14819\/revisions\/14822"}],"wp:featuredmedia":[{"embeddable":true,"href":"https:\/\/obispadodezaratecampana.org\/index.php?rest_route=\/wp\/v2\/media\/14820"}],"wp:attachment":[{"href":"https:\/\/obispadodezaratecampana.org\/index.php?rest_route=%2Fwp%2Fv2%2Fmedia&parent=14819"}],"wp:term":[{"taxonomy":"category","embeddable":true,"href":"https:\/\/obispadodezaratecampana.org\/index.php?rest_route=%2Fwp%2Fv2%2Fcategories&post=14819"},{"taxonomy":"post_tag","embeddable":true,"href":"https:\/\/obispadodezaratecampana.org\/index.php?rest_route=%2Fwp%2Fv2%2Ftags&post=14819"}],"curies":[{"name":"wp","href":"https:\/\/api.w.org\/{rel}","templated":true}]}}