{"id":14816,"date":"2018-05-25T09:46:03","date_gmt":"2018-05-25T12:46:03","guid":{"rendered":"http:\/\/obispadodezaratecampana.org\/?p=14816"},"modified":"2018-05-25T09:46:03","modified_gmt":"2018-05-25T12:46:03","slug":"25-de-mayo-carta-del-papa-francisco-al-presidente-de-la-nacion-argentina","status":"publish","type":"post","link":"https:\/\/obispadodezaratecampana.org\/?p=14816","title":{"rendered":"25 de mayo: Carta del Papa Francisco al Presidente de la Naci\u00f3n Argentina"},"content":{"rendered":"<p><img fetchpriority=\"high\" decoding=\"async\" class=\"alignnone  wp-image-14817 aligncenter\" src=\"http:\/\/obispadodezaratecampana.org\/wp-content\/uploads\/2018\/05\/33342199_10156561389244674_6878404203446796288_n-233x300.jpg\" alt=\"33342199_10156561389244674_6878404203446796288_n\" width=\"394\" height=\"419\" \/><\/p>\n<h6><span style=\"color: #666699;\">El Sumo Pont\u00edfice le envi\u00f3 una carta al presidente Mauricio Macri en la cual le transmite su cordial saludo por el nuevo aniversario de la Revoluci\u00f3n de Mayo. Como en cada fecha patria, el Papa Francisco le envi\u00f3 una nota al Presidente de la Naci\u00f3n.\u00a0<\/span><\/h6>\n<h6><span style=\"color: #666699;\">Texto de la carta fechada en Vaticano, el 22 de mayo:<\/span><\/h6>\n<h6><span style=\"color: #666699;\">\u201cExcmo. Se\u00f1or Mauricio Macri<\/span><\/h6>\n<h6><span style=\"color: #666699;\">Presidente de la Rep\u00fablica Argentina<\/span><\/h6>\n<h6><span style=\"color: #666699;\">Buenos Aires<\/span><\/h6>\n<h6><span style=\"color: #666699;\">Con motivo de la fiesta nacional de Argentina, hago llegar a vuestra excelencia y a todos los hijos e hijas de ese amado pa\u00eds un cordial saludo. Y ruego a Dios nuestro se\u00f1or, por intercesi\u00f3n de la Virgen de Luj\u00e1n, que les conceda los dones necesarios en la construcci\u00f3n de una sociedad cada vez m\u00e1s justa, fraterna y solidaria\u201d.<\/span><\/h6>\n<h6><span style=\"color: #666699;\">\u00a0FRANCISCO PP<\/span><\/h6>\n<p>&nbsp;<\/p>\n<!-- AddThis Advanced Settings generic via filter on the_content --><!-- AddThis Share Buttons generic via filter on the_content -->","protected":false},"excerpt":{"rendered":"<p>El Sumo Pont\u00edfice le envi\u00f3 una carta al presidente Mauricio Macri en la cual le transmite su cordial saludo por el nuevo aniversario de la [&hellip;]<!-- AddThis Advanced Settings generic via filter on get_the_excerpt --><!-- AddThis Share Buttons generic via filter on get_the_excerpt --><\/p>\n","protected":false},"author":2,"featured_media":14817,"comment_status":"open","ping_status":"open","sticky":false,"template":"","format":"standard","meta":{"footnotes":""},"categories":[161,1],"tags":[],"class_list":["post-14816","post","type-post","status-publish","format-standard","has-post-thumbnail","hentry","category-el-papa-leonxiv","category-noticiasdiocesanas"],"_links":{"self":[{"href":"https:\/\/obispadodezaratecampana.org\/index.php?rest_route=\/wp\/v2\/posts\/14816","targetHints":{"allow":["GET"]}}],"collection":[{"href":"https:\/\/obispadodezaratecampana.org\/index.php?rest_route=\/wp\/v2\/posts"}],"about":[{"href":"https:\/\/obispadodezaratecampana.org\/index.php?rest_route=\/wp\/v2\/types\/post"}],"author":[{"embeddable":true,"href":"https:\/\/obispadodezaratecampana.org\/index.php?rest_route=\/wp\/v2\/users\/2"}],"replies":[{"embeddable":true,"href":"https:\/\/obispadodezaratecampana.org\/index.php?rest_route=%2Fwp%2Fv2%2Fcomments&post=14816"}],"version-history":[{"count":1,"href":"https:\/\/obispadodezaratecampana.org\/index.php?rest_route=\/wp\/v2\/posts\/14816\/revisions"}],"predecessor-version":[{"id":14818,"href":"https:\/\/obispadodezaratecampana.org\/index.php?rest_route=\/wp\/v2\/posts\/14816\/revisions\/14818"}],"wp:featuredmedia":[{"embeddable":true,"href":"https:\/\/obispadodezaratecampana.org\/index.php?rest_route=\/wp\/v2\/media\/14817"}],"wp:attachment":[{"href":"https:\/\/obispadodezaratecampana.org\/index.php?rest_route=%2Fwp%2Fv2%2Fmedia&parent=14816"}],"wp:term":[{"taxonomy":"category","embeddable":true,"href":"https:\/\/obispadodezaratecampana.org\/index.php?rest_route=%2Fwp%2Fv2%2Fcategories&post=14816"},{"taxonomy":"post_tag","embeddable":true,"href":"https:\/\/obispadodezaratecampana.org\/index.php?rest_route=%2Fwp%2Fv2%2Ftags&post=14816"}],"curies":[{"name":"wp","href":"https:\/\/api.w.org\/{rel}","templated":true}]}}