{"id":14810,"date":"2018-05-24T14:15:34","date_gmt":"2018-05-24T17:15:34","guid":{"rendered":"http:\/\/obispadodezaratecampana.org\/?p=14810"},"modified":"2018-05-24T14:15:34","modified_gmt":"2018-05-24T17:15:34","slug":"jueves-7-de-junio-jornada-nacional-de-ayuno-y-oracion","status":"publish","type":"post","link":"https:\/\/obispadodezaratecampana.org\/?p=14810","title":{"rendered":"Jueves 7 de junio: Jornada Nacional de Ayuno y Oraci\u00f3n"},"content":{"rendered":"<p><span style=\"color: #800000;\"><img fetchpriority=\"high\" decoding=\"async\" class=\"alignnone size-medium wp-image-14811 aligncenter\" src=\"http:\/\/obispadodezaratecampana.org\/wp-content\/uploads\/2018\/05\/Jornada-7-junio-212x300.jpg\" alt=\"Jornada 7 junio\" width=\"212\" height=\"300\" srcset=\"https:\/\/obispadodezaratecampana.org\/wp-content\/uploads\/2018\/05\/Jornada-7-junio-212x300.jpg 212w, https:\/\/obispadodezaratecampana.org\/wp-content\/uploads\/2018\/05\/Jornada-7-junio-724x1024.jpg 724w, https:\/\/obispadodezaratecampana.org\/wp-content\/uploads\/2018\/05\/Jornada-7-junio.jpg 905w\" sizes=\"(max-width: 212px) 100vw, 212px\" \/><\/span><\/p>\n<p style=\"text-align: center;\"><strong><span style=\"color: #800000;\">JORNADA DE ORACI\u00d3N Y AYUNO<\/span><\/strong><\/p>\n<p style=\"text-align: justify;\"><strong><span style=\"color: #800000;\">\u00a0 \u00a0 \u00a0 \u00a0 \u00a0 \u00a0 \u00a0 \u00a0 \u00a0 \u00a0 \u00a0 \u00a0 \u00a0 \u00a0 \u00a0 \u00a0 \u00a0 \u00a0 JUEVES 7 DE JUNIO 2018<\/span><\/strong><br style=\"color: #1d2129;\" \/><br style=\"color: #1d2129;\" \/><span style=\"color: #800000;\">La Iglesia en Argentina comenz\u00f3, desde el domingo de la Ascensi\u00f3n del Se\u00f1or hasta el domingo de la Solemnidad del Sant\u00edsimo Cuerpo y Sangre de Cristo, un tiempo especial de oraci\u00f3n pidiendo al Se\u00f1or que conceda luz y sabidur\u00eda a nuestros corazones para ser ciudadanos que cuidemos la vida desde su concepci\u00f3n hasta el final de la misma.<\/span><br style=\"color: #1d2129;\" \/><br style=\"color: #1d2129;\" \/><span style=\"color: #800000;\">En los pr\u00f3<\/span><span class=\"text_exposed_show\"><span style=\"color: #800000;\">ximos d\u00edas se dar\u00e1n en el Congreso de la Naci\u00f3n instancias legislativas en las que se debatir\u00e1 el proyecto para la legalizaci\u00f3n del aborto. Por eso queremos profundizar nuestro compromiso de rezar unidos invitando a una JORNADA DE AYUNO Y ORACI\u00d3N para el jueves 7 de junio. Pedimos que el Se\u00f1or ilumine la mente y el coraz\u00f3n de los que tienen que legislar acerca del valor y el significado de la vida humana.<\/span><\/p>\n<p><span style=\"color: #800000;\">La Iglesia nos ense\u00f1a que el ayuno es una oportunidad para dominar nuestro orgullo, reconocer y agradecer los dones que vienen de Dios e imitar su generosidad compartiendo nuestros bienes con los necesitados.\u00a0<\/span><\/p>\n<p><span style=\"color: #800000;\">En esta JORNADA DE AYUNO Y ORACI\u00d3N queremos valorar y cuidar el don de la vida, estando m\u00e1s disponibles y abiertos con aquellos cuya dignidad se ve vulnerada.<\/span><\/p>\n<p><span style=\"color: #800000;\">\u00a1Qu\u00e9 el Se\u00f1or de la Vida nos sostenga en nuestro caminar!<\/span><\/p>\n<p><span style=\"color: #800000;\">COMISI\u00d3N\u00a0EPISCOPAL DE LITURGIA<\/span><br \/>\n<span style=\"color: #800000;\">COMISI\u00d3N\u00a0EPISCOPAL DE COMUNICACI\u00d3N<\/span><br \/>\n<span style=\"color: #800000;\">COMISI\u00d3N\u00a0EPISCOPAL DE PASTORAL DE LA SALUD<\/span><br \/>\n<span style=\"color: #800000;\">COMISI\u00d3N\u00a0EPISCOPAL DE LAICOS Y FAMILIA<\/span><\/span><\/p>\n<!-- AddThis Advanced Settings generic via filter on the_content --><!-- AddThis Share Buttons generic via filter on the_content -->","protected":false},"excerpt":{"rendered":"<p>JORNADA DE ORACI\u00d3N Y AYUNO \u00a0 \u00a0 \u00a0 \u00a0 \u00a0 \u00a0 \u00a0 \u00a0 \u00a0 \u00a0 \u00a0 \u00a0 \u00a0 \u00a0 \u00a0 \u00a0 \u00a0 \u00a0 JUEVES 7 [&hellip;]<!-- AddThis Advanced Settings generic via filter on get_the_excerpt --><!-- AddThis Share Buttons generic via filter on get_the_excerpt --><\/p>\n","protected":false},"author":2,"featured_media":14811,"comment_status":"open","ping_status":"open","sticky":false,"template":"","format":"standard","meta":{"footnotes":""},"categories":[5,1],"tags":[],"class_list":["post-14810","post","type-post","status-publish","format-standard","has-post-thumbnail","hentry","category-generales","category-noticiasdiocesanas"],"_links":{"self":[{"href":"https:\/\/obispadodezaratecampana.org\/index.php?rest_route=\/wp\/v2\/posts\/14810","targetHints":{"allow":["GET"]}}],"collection":[{"href":"https:\/\/obispadodezaratecampana.org\/index.php?rest_route=\/wp\/v2\/posts"}],"about":[{"href":"https:\/\/obispadodezaratecampana.org\/index.php?rest_route=\/wp\/v2\/types\/post"}],"author":[{"embeddable":true,"href":"https:\/\/obispadodezaratecampana.org\/index.php?rest_route=\/wp\/v2\/users\/2"}],"replies":[{"embeddable":true,"href":"https:\/\/obispadodezaratecampana.org\/index.php?rest_route=%2Fwp%2Fv2%2Fcomments&post=14810"}],"version-history":[{"count":1,"href":"https:\/\/obispadodezaratecampana.org\/index.php?rest_route=\/wp\/v2\/posts\/14810\/revisions"}],"predecessor-version":[{"id":14812,"href":"https:\/\/obispadodezaratecampana.org\/index.php?rest_route=\/wp\/v2\/posts\/14810\/revisions\/14812"}],"wp:featuredmedia":[{"embeddable":true,"href":"https:\/\/obispadodezaratecampana.org\/index.php?rest_route=\/wp\/v2\/media\/14811"}],"wp:attachment":[{"href":"https:\/\/obispadodezaratecampana.org\/index.php?rest_route=%2Fwp%2Fv2%2Fmedia&parent=14810"}],"wp:term":[{"taxonomy":"category","embeddable":true,"href":"https:\/\/obispadodezaratecampana.org\/index.php?rest_route=%2Fwp%2Fv2%2Fcategories&post=14810"},{"taxonomy":"post_tag","embeddable":true,"href":"https:\/\/obispadodezaratecampana.org\/index.php?rest_route=%2Fwp%2Fv2%2Ftags&post=14810"}],"curies":[{"name":"wp","href":"https:\/\/api.w.org\/{rel}","templated":true}]}}