{"id":14803,"date":"2018-05-24T14:10:19","date_gmt":"2018-05-24T17:10:19","guid":{"rendered":"http:\/\/obispadodezaratecampana.org\/?p=14803"},"modified":"2018-05-24T14:10:19","modified_gmt":"2018-05-24T17:10:19","slug":"1-mayo-2018-acto-ecumenico-e-interreligioso-en-la-catedral-santa-florentina","status":"publish","type":"post","link":"https:\/\/obispadodezaratecampana.org\/?p=14803","title":{"rendered":"1\u00b0 mayo 2018: Acto Ecum\u00e9nico e Interreligioso en la Catedral Santa Florentina"},"content":{"rendered":"<p style=\"text-align: center;\"><span style=\"color: rgb(153, 51, 0);\"><strong>1\u00b0 de mayo 2018: Acto Ecum\u00e9nico e Interreligioso\u00a0<\/strong><\/span><\/p>\n<p style=\"text-align: center;\"><span style=\"color: rgb(153, 51, 0);\"><strong>Catedral Santa Florentina de Campana<\/strong><\/span><\/p>\n<p style=\"text-align: justify;\"><span style=\"color: rgb(153, 51, 0);\">A las 18 horas del 1 de mayo, D\u00eda Internacional del Trabajo, por iniciativa del Rector y P\u00e1rroco de la Catedral Santa Florentina, Monse\u00f1or Ariel P\u00e9rez, se realiz\u00f3 un acto de oraci\u00f3n compartida con dem\u00e1s confesiones cristianas de Campana y de la Sociedad Israelita.<\/span><\/p>\n<p style=\"text-align: justify;\"><span style=\"color: rgb(153, 51, 0);\">Moder\u00f3 el acto el Presidente de la Comisi\u00f3n Diocesana, Pbro. N\u00e9stor Daniel Villa. Los representantes de las diversas confesiones se ubicaron en semic\u00edrculo al nivel del templo, delante de la escalinata para acceder al altar, presentes el P. Perez, el matrimonio (Tevovic) por la Sociedad Israelita, el Pastor J.C. Chevriaux presidente de la Mesa Pastoral de Campana, el Pastor G. Russo por la Iglesia Bautista de Campana a quien acompa\u00f1\u00f3 el pastor em\u00e9rito Wilmar Fuchs y el R.P. Giovanni Guarino RCJ, vicedecano de Z\u00e1rate- Campana y p\u00e1rroco de Ntra. Sra. Del Carmen (Campana). A las palabras de bienvenida del P. P\u00e9rez se sigui\u00f3 la lectura del Libro del Genesis cap.I, por la Lic. Andrea N. Giobellini, y luego cada referente aport\u00f3 una breve reflexi\u00f3n acerca de la dignidad del trabajo. Hubo un momento de oraci\u00f3n con un esquema de \u201coratio fidelium\u201d pidiendo paz, trabajo digno, bien remunerado y concordia en la sociedad humana.<\/span><\/p>\n<p style=\"text-align: justify;\"><span style=\"color: rgb(153, 51, 0);\">Luego como se\u00f1al del fruto de la tierra y del trabajo del hombre se distribuyeron panecillos por miembros del Grupo Scout Monse\u00f1or Esp\u00f3sito, los que fueran elaborados generosamente por Lidia Trinchero, Rosana Suardini y Liliana Cort\u00e9s. Con el recitado del Padrenuestro y la Bendici\u00f3n aar\u00f3nica concluy\u00f3 el acto.<\/span><\/p>\n<p style=\"text-align: justify;\"><span style=\"color: rgb(153, 51, 0);\">Entre los presentes, representante del sindicato petrolero y del Concejo Deliberante de Campana (Bloque justicialista).<\/span><\/p>\n<p style=\"text-align: justify;\"><span style=\"color: rgb(153, 51, 0);\">Agradecemos la cobertura fotogr\u00e1fica de Evelia G. de Silvestrin, Ruben Luquez, y Carlos Echevarr\u00eda. <\/span><\/p>\n<p style=\"text-align: justify;\"><em><span style=\"color: #993300;\">Fuente: Muchas gracias al Padre Nestor Villa Calvo por la rese\u00f1a y fotos.<\/span><\/em><\/p>\n<p><img fetchpriority=\"high\" decoding=\"async\" class=\"alignnone size-medium wp-image-14805 aligncenter\" src=\"http:\/\/obispadodezaratecampana.org\/wp-content\/uploads\/2018\/05\/IMG-20180502-WA0013-225x300.jpg\" alt=\"IMG-20180502-WA0013\" width=\"225\" height=\"300\" srcset=\"https:\/\/obispadodezaratecampana.org\/wp-content\/uploads\/2018\/05\/IMG-20180502-WA0013-225x300.jpg 225w, https:\/\/obispadodezaratecampana.org\/wp-content\/uploads\/2018\/05\/IMG-20180502-WA0013-768x1024.jpg 768w, https:\/\/obispadodezaratecampana.org\/wp-content\/uploads\/2018\/05\/IMG-20180502-WA0013.jpg 960w\" sizes=\"(max-width: 225px) 100vw, 225px\" \/><\/p>\n<p style=\"text-align: center;\"><a href=\"http:\/\/obispadodezaratecampana.org\/wp-content\/uploads\/2018\/05\/IMG_20180501_181336161.jpg\"><img decoding=\"async\" class=\"alignnone size-medium wp-image-14806\" src=\"http:\/\/obispadodezaratecampana.org\/wp-content\/uploads\/2018\/05\/IMG_20180501_181336161-300x206.jpg\" alt=\"IMG_20180501_181336161\" width=\"300\" height=\"206\" srcset=\"https:\/\/obispadodezaratecampana.org\/wp-content\/uploads\/2018\/05\/IMG_20180501_181336161-300x206.jpg 300w, https:\/\/obispadodezaratecampana.org\/wp-content\/uploads\/2018\/05\/IMG_20180501_181336161.jpg 980w\" sizes=\"(max-width: 300px) 100vw, 300px\" \/><\/a><\/p>\n<p style=\"text-align: center;\"><a href=\"http:\/\/obispadodezaratecampana.org\/wp-content\/uploads\/2018\/05\/BBendicion-aaronica1.jpg\"><img decoding=\"async\" class=\"alignnone size-medium wp-image-14807\" src=\"http:\/\/obispadodezaratecampana.org\/wp-content\/uploads\/2018\/05\/BBendicion-aaronica1-300x225.jpg\" alt=\"BBendicion aaronica\" width=\"300\" height=\"225\" srcset=\"https:\/\/obispadodezaratecampana.org\/wp-content\/uploads\/2018\/05\/BBendicion-aaronica1-300x225.jpg 300w, https:\/\/obispadodezaratecampana.org\/wp-content\/uploads\/2018\/05\/BBendicion-aaronica1-1024x768.jpg 1024w, https:\/\/obispadodezaratecampana.org\/wp-content\/uploads\/2018\/05\/BBendicion-aaronica1.jpg 1280w\" sizes=\"(max-width: 300px) 100vw, 300px\" \/><\/a><\/p>\n<p style=\"text-align: center;\"><img loading=\"lazy\" decoding=\"async\" class=\"alignnone size-medium wp-image-14808 aligncenter\" src=\"http:\/\/obispadodezaratecampana.org\/wp-content\/uploads\/2018\/05\/Villa-Russo-Chevriaux-y-Guarino-300x225.jpg\" alt=\"Villa- Russo- Chevriaux y Guarino\" width=\"300\" height=\"225\" srcset=\"https:\/\/obispadodezaratecampana.org\/wp-content\/uploads\/2018\/05\/Villa-Russo-Chevriaux-y-Guarino-300x225.jpg 300w, https:\/\/obispadodezaratecampana.org\/wp-content\/uploads\/2018\/05\/Villa-Russo-Chevriaux-y-Guarino-1024x768.jpg 1024w, https:\/\/obispadodezaratecampana.org\/wp-content\/uploads\/2018\/05\/Villa-Russo-Chevriaux-y-Guarino.jpg 1280w\" sizes=\"(max-width: 300px) 100vw, 300px\" \/><\/p>\n<!-- AddThis Advanced Settings generic via filter on the_content --><!-- AddThis Share Buttons generic via filter on the_content -->","protected":false},"excerpt":{"rendered":"<p>1\u00b0 de mayo 2018: Acto Ecum\u00e9nico e Interreligioso\u00a0 Catedral Santa Florentina de Campana A las 18 horas del 1 de mayo, D\u00eda Internacional del Trabajo, [&hellip;]<!-- AddThis Advanced Settings generic via filter on get_the_excerpt --><!-- AddThis Share Buttons generic via filter on get_the_excerpt --><\/p>\n","protected":false},"author":2,"featured_media":14804,"comment_status":"open","ping_status":"open","sticky":false,"template":"","format":"standard","meta":{"footnotes":""},"categories":[5,3],"tags":[],"class_list":["post-14803","post","type-post","status-publish","format-standard","has-post-thumbnail","hentry","category-generales","category-noticiasparroquiales"],"_links":{"self":[{"href":"https:\/\/obispadodezaratecampana.org\/index.php?rest_route=\/wp\/v2\/posts\/14803","targetHints":{"allow":["GET"]}}],"collection":[{"href":"https:\/\/obispadodezaratecampana.org\/index.php?rest_route=\/wp\/v2\/posts"}],"about":[{"href":"https:\/\/obispadodezaratecampana.org\/index.php?rest_route=\/wp\/v2\/types\/post"}],"author":[{"embeddable":true,"href":"https:\/\/obispadodezaratecampana.org\/index.php?rest_route=\/wp\/v2\/users\/2"}],"replies":[{"embeddable":true,"href":"https:\/\/obispadodezaratecampana.org\/index.php?rest_route=%2Fwp%2Fv2%2Fcomments&post=14803"}],"version-history":[{"count":1,"href":"https:\/\/obispadodezaratecampana.org\/index.php?rest_route=\/wp\/v2\/posts\/14803\/revisions"}],"predecessor-version":[{"id":14809,"href":"https:\/\/obispadodezaratecampana.org\/index.php?rest_route=\/wp\/v2\/posts\/14803\/revisions\/14809"}],"wp:featuredmedia":[{"embeddable":true,"href":"https:\/\/obispadodezaratecampana.org\/index.php?rest_route=\/wp\/v2\/media\/14804"}],"wp:attachment":[{"href":"https:\/\/obispadodezaratecampana.org\/index.php?rest_route=%2Fwp%2Fv2%2Fmedia&parent=14803"}],"wp:term":[{"taxonomy":"category","embeddable":true,"href":"https:\/\/obispadodezaratecampana.org\/index.php?rest_route=%2Fwp%2Fv2%2Fcategories&post=14803"},{"taxonomy":"post_tag","embeddable":true,"href":"https:\/\/obispadodezaratecampana.org\/index.php?rest_route=%2Fwp%2Fv2%2Ftags&post=14803"}],"curies":[{"name":"wp","href":"https:\/\/api.w.org\/{rel}","templated":true}]}}