{"id":14794,"date":"2018-05-24T12:40:57","date_gmt":"2018-05-24T15:40:57","guid":{"rendered":"http:\/\/obispadodezaratecampana.org\/?p=14794"},"modified":"2018-05-25T00:05:51","modified_gmt":"2018-05-25T03:05:51","slug":"mons-oscar-ojea-visito-el-espacio-arte-en-las-fabricas","status":"publish","type":"post","link":"https:\/\/obispadodezaratecampana.org\/?p=14794","title":{"rendered":"Mons. Oscar Ojea visito el espacio &#8220;Arte en las F\u00e1bricas&#8221;"},"content":{"rendered":"<p style=\"color: #1d2129; text-align: justify;\"><span style=\"color: #000080;\">En la tarde del mi\u00e9rcoles 23 de mayo Monse\u00f1or Oscar Ojea &#8211; Obispo de San Isidro y presidente de la Conferencia Episcopal Argentina \u2013 visit\u00f3 por primera vez el Centro Cultural \u201cArte en las F\u00e1bricas\u201d que dirige el artista Alejandro Marmo en la localidad de F\u00e1tima, partido de Pilar.<\/span><\/p>\n<p style=\"color: #1d2129; text-align: center;\"><a href=\"http:\/\/obispadodezaratecampana.org\/wp-content\/uploads\/2018\/05\/image3.png\"><img fetchpriority=\"high\" decoding=\"async\" class=\"alignnone size-medium wp-image-14798\" src=\"http:\/\/obispadodezaratecampana.org\/wp-content\/uploads\/2018\/05\/image3-300x199.png\" alt=\"image3\" width=\"300\" height=\"199\" srcset=\"https:\/\/obispadodezaratecampana.org\/wp-content\/uploads\/2018\/05\/image3-300x199.png 300w, https:\/\/obispadodezaratecampana.org\/wp-content\/uploads\/2018\/05\/image3-1024x682.png 1024w, https:\/\/obispadodezaratecampana.org\/wp-content\/uploads\/2018\/05\/image3.png 1280w\" sizes=\"(max-width: 300px) 100vw, 300px\" \/><\/a><\/p>\n<p style=\"color: #1d2129; text-align: justify;\"><span style=\"color: #000080;\">El Obispo local de la di\u00f3cesis de Z\u00e1rate \u2013 Campana Pedro Laxague y el de Merlo \u2013 Moreno Fernando Maletti &#8211; quienes acompa\u00f1an desde hace un tiempo esta obra de evangelizaci\u00f3n a trav\u00e9s del arte \u2013 estuvieron junto a Marmo y Monse\u00f1or Oscar recorriendo las instalaciones del predio.<\/span><\/p>\n<p style=\"color: #1d2129; text-align: justify;\"><span style=\"color: #000080;\">\u201cApreciamos mucho esta valiosa iniciativa que busca reconocer y potenciar las diversas capacidades de las personas \u2013 especialmente de los m\u00e1s humildes, quienes se hayan en las \u201cperiferias existenciales\u201d \u2013 a trav\u00e9s del arte\u201d. Esto concluyeron los Obispos luego del encuentro destacando adem\u00e1s que mucho de lo que se logra con este emprendimiento, es gracias a la generosidad de varios actores que colaboran en cada caso para que los proyectos puedan concretarse.<\/span><\/p>\n<p style=\"color: #1d2129;\"><img decoding=\"async\" class=\"alignnone size-medium wp-image-14800 aligncenter\" src=\"http:\/\/obispadodezaratecampana.org\/wp-content\/uploads\/2018\/05\/33491349_1897333696967625_3864103516964388864_n-300x199.png\" alt=\"33491349_1897333696967625_3864103516964388864_n\" width=\"300\" height=\"199\" srcset=\"https:\/\/obispadodezaratecampana.org\/wp-content\/uploads\/2018\/05\/33491349_1897333696967625_3864103516964388864_n-300x199.png 300w, https:\/\/obispadodezaratecampana.org\/wp-content\/uploads\/2018\/05\/33491349_1897333696967625_3864103516964388864_n-1024x682.png 1024w, https:\/\/obispadodezaratecampana.org\/wp-content\/uploads\/2018\/05\/33491349_1897333696967625_3864103516964388864_n.png 1280w\" sizes=\"(max-width: 300px) 100vw, 300px\" \/><\/p>\n<p style=\"color: #1d2129; text-align: justify;\"><span style=\"color: #000080;\">Informaci\u00f3n sobre el artista: Alejandro Marmo instal\u00f3 el concepto de integraci\u00f3n a trav\u00e9s del arte, como met\u00e1fora del desarrollo cultural e industrial.<\/span><\/p>\n<p style=\"color: #1d2129; text-align: justify;\"><span style=\"color: #000080;\">Para esto, trabaja con obreros y sectores excluidos de la sociedad.<\/span><br \/>\n<span style=\"color: #000080;\">A mediados de la d\u00e9cada de 1990, cuando el sistema industrial se estaba desmantelando en la Argentina, el artista cre\u00f3 el proyecto &#8220;Arte en las F\u00e1bricas&#8221; con la intenci\u00f3n de rescatar el rezago industrial de las f\u00e1bricas abandonadas del Conurbano bonaerense para transformarlo en esculturas. Con estos materiales y con la colaboraci\u00f3n de obreros despedidos del sistema productivo impuls\u00f3 la creaci\u00f3n de obras de arte en f\u00e1bricas recuperadas, autogestionadas y de origen privado, como una forma de manifestar el lenguaje de los excluidos en plena recesi\u00f3n industrial y dejar testimonio en el espacio p\u00fablico de ese suceso.<\/span><\/p>\n<p style=\"color: #1d2129; text-align: justify;\"><span style=\"color: #000080;\">Precisamente, las obras que resultan de este tipo de experiencias son emplazadas en espacios p\u00fablicos dado que para el artista es ah\u00ed donde toman verdadera dimensi\u00f3n, al mismo tiempo que los creadores refuerzan as\u00ed el sentido de pertenencia con el trabajo art\u00edstico realizado.<\/span><br \/>\n<span style=\"color: #000080;\">Entre sus obras se destacan:<\/span><\/p>\n<p style=\"color: #1d2129; text-align: justify;\"><span style=\"color: #000080;\">&#8211; Virgen de Luj\u00e1n: En noviembre de 2014 fue bendecida por el Papa Francisco y emplazada en los jardines del Vaticano, por lo que ya forma parte del patrimonio de la Santa Sede y los Museos Vaticanos. Asimismo otra imagen se encuentra frente al predio del Cen\u00e1culo \u2013 Casa de Retiro \u2013 en el partido de Pilar, provincia de Bs. As.<\/span><br \/>\n<span style=\"color: #000080;\">&#8211; Abrazo: Est\u00e1 en la fachada del Hospital de Cl\u00ednicas, en el centro porte\u00f1o, en el centro de convenciones Church Palace, en Roma; en espacios p\u00fablicos de Pilar, Castelli, Tres de Febrero, San Mart\u00edn, Merlo, Lomas de Zamora, en la provincia de Buenos Aires, y Concordia, en Entre R\u00edos, entre otros lugares.<\/span><br \/>\n<span style=\"color: #000080;\">&#8211; Evita: se encuentra en el ex edificio de Obras P\u00fablicas, en la avenida 9 de Julio, Ciudad Aut\u00f3noma de Buenos Aires.\u00a0<\/span><\/p>\n<p style=\"color: #1d2129; text-align: justify;\"><span style=\"color: #000080;\">M\u00e1s informaci\u00f3n en:\u00a0<a style=\"color: #365899;\" href=\"https:\/\/l.facebook.com\/l.php?u=http%3A%2F%2Fwww.arteenlasfabricas.com%2F%23%21%2F-home%2F&amp;h=ATP2sqcoenJvWDdimMI4jkzN8yxqGU8bVao-JWX17eFp-FR6q3SfrZdLu1oT0E227vNPyYu3TeshDUMsWCK6ICj0WpuHUfjarNJun0xvNdVisHwK8hwbTPl9AlA33QFurw-zWuwU\" target=\"_blank\" rel=\"noopener nofollow\" data-ft=\"{&quot;tn&quot;:&quot;-U&quot;}\" data-lynx-mode=\"asynclazy\"><span style=\"color: #000080;\">http:\/\/www.arteenlasfabricas.com\/#!\/-home\/<\/span><\/a><\/span><\/p>\n<!-- AddThis Advanced Settings generic via filter on the_content --><!-- AddThis Share Buttons generic via filter on the_content -->","protected":false},"excerpt":{"rendered":"<p>En la tarde del mi\u00e9rcoles 23 de mayo Monse\u00f1or Oscar Ojea &#8211; Obispo de San Isidro y presidente de la Conferencia Episcopal Argentina \u2013 visit\u00f3 [&hellip;]<!-- AddThis Advanced Settings generic via filter on get_the_excerpt --><!-- AddThis Share Buttons generic via filter on get_the_excerpt --><\/p>\n","protected":false},"author":2,"featured_media":14796,"comment_status":"open","ping_status":"open","sticky":false,"template":"","format":"video","meta":{"footnotes":""},"categories":[4,1,3,8],"tags":[],"class_list":["post-14794","post","type-post","status-publish","format-video","has-post-thumbnail","hentry","category-movimientosinstituciones","category-noticiasdiocesanas","category-noticiasparroquiales","category-videos","post_format-post-format-video"],"_links":{"self":[{"href":"https:\/\/obispadodezaratecampana.org\/index.php?rest_route=\/wp\/v2\/posts\/14794","targetHints":{"allow":["GET"]}}],"collection":[{"href":"https:\/\/obispadodezaratecampana.org\/index.php?rest_route=\/wp\/v2\/posts"}],"about":[{"href":"https:\/\/obispadodezaratecampana.org\/index.php?rest_route=\/wp\/v2\/types\/post"}],"author":[{"embeddable":true,"href":"https:\/\/obispadodezaratecampana.org\/index.php?rest_route=\/wp\/v2\/users\/2"}],"replies":[{"embeddable":true,"href":"https:\/\/obispadodezaratecampana.org\/index.php?rest_route=%2Fwp%2Fv2%2Fcomments&post=14794"}],"version-history":[{"count":3,"href":"https:\/\/obispadodezaratecampana.org\/index.php?rest_route=\/wp\/v2\/posts\/14794\/revisions"}],"predecessor-version":[{"id":14801,"href":"https:\/\/obispadodezaratecampana.org\/index.php?rest_route=\/wp\/v2\/posts\/14794\/revisions\/14801"}],"wp:featuredmedia":[{"embeddable":true,"href":"https:\/\/obispadodezaratecampana.org\/index.php?rest_route=\/wp\/v2\/media\/14796"}],"wp:attachment":[{"href":"https:\/\/obispadodezaratecampana.org\/index.php?rest_route=%2Fwp%2Fv2%2Fmedia&parent=14794"}],"wp:term":[{"taxonomy":"category","embeddable":true,"href":"https:\/\/obispadodezaratecampana.org\/index.php?rest_route=%2Fwp%2Fv2%2Fcategories&post=14794"},{"taxonomy":"post_tag","embeddable":true,"href":"https:\/\/obispadodezaratecampana.org\/index.php?rest_route=%2Fwp%2Fv2%2Ftags&post=14794"}],"curies":[{"name":"wp","href":"https:\/\/api.w.org\/{rel}","templated":true}]}}