{"id":14788,"date":"2018-05-13T11:13:43","date_gmt":"2018-05-13T14:13:43","guid":{"rendered":"http:\/\/obispadodezaratecampana.org\/?p=14788"},"modified":"2018-05-13T11:16:15","modified_gmt":"2018-05-13T14:16:15","slug":"el-episcopado-convoca-a-la-iglesia-argentina-a-la-oracion-2","status":"publish","type":"post","link":"https:\/\/obispadodezaratecampana.org\/?p=14788","title":{"rendered":"El Episcopado convoca a la Iglesia Argentina a la oraci\u00f3n"},"content":{"rendered":"<p style=\"text-align: justify;\"><span style=\"color: #1d2129;\">Celebramos la Ascensi\u00f3n del Se\u00f1or llamando a la\u00a0<\/span><a class=\"_58cn\" style=\"color: #365899;\" href=\"https:\/\/www.facebook.com\/hashtag\/oraci%C3%B3n?source=feed_text\" data-ft=\"{&quot;tn&quot;:&quot;*N&quot;,&quot;type&quot;:104}\"><span class=\"_5afx\"><span class=\"_58cl _5afz\" style=\"color: #365899;\">#<\/span><span class=\"_58cm\">oraci\u00f3n<\/span><\/span><\/a><span style=\"color: #1d2129;\">\u00a0que se enmarca en la campa\u00f1a que la\u00a0<\/span><a class=\"_58cn\" style=\"color: #365899;\" href=\"https:\/\/www.facebook.com\/hashtag\/iglesiaargentina?source=feed_text\" data-ft=\"{&quot;tn&quot;:&quot;*N&quot;,&quot;type&quot;:104}\"><span class=\"_5afx\"><span class=\"_58cl _5afz\" style=\"color: #365899;\">#<\/span><span class=\"_58cm\">IglesiaArgentina<\/span><\/span><\/a><span style=\"color: #1d2129;\">\u00a0ha comenzado el\u00a0<\/span><a class=\"_58cn\" style=\"color: #365899;\" href=\"https:\/\/www.facebook.com\/hashtag\/domingoderamos?source=feed_text\" data-ft=\"{&quot;tn&quot;:&quot;*N&quot;,&quot;type&quot;:104}\"><span class=\"_5afx\"><span class=\"_58cl _5afz\" style=\"color: #365899;\">#<\/span><span class=\"_58cm\">DomingoDeRamos<\/span><\/span><\/a><span style=\"color: #1d2129;\">. Inspirada en el Esp\u00edritu nos permitir\u00e1 a todos confesar con el entendimiento y el coraz\u00f3n que\u00a0<\/span><a class=\"_58cn\" style=\"color: #365899;\" href=\"https:\/\/www.facebook.com\/hashtag\/valetodavida?source=feed_text\" data-ft=\"{&quot;tn&quot;:&quot;*N&quot;,&quot;type&quot;:104}\"><span class=\"_5afx\"><span class=\"_58cl _5afz\" style=\"color: #365899;\">#<\/span><span class=\"_58cm\">ValeTodaVida<\/span><\/span><\/a><\/p>\n<p style=\"text-align: center;\"><img fetchpriority=\"high\" decoding=\"async\" class=\"alignnone  wp-image-14792\" src=\"http:\/\/obispadodezaratecampana.org\/wp-content\/uploads\/2018\/05\/32267249_1755728744509387_1190089369902383104_n-300x300.jpg\" alt=\"32267249_1755728744509387_1190089369902383104_n\" width=\"594\" height=\"594\" srcset=\"https:\/\/obispadodezaratecampana.org\/wp-content\/uploads\/2018\/05\/32267249_1755728744509387_1190089369902383104_n-300x300.jpg 300w, https:\/\/obispadodezaratecampana.org\/wp-content\/uploads\/2018\/05\/32267249_1755728744509387_1190089369902383104_n-150x150.jpg 150w, https:\/\/obispadodezaratecampana.org\/wp-content\/uploads\/2018\/05\/32267249_1755728744509387_1190089369902383104_n.jpg 800w\" sizes=\"(max-width: 594px) 100vw, 594px\" \/><\/p>\n<div class=\"x_tobEditableHtml\" style=\"color: #212121; text-align: justify;\">\n<p><span style=\"color: #e23234;\"><span style=\"font-weight: bold;\"><span style=\"font-family: Verdana, Geneva, sans-serif; font-size: small;\">El Episcopado convoca a la Iglesia Argentina a la oraci\u00f3n<\/span><br \/>\n<\/span><\/span><\/p>\n<div>\n<div>En el marco del debate sobre la posible despenalizaci\u00f3n del aborto, la Conferencia Episcopal Argentina convoca a toda la Iglesia a vivir un tiempo especial de oraci\u00f3n por la Vida y en especial por la Vida del Ni\u00f1o por Nacer. La oraci\u00f3n tiene un poder transformador que ayudar\u00e1 en el discernimiento a quienes tienen la responsabilidad de tomar una decisi\u00f3n de tal magnitud.<\/div>\n<div><span style=\"color: #333333;\"><br \/>\nLas Comisiones Episcopales de Laicos y Familia, Comunicaci\u00f3n Social, Liturgia y Pastoral de la Salud, que animan este camino de la Pastoral de la Vida dieron a conocer esta iniciativa.<\/span><\/div>\n<div><span style=\"color: #333333;\"><span style=\"color: #333333;\"><br \/>\nEste tiempo de insistente y confiada oraci\u00f3n se extender\u00e1 entre la fiesta de las Ascensi\u00f3n del Se\u00f1or (domingo 13 de mayo), hasta la Solemnidad del Sant\u00edsimo Cuerpo y Sangre de Cristo (domingo 3 de junio). Se enviaron propuestas para animar la oraci\u00f3n en todas las parroquias y comunidades del pa\u00eds. Adem\u00e1s se distribuye una oraci\u00f3n de San Juan Pablo ll que se rezar\u00e1 en todas la celebraciones durante este tiempo.<\/span><\/span>&nbsp;<\/p>\n<\/div>\n<div><span style=\"color: #333333;\"><b>Ingresar en este enlace\u00a0\u00a0<a title=\"\" href=\"http:\/\/71705.track.dattanet.com\/track\/click?u=1510572&amp;p=37313730353a3137303a3135363a303a323a30&amp;s=c5152eda35f690670c2253dc07cb2d20&amp;m=25174\" target=\"_blank\" rel=\"noopener noreferrer\">(En la p\u00e1gina de la Conferencia Episcopal se puede descargar completo el material)<\/a><\/b><\/span><\/div>\n<div><span style=\"color: #333333;\"><span style=\"color: #333333;\"><br \/>\nSe convoca a \u201corar incesantemente\u201d, de manera individual o en las comunidades parroquiales, especialmente en las celebraciones lit\u00fargicas, en el seno de las familias, entre amigos o en el contexto laboral. Este llamado a la oraci\u00f3n se enmarca en la campa\u00f1a que la Iglesia Argentina ha comenzado en el Domingo de Ramos y tiene el\u00a0 hashtag #ValeTodaVida. La oraci\u00f3n inspirada y movida por el Esp\u00edritu nos permitir\u00e1 a todos confesar con el entendimiento y el coraz\u00f3n que &#8220;Vale Toda Vida&#8221;.<\/span><\/span>&nbsp;<\/p>\n<\/div>\n<div><span style=\"color: #333333;\">En cuanto a las diversas marchas que se est\u00e1n organizando en defensa de la vida por nacer, tanto en la ciudad de Buenos Aires como en las distintas provincias, los Obispos vuelven a manifestar que acompa\u00f1an y alientan a quienes participen de ellas utilizando el derecho de expresi\u00f3n propio de la democracia y anhelan que cada manifestaci\u00f3n p\u00fablica se viva como una oportunidad para testimoniar con respeto el amor a la vida.<\/span><\/div>\n<div><\/div>\n<div><span style=\"color: #333333;\"><span style=\"color: #333333;\"><i>Oficina de Prensa &#8211; CEA<\/i><\/span><\/span>&nbsp;<\/p>\n<\/div>\n<\/div>\n<\/div>\n<p style=\"text-align: justify;\">\n<!-- AddThis Advanced Settings generic via filter on the_content --><!-- AddThis Share Buttons generic via filter on the_content -->","protected":false},"excerpt":{"rendered":"<p>Celebramos la Ascensi\u00f3n del Se\u00f1or llamando a la\u00a0#oraci\u00f3n\u00a0que se enmarca en la campa\u00f1a que la\u00a0#IglesiaArgentina\u00a0ha comenzado el\u00a0#DomingoDeRamos. Inspirada en el Esp\u00edritu nos permitir\u00e1 a todos [&hellip;]<!-- AddThis Advanced Settings generic via filter on get_the_excerpt --><!-- AddThis Share Buttons generic via filter on get_the_excerpt --><\/p>\n","protected":false},"author":2,"featured_media":14789,"comment_status":"open","ping_status":"open","sticky":false,"template":"","format":"standard","meta":{"footnotes":""},"categories":[5,1],"tags":[],"class_list":["post-14788","post","type-post","status-publish","format-standard","has-post-thumbnail","hentry","category-generales","category-noticiasdiocesanas"],"_links":{"self":[{"href":"https:\/\/obispadodezaratecampana.org\/index.php?rest_route=\/wp\/v2\/posts\/14788","targetHints":{"allow":["GET"]}}],"collection":[{"href":"https:\/\/obispadodezaratecampana.org\/index.php?rest_route=\/wp\/v2\/posts"}],"about":[{"href":"https:\/\/obispadodezaratecampana.org\/index.php?rest_route=\/wp\/v2\/types\/post"}],"author":[{"embeddable":true,"href":"https:\/\/obispadodezaratecampana.org\/index.php?rest_route=\/wp\/v2\/users\/2"}],"replies":[{"embeddable":true,"href":"https:\/\/obispadodezaratecampana.org\/index.php?rest_route=%2Fwp%2Fv2%2Fcomments&post=14788"}],"version-history":[{"count":3,"href":"https:\/\/obispadodezaratecampana.org\/index.php?rest_route=\/wp\/v2\/posts\/14788\/revisions"}],"predecessor-version":[{"id":14793,"href":"https:\/\/obispadodezaratecampana.org\/index.php?rest_route=\/wp\/v2\/posts\/14788\/revisions\/14793"}],"wp:featuredmedia":[{"embeddable":true,"href":"https:\/\/obispadodezaratecampana.org\/index.php?rest_route=\/wp\/v2\/media\/14789"}],"wp:attachment":[{"href":"https:\/\/obispadodezaratecampana.org\/index.php?rest_route=%2Fwp%2Fv2%2Fmedia&parent=14788"}],"wp:term":[{"taxonomy":"category","embeddable":true,"href":"https:\/\/obispadodezaratecampana.org\/index.php?rest_route=%2Fwp%2Fv2%2Fcategories&post=14788"},{"taxonomy":"post_tag","embeddable":true,"href":"https:\/\/obispadodezaratecampana.org\/index.php?rest_route=%2Fwp%2Fv2%2Ftags&post=14788"}],"curies":[{"name":"wp","href":"https:\/\/api.w.org\/{rel}","templated":true}]}}