{"id":14786,"date":"2018-05-13T10:19:41","date_gmt":"2018-05-13T13:19:41","guid":{"rendered":"http:\/\/obispadodezaratecampana.org\/?p=14786"},"modified":"2018-05-13T10:19:41","modified_gmt":"2018-05-13T13:19:41","slug":"francisco-inauguro-sede-de-scholas-en-la-villa-31-animense-a-pelear-por-la-vida","status":"publish","type":"post","link":"https:\/\/obispadodezaratecampana.org\/?p=14786","title":{"rendered":"Francisco inaugur\u00f3 sede de Scholas en la Villa 31: &#8220;An\u00edmense a pelear por la vida&#8221;"},"content":{"rendered":"<div class=\"copetePost\" style=\"text-align: justify;\"><span style=\"color: #333399;\">Buenos Aires (AICA):\u00a0El papa Francisco bendijo e inaugur\u00f3 hoy, mediante una videoconferencia, la nueva sede de Scholas Occurrentes en la Villa 31 del barrio porte\u00f1o de Retiro, donde anim\u00f3 a ni\u00f1os y j\u00f3venes a no dejarse robar la esperanza ni la capacidad de so\u00f1ar. \u201cAn\u00edmense a pelear por la vida, por las ilusiones de ustedes, no se jubilen antes de tiempo\u201d, sostuvo, y les dio un consejo: \u201cSue\u00f1en a lo grande, esperen a lo grande y arriesguen con prudencia\u201d.\u00a0<\/span><\/div>\n<div style=\"text-align: justify;\"><\/div>\n<div id=\"descripcionPost\" class=\"descripcionPost\" style=\"text-align: justify;\"><span style=\"color: #333399;\">El papa Francisco bendijo e inaugur\u00f3 hoy, mediante una videoconferencia, la nueva sede de Scholas Occurrentes en la Villa 31 del barrio porte\u00f1o de Retiro, donde anim\u00f3 a ni\u00f1os y j\u00f3venes a no dejarse robar la esperanza ni la capacidad de so\u00f1ar.\u00a0<\/span><\/p>\n<p><span style=\"color: #333399;\">\u201cAn\u00edmense a pelear por la vida, por las ilusiones de ustedes, no se jubilen antes de tiempo\u201d, sostuvo, y les dio un consejo: \u201cSue\u00f1en a lo grande, esperen a lo grande y arriesguen con prudencia\u201d.\u00a0<\/span><\/p>\n<p><span style=\"color: #333399;\">\u201cGracias por lo que hacen, integren los tres lenguajes, de tal modo que puedan pensar lo que sienten y lo que hacen, puedan sentir lo que piensan y lo que hacen, puedan hacer lo que piensan y lo que sienten. Que Dios los bendiga, coraje, adelante\u201d, concluy\u00f3.\u00a0<\/span><\/p>\n<p><span style=\"color: #333399;\">Francisco tambi\u00e9n inaugur\u00f3 las nuevas sedes de la red global educativa, que presiden los argentinos Jos\u00e9 Mar\u00eda del Corral y Enrique Palmeyro, en Mozambique y en Colombia.\u00a0 <\/span><\/div>\n<div class=\"descripcionPost\" style=\"text-align: justify;\"><\/div>\n<div class=\"descripcionPost\" style=\"text-align: justify;\"><span style=\"color: #333399;\">Enlace con el video youtube Video Conferencia:\u00a0<a title=\"Scolas villa 31\" href=\"https:\/\/youtu.be\/xp1zBlxNJjI\" target=\"_blank\">https:\/\/youtu.be\/xp1zBlxNJjI<\/a><\/span><\/div>\n<!-- AddThis Advanced Settings generic via filter on the_content --><!-- AddThis Share Buttons generic via filter on the_content -->","protected":false},"excerpt":{"rendered":"<p>Buenos Aires (AICA):\u00a0El papa Francisco bendijo e inaugur\u00f3 hoy, mediante una videoconferencia, la nueva sede de Scholas Occurrentes en la Villa 31 del barrio porte\u00f1o [&hellip;]<!-- AddThis Advanced Settings generic via filter on get_the_excerpt --><!-- AddThis Share Buttons generic via filter on get_the_excerpt --><\/p>\n","protected":false},"author":2,"featured_media":0,"comment_status":"open","ping_status":"open","sticky":false,"template":"","format":"video","meta":{"footnotes":""},"categories":[161,8],"tags":[],"class_list":["post-14786","post","type-post","status-publish","format-video","hentry","category-el-papa-leonxiv","category-videos","post_format-post-format-video"],"_links":{"self":[{"href":"https:\/\/obispadodezaratecampana.org\/index.php?rest_route=\/wp\/v2\/posts\/14786","targetHints":{"allow":["GET"]}}],"collection":[{"href":"https:\/\/obispadodezaratecampana.org\/index.php?rest_route=\/wp\/v2\/posts"}],"about":[{"href":"https:\/\/obispadodezaratecampana.org\/index.php?rest_route=\/wp\/v2\/types\/post"}],"author":[{"embeddable":true,"href":"https:\/\/obispadodezaratecampana.org\/index.php?rest_route=\/wp\/v2\/users\/2"}],"replies":[{"embeddable":true,"href":"https:\/\/obispadodezaratecampana.org\/index.php?rest_route=%2Fwp%2Fv2%2Fcomments&post=14786"}],"version-history":[{"count":1,"href":"https:\/\/obispadodezaratecampana.org\/index.php?rest_route=\/wp\/v2\/posts\/14786\/revisions"}],"predecessor-version":[{"id":14787,"href":"https:\/\/obispadodezaratecampana.org\/index.php?rest_route=\/wp\/v2\/posts\/14786\/revisions\/14787"}],"wp:attachment":[{"href":"https:\/\/obispadodezaratecampana.org\/index.php?rest_route=%2Fwp%2Fv2%2Fmedia&parent=14786"}],"wp:term":[{"taxonomy":"category","embeddable":true,"href":"https:\/\/obispadodezaratecampana.org\/index.php?rest_route=%2Fwp%2Fv2%2Fcategories&post=14786"},{"taxonomy":"post_tag","embeddable":true,"href":"https:\/\/obispadodezaratecampana.org\/index.php?rest_route=%2Fwp%2Fv2%2Ftags&post=14786"}],"curies":[{"name":"wp","href":"https:\/\/api.w.org\/{rel}","templated":true}]}}