{"id":14779,"date":"2018-05-11T22:14:53","date_gmt":"2018-05-12T01:14:53","guid":{"rendered":"http:\/\/obispadodezaratecampana.org\/?p=14779"},"modified":"2018-05-11T22:14:53","modified_gmt":"2018-05-12T01:14:53","slug":"curso-de-la-facultad-de-teologia-sobre-la-sinodalidad","status":"publish","type":"post","link":"https:\/\/obispadodezaratecampana.org\/?p=14779","title":{"rendered":"Curso de la Facultad de Teolog\u00eda sobre la Sinodalidad"},"content":{"rendered":"<p style=\"text-align: center;\">\n<p style=\"text-align: justify;\"><span style=\"color: #808000;\">Buenos Aires (AICA): La Facultad de Teolog\u00eda de la Pontificia Universidad Cat\u00f3lica Argentina Santa Mar\u00eda de los Buenos Aires ha programado un curso especial en el que se presentar\u00e1 y comentar\u00e1 el reciente documento sobre \u201cLa sinodalidad en la vida y la misi\u00f3n de la Iglesia\u201d, con el prop\u00f3sito de reflexionar acerca de una renovada comuni\u00f3n sinodal. El curso se desarrollar\u00e1 en cinco sesiones: los jueves 24 y 31 de mayo y los jueves 7, 14 y 21 de junio.<\/span><\/p>\n<p style=\"text-align: justify;\"><span style=\"color: #808000;\">La Facultad de Teolog\u00eda de la Pontificia Universidad Cat\u00f3lica Argentina Santa Mar\u00eda de los Buenos Aires ha programado un curso especial en el que se presentar\u00e1 y comentar\u00e1 el reciente documento sobre \u201cLa sinodalidad en la vida y la misi\u00f3n de la Iglesia\u201d, con el prop\u00f3sito de reflexionar acerca de una renovada comuni\u00f3n sinodal.<\/span><\/p>\n<p style=\"text-align: justify;\"><span style=\"color: #808000;\">El curso tendr\u00e1 lugar en el aula magna de la Facultad de Teolog\u00eda, Concordia 4422, en el barrio porte\u00f1o de Villa Devoto, y se desarrollar\u00e1 en cinco sesiones: los jueves 24 y 31 de mayo y los jueves 7, 14 y 21 de junio en el horario de 10 a 12:30.<\/span><\/p>\n<p style=\"text-align: justify;\"><span style=\"color: #808000;\">El curso est\u00e1 destinado a graduados de la Facultad de Teolog\u00eda de la UCA y de otros centros teol\u00f3gicos; y a obispos, presb\u00edteros, di\u00e1conos, consagrados y consagradas, agentes pastorales laicos con formaci\u00f3n teol\u00f3gica b\u00e1sica, profesores y estudiantes de distintas facultades de la UCA y de otros centros universitarios.<\/span><\/p>\n<p style=\"text-align: justify;\"><span style=\"color: #808000;\">Programa<\/span><\/p>\n<p style=\"text-align: justify;\"><span style=\"color: #808000;\">El programa del curso comprende los siguientes temas y sus expositores:<\/span><\/p>\n<p style=\"text-align: justify;\"><span style=\"color: #808000;\">1. Jueves 24 de mayo: \u00bfQu\u00e9 decimos al decir s\u00ednodo y sinodalidad? La novedad del reciente documento de la Comisi\u00f3n Teol\u00f3gica Internacional. Profesor, presb\u00edtero doctor Carlos Mar\u00eda Galli<\/span><\/p>\n<p style=\"text-align: justify;\"><span style=\"color: #808000;\">2. Jueves 31 de mayo: \u201cEntiendan lo que el Esp\u00edritu dice a las Iglesias\u201d (Ap 2-3): el discernimiento pastoral y espiritual en comuni\u00f3n. Profesores: monse\u00f1or Oscar Vicente Ojea, obispo de San Isidro; hermana licenciada Josefina Llach ACI; padre doctor Luis Liberti SVD; licenciado Juan de la Torre.<\/span><\/p>\n<p style=\"text-align: justify;\"><span style=\"color: #808000;\">3. Jueves 7 de junio: \u201cEl Esp\u00edritu Santo y nosotros mismos\u2026\u201d (Hech 15,28): la sinodalidad en el Nuevo Testamento. Profesor, monse\u00f1or doctor Luis Heriberto Rivas.<\/span><\/p>\n<p style=\"text-align: justify;\"><span style=\"color: #808000;\">4. Jueves 14 de junio: \u201cContaron lo que les hab\u00eda pasado en el camino\u2026\u201d (Lc 24,35): la sinodalidad en la historia y en la ense\u00f1anza de la Iglesia. Profesores: doctor Federico Tavelli y doctora Virginia Azcuy.<\/span><\/p>\n<p style=\"text-align: justify;\"><span style=\"color: #808000;\">5. Jueves 21 de junio: \u201cIglesia es nombre de S\u00ednodo\u201d (San Juan Cris\u00f3stomo): pensar el ser, la vida y la misi\u00f3n en una Iglesia sinodal. Profesor, padre doctor Jorge Scampini OP.<\/span><\/p>\n<p style=\"text-align: justify;\"><span style=\"color: #808000;\">Informes e inscripci\u00f3n <\/span><br \/>\n<span style=\"color: #808000;\">Se ruega la inscripci\u00f3n previa, personalmente, por tel\u00e9fono, fax o correo electr\u00f3nico a: Facultad de Teolog\u00eda, Concordia 4422, Buenos Aires.<\/span><\/p>\n<p style=\"text-align: justify;\"><span style=\"color: #808000;\">Tel-Fax (011) 4501-6428\/6748 (lunes a viernes 9 a 13 y 15 a 17.<\/span><\/p>\n<p style=\"text-align: justify;\"><span style=\"color: #808000;\">Correo electr\u00f3nico: teologia@uca.edu.ar<\/span><\/p>\n<p style=\"text-align: justify;\"><span style=\"color: #808000;\">Facebook: https:\/\/www.facebook.com\/facteol.uca<\/span><\/p>\n<p style=\"text-align: justify;\"><span style=\"color: #808000;\">Sinodalidad <\/span><br \/>\n<span style=\"color: #808000;\">\u201cCuando llegaron a Jerusal\u00e9n, fueron bien recibidos por la Iglesia\u2026 relataron todo lo que Dios hab\u00eda hecho con ellos\u2026 Los Ap\u00f3stoles y los presb\u00edteros se reunieron para deliberar sobre este asunto\u2026 al cabo de una prolongada discusi\u00f3n\u2026decidieron y comunicaron: El Esp\u00edritu Santo y nosotros mismos\u2026\u201d (\u201cConcilio de Jerusal\u00e9n\u201d, cf. Hech 15,4.6.7.28).<\/span><\/p>\n<p style=\"text-align: justify;\"><span style=\"color: #808000;\">\u201cCada uno recibi\u00f3 su propio don, en la medida que Cristo los ha distribuido\u2026 en orden a la edificaci\u00f3n del Cuerpo de Cristo, hasta que todos lleguemos\u2026 a la madurez de su plenitud&#8221;(Ef 4, 7. 12-13).<\/span><\/p>\n<p style=\"text-align: justify;\"><span style=\"color: #808000;\">\u201cEl camino de la sinodalidad es el camino que Dios espera de la Iglesia del tercer milenio. Lo que el Se\u00f1or nos pide, en cierto sentido, ya est\u00e1 todo contenido en la palabra S\u00ednodo. Caminar juntos \u2014laicos, pastores, Obispo de Roma\u2014 es un concepto f\u00e1cil de expresar con palabras, pero no es tan f\u00e1cil ponerlo en pr\u00e1ctica\u2026 Una Iglesia sinodal es una Iglesia de la escucha\u2026\u201d (FRANCISCO, Discurso en la conmemoraci\u00f3n del 50\u00ba aniversario de la instituci\u00f3n del S\u00ednodo de los Obispos, 17\/10\/2015).<\/span><\/p>\n<p style=\"text-align: justify;\"><span style=\"color: #808000;\">La sinodalidad representa a la Iglesia como comunidad en camino y asamblea congregada. La palabra \u201cs\u00ednodo\u201d remite al mismo Jes\u00fas, quien se revela como \u201cEl Camino\u201d (Jn 14,6), y a los cristianos, \u201clos seguidores del camino del Se\u00f1or\u201d (Hch 9,2). La vida sinodal es \u201candar juntos por el camino\u201d y \u201creunirse juntos en asambleas\u201d bajo la acci\u00f3n del Esp\u00edritu Santo y con la gu\u00eda del ministerio apost\u00f3lico. Las reuniones eclesiales, en especial los concilios y los s\u00ednodos, son momentos privilegiados de escucha, di\u00e1logo y discernimiento pastoral. La sinodalidad es el modo de ser y de actuar del Pueblo de Dios evangelizador. Es el peculiar estilo de realizaci\u00f3n -participativo, din\u00e1mico y org\u00e1nico- de la comuni\u00f3n de la Iglesia peregrina en la historia hacia la plenitud del Reino de Dios.+<\/span><\/p>\n<p>&nbsp;<\/p>\n<!-- AddThis Advanced Settings generic via filter on the_content --><!-- AddThis Share Buttons generic via filter on the_content -->","protected":false},"excerpt":{"rendered":"<p>Buenos Aires (AICA): La Facultad de Teolog\u00eda de la Pontificia Universidad Cat\u00f3lica Argentina Santa Mar\u00eda de los Buenos Aires ha programado un curso especial en [&hellip;]<!-- AddThis Advanced Settings generic via filter on get_the_excerpt --><!-- AddThis Share Buttons generic via filter on get_the_excerpt --><\/p>\n","protected":false},"author":2,"featured_media":14780,"comment_status":"open","ping_status":"open","sticky":false,"template":"","format":"standard","meta":{"footnotes":""},"categories":[5,4],"tags":[],"class_list":["post-14779","post","type-post","status-publish","format-standard","has-post-thumbnail","hentry","category-generales","category-movimientosinstituciones"],"_links":{"self":[{"href":"https:\/\/obispadodezaratecampana.org\/index.php?rest_route=\/wp\/v2\/posts\/14779","targetHints":{"allow":["GET"]}}],"collection":[{"href":"https:\/\/obispadodezaratecampana.org\/index.php?rest_route=\/wp\/v2\/posts"}],"about":[{"href":"https:\/\/obispadodezaratecampana.org\/index.php?rest_route=\/wp\/v2\/types\/post"}],"author":[{"embeddable":true,"href":"https:\/\/obispadodezaratecampana.org\/index.php?rest_route=\/wp\/v2\/users\/2"}],"replies":[{"embeddable":true,"href":"https:\/\/obispadodezaratecampana.org\/index.php?rest_route=%2Fwp%2Fv2%2Fcomments&post=14779"}],"version-history":[{"count":1,"href":"https:\/\/obispadodezaratecampana.org\/index.php?rest_route=\/wp\/v2\/posts\/14779\/revisions"}],"predecessor-version":[{"id":14783,"href":"https:\/\/obispadodezaratecampana.org\/index.php?rest_route=\/wp\/v2\/posts\/14779\/revisions\/14783"}],"wp:featuredmedia":[{"embeddable":true,"href":"https:\/\/obispadodezaratecampana.org\/index.php?rest_route=\/wp\/v2\/media\/14780"}],"wp:attachment":[{"href":"https:\/\/obispadodezaratecampana.org\/index.php?rest_route=%2Fwp%2Fv2%2Fmedia&parent=14779"}],"wp:term":[{"taxonomy":"category","embeddable":true,"href":"https:\/\/obispadodezaratecampana.org\/index.php?rest_route=%2Fwp%2Fv2%2Fcategories&post=14779"},{"taxonomy":"post_tag","embeddable":true,"href":"https:\/\/obispadodezaratecampana.org\/index.php?rest_route=%2Fwp%2Fv2%2Ftags&post=14779"}],"curies":[{"name":"wp","href":"https:\/\/api.w.org\/{rel}","templated":true}]}}