{"id":14774,"date":"2018-05-11T21:31:14","date_gmt":"2018-05-12T00:31:14","guid":{"rendered":"http:\/\/obispadodezaratecampana.org\/?p=14774"},"modified":"2018-05-11T21:32:54","modified_gmt":"2018-05-12T00:32:54","slug":"mons-ojea-llamo-a-trabajar-con-humildad-pero-con-firmeza-en-la-defensa-de-la-vida","status":"publish","type":"post","link":"https:\/\/obispadodezaratecampana.org\/?p=14774","title":{"rendered":"Mons. Ojea llam\u00f3 a trabajar \u201ccon humildad pero con firmeza\u201d en la defensa de la vida"},"content":{"rendered":"<p style=\"text-align: justify;\"><span style=\"color: #000080;\">Buenos Aires (AICA) 11 mayo 2018: <em>El presidente de la Conferencia Episcopal Argentina (CEA), monse\u00f1or Oscar Ojea, presidi\u00f3 esta ma\u00f1ana una reuni\u00f3n con agrupaciones y movimientos en defensa de la vida. Durante el encuentro, que se desarroll\u00f3 en la sede de la CEA, el prelado pidi\u00f3 \u00a8que nos unamos en la oraci\u00f3n, que tiene para nosotros, los cristianos, un efecto tan grande\u201d, para pedirle al Se\u00f1or \u201cque los legisladores puedan dejar de lado todo tipo de estrategia, de t\u00e1ctica, de inter\u00e9s fuera de la propia conciencia, para poder decidir en un tema de tan enorme responsabilidad\u201d.<\/em> <\/span><\/p>\n<p style=\"text-align: center;\"><a href=\"http:\/\/obispadodezaratecampana.org\/wp-content\/uploads\/2018\/05\/foto-2.jpg\"><img fetchpriority=\"high\" decoding=\"async\" class=\"alignnone size-medium wp-image-14775\" src=\"http:\/\/obispadodezaratecampana.org\/wp-content\/uploads\/2018\/05\/foto-2-300x197.jpg\" alt=\"foto 2\" width=\"300\" height=\"197\" srcset=\"https:\/\/obispadodezaratecampana.org\/wp-content\/uploads\/2018\/05\/foto-2-300x197.jpg 300w, https:\/\/obispadodezaratecampana.org\/wp-content\/uploads\/2018\/05\/foto-2.jpg 640w\" sizes=\"(max-width: 300px) 100vw, 300px\" \/><\/a><\/p>\n<p style=\"text-align: justify;\"><span style=\"color: #000080;\">Representantes de agrupaciones y movimientos provida se congregaron esta ma\u00f1ana en la sede de la Conferencia Episcopal Argentina para participar de una reuni\u00f3n encabezada por el presidente del episcopado,\u00a0<span style=\"color: #000080;\">monse\u00f1or Oscar Ojea<\/span>, acompa\u00f1ado por el presidente de la Comisi\u00f3n Episcopal de Apostolado de los Laicos y Pastoral Familiar,\u00a0<span style=\"color: #000080;\">monse\u00f1or Pedro Mar\u00eda Laxague<\/span>\u00a0y su secretario ejecutivo, presb\u00edtero Gustavo Antico; el presidente de la Comisi\u00f3n Episcopal de Pastoral de la Salud,\u00a0<span style=\"color: #000080;\">monse\u00f1or Alberto Bochatey OSA<\/span>; el secretario ejecutivo de la Comisi\u00f3n Episcopal de Liturgia, licenciado Rodrigo Mart\u00ednez; y el responsable de la oficina de prensa del episcopado, presb\u00edtero M\u00e1ximo Jurcinovic.\u00a0<\/span><\/p>\n<p><span style=\"color: #000080;\">La actividad tuvo como prop\u00f3sito principal convocar a las diferentes comunidades a vivir\u00a0<span style=\"color: #000080;\">un tiempo especial de oraci\u00f3n por la vida<\/span>, en particular por la vida del ni\u00f1o por nacer. La iniciativa se extender\u00e1 entre la fiesta de la Ascensi\u00f3n del Se\u00f1or (13 de mayo) y la solemnidad del Sant\u00edsimo Cuerpo y Sangre de Cristo (3 de junio) y se enmarcar\u00e1 en la campa\u00f1a con la consigna #ValeTodaVida.\u00a0<\/span><\/p>\n<p><span style=\"color: #000080;\">Monse\u00f1or Ojea inici\u00f3 el encuentro con un agradecimiento \u201ca todos los hermanos que est\u00e1n trabajando en defensa de la vida, y que desde distintos lugares y \u00e1mbitos est\u00e1n poniendo su tiempo, su talento, su coraz\u00f3n para defender el don de Dios, el don supremo y el tesoro m\u00e1s grande que el Se\u00f1or nos ha regalado\u201d.\u00a0<\/span><\/p>\n<p><span style=\"color: #000080;\">Este agradecimiento, aclar\u00f3, \u201clo hacemos de coraz\u00f3n y lo renovamos principalmente en un tiempo de prueba y en un tiempo de lucha\u201d, afirm\u00f3. \u201cEntramos en una situaci\u00f3n donde se hace imperiosamente necesaria la oraci\u00f3n\u201d, consider\u00f3. Por ese motivo, a trav\u00e9s de la Comisi\u00f3n de Liturgia del Episcopado, invit\u00f3 a transitar \u201cun camino de oraci\u00f3n y yo dir\u00eda tambi\u00e9n, de ayuno, en alg\u00fan d\u00eda o en alg\u00fan momento, para poder pedirle al Se\u00f1or que ilumine las conciencias, principalmente de nuestros legisladores\u201d.\u00a0<\/span><\/p>\n<p><span style=\"color: #000080;\">\u201cLa conciencia necesita ser iluminada por la Gracia de Dios. En esta votaci\u00f3n vamos a pedirle al Se\u00f1or que los legisladores puedan dejar de lado todo tipo de estrategia, de t\u00e1ctica, de inter\u00e9s fuera de la propia conciencia para poder decidir en un tema de tan enorme responsabilidad que hace al futuro de nuestra Patria\u201d, sostuvo.\u00a0<\/span><\/p>\n<p><span style=\"color: #000080;\">\u201cEntonces es necesario invitar a la oraci\u00f3n, pedir oraci\u00f3n, es necesario que nos unamos en la oraci\u00f3n que tiene para nosotros, los cristianos, un efecto tan grande\u201d, convoc\u00f3.\u00a0<\/span><\/p>\n<p><span style=\"color: #000080;\">\u201cNosotros podemos calcular muchas cosas, podemos planificar muchas cosas, pero en \u00faltimo t\u00e9rmino es el Esp\u00edritu de Dios el que va a ir decidiendo y viendo c\u00f3mo se va a resolver, y en sus manos estamos todos\u201d, record\u00f3.\u00a0<\/span><\/p>\n<p><img decoding=\"async\" class=\"alignnone size-medium wp-image-14776 aligncenter\" src=\"http:\/\/obispadodezaratecampana.org\/wp-content\/uploads\/2018\/05\/foto-1-300x225.jpg\" alt=\"foto 1\" width=\"300\" height=\"225\" srcset=\"https:\/\/obispadodezaratecampana.org\/wp-content\/uploads\/2018\/05\/foto-1-300x225.jpg 300w, https:\/\/obispadodezaratecampana.org\/wp-content\/uploads\/2018\/05\/foto-1.jpg 850w\" sizes=\"(max-width: 300px) 100vw, 300px\" \/><\/p>\n<p><span style=\"color: #000080;\">Finalmente, y en nombre del episcopado, monse\u00f1or Ojea manifest\u00f3 alegr\u00eda por la tarea realizada hasta ahora. \u201cHemos tratado de trabajar juntos tanto desde la parte pastoral del episcopado, la Comisi\u00f3n de Comunicaci\u00f3n y la comisi\u00f3n que se encarga del seguimiento legislativo\u201d, destac\u00f3.\u00a0<\/span><\/p>\n<p><span style=\"color: #000080;\">El obispo hizo hincapi\u00e9 en la tarea de comunicaci\u00f3n en las redes sociales y en la tarea pastoral de aquellos que ponen \u201clo mejor de s\u00ed mismos para crear conciencia, para ahondar la conciencia sobre el sentido de la vida\u201d.\u00a0<\/span><\/p>\n<p><span style=\"color: #000080;\">\u201cHemos tratado de trabajar juntos, de no dispersarnos, creemos que estamos en un buen camino\u201d, reconoci\u00f3 el obispo, y detall\u00f3: \u201cHemos optado por los caminos de la serenidad y de afirmar nuestro servicio a la verdad con humildad pero con firmeza\u201d.\u00a0<\/span><\/p>\n<p><span style=\"color: #000080;\">En ese sentido, el prelado consider\u00f3 que las marchas que se vienen realizando en todo el pa\u00eds son una herramienta importante, y manifest\u00f3 su acompa\u00f1amiento y apoyo desde el lugar de pastores, confiando en la tarea que llevan adelante los laicos para manifestar la defensa de la vida desde un espacio plural como lo es el espacio de la ciudadan\u00eda.\u00a0<\/span><\/p>\n<p style=\"text-align: justify;\"><span style=\"color: #000080;\">El presidente de la Comisi\u00f3n Episcopal de Apostolado de los Laicos y Pastoral Familiar, monse\u00f1or Pedro Mar\u00eda Laxague, por su parte, destac\u00f3 la importancia de la oraci\u00f3n: \u201cQu\u00e9 mejor que poner en las manos de Dios este tema que nos preocupa y nos ocupa en este momento, y que tendr\u00eda que ocuparnos toda la vida\u201d, manifest\u00f3.\u00a0<\/span><\/p>\n<p><span style=\"color: #000080;\">\u201cSi hay algo que es de Dios es la vida, y tenemos que dejarnos iluminar por \u00c9l\u201d, afirm\u00f3, y llam\u00f3 a que \u201ctoda la Iglesia se ponga en oraci\u00f3n especialmente\u201d, y consider\u00f3 que eso va a tener tambi\u00e9n un \u201cefecto pedag\u00f3gico\u201d, porque \u201cla liturgia ense\u00f1a y va formando a la gente, para que nadie piense que la Iglesia no se quiere definir mucho sobre este tema\u201d.\u00a0<\/span><\/p>\n<p><span style=\"color: #000080;\">El presidente de la Comisi\u00f3n Episcopal de Pastoral de la Salud, monse\u00f1or Alberto Bochatey OSA, dijo que \u201clos bautizados sabemos que nuestra vida que tiene dignidad por el solo hecho de ser vida, ha sido enriquecida por el don de Dios de la gracia sacramental y nos ha llevado a esta vida bautismal\u201d. En ese sentido, llam\u00f3 a \u201cvolver a rescatar esa dimensi\u00f3n de santidad que hemos recibido en el bautismo\u201d.\u00a0<\/span><\/p>\n<p><span style=\"color: #000080;\">\u201cCuando yo digo \u2018Vale toda Vida\u2019 o \u2018Cuidemos las dos vidas\u2019 estoy diciendo vivamos intensamente el don de la gracia bautismal. Si yo defiendo la vida no es por una convicci\u00f3n ideol\u00f3gica, no es por una convicci\u00f3n racional, es porque estoy defendiendo un don de santidad\u201d, se\u00f1al\u00f3.\u00a0<\/span><\/p>\n<p><span style=\"color: #000080;\">El licenciado Rodrigo Mart\u00ednez, secretario ejecutivo de la Comisi\u00f3n Episcopal de Liturgia, explic\u00f3 de qu\u00e9 manera se concreta la invitaci\u00f3n, detallada en tres propuestas: la oraci\u00f3n por la vida escrita por San Juan Pablo II en el documento \u201cEl Evangelio de la Vida\u201d en 1995; un gui\u00f3n orientado a la defensa de la vida para guiar las celebraciones que se desarrollan en la semana, y un gui\u00f3n especial para la celebraci\u00f3n de Corpus Christi, invitando especialmente a que las procesiones que se realizan en las distintas ciudades puedan detenerse en lugares dedicados al cuidado de la vida (hogares de ancianos, hospitales, hogares de ni\u00f1os).\u00a0<\/span><\/p>\n<p><span style=\"color: #000080;\">El presb\u00edtero Gustavo Antico, secretario ejecutivo de la Comisi\u00f3n Episcopal de Apostolado de los Laicos y Pastoral Familiar, anim\u00f3 a \u201cparticipar no s\u00f3lo de este momento especial que estamos viviendo, de este debate, esta reflexi\u00f3n que se hace en nuestro pa\u00eds; sino que podamos mirar m\u00e1s lejos, a m\u00e1s largo plazo\u201d. En ese sentido, afirm\u00f3: \u201cNos queda el gran compromiso de renovar, de seguir pensando juntos una Pastoral de la Vida\u201d.+\u00a0<\/span><\/p>\n<!-- AddThis Advanced Settings generic via filter on the_content --><!-- AddThis Share Buttons generic via filter on the_content -->","protected":false},"excerpt":{"rendered":"<p>Buenos Aires (AICA) 11 mayo 2018: El presidente de la Conferencia Episcopal Argentina (CEA), monse\u00f1or Oscar Ojea, presidi\u00f3 esta ma\u00f1ana una reuni\u00f3n con agrupaciones y [&hellip;]<!-- AddThis Advanced Settings generic via filter on get_the_excerpt --><!-- AddThis Share Buttons generic via filter on get_the_excerpt --><\/p>\n","protected":false},"author":2,"featured_media":14775,"comment_status":"open","ping_status":"open","sticky":false,"template":"","format":"standard","meta":{"footnotes":""},"categories":[5,1],"tags":[],"class_list":["post-14774","post","type-post","status-publish","format-standard","has-post-thumbnail","hentry","category-generales","category-noticiasdiocesanas"],"_links":{"self":[{"href":"https:\/\/obispadodezaratecampana.org\/index.php?rest_route=\/wp\/v2\/posts\/14774","targetHints":{"allow":["GET"]}}],"collection":[{"href":"https:\/\/obispadodezaratecampana.org\/index.php?rest_route=\/wp\/v2\/posts"}],"about":[{"href":"https:\/\/obispadodezaratecampana.org\/index.php?rest_route=\/wp\/v2\/types\/post"}],"author":[{"embeddable":true,"href":"https:\/\/obispadodezaratecampana.org\/index.php?rest_route=\/wp\/v2\/users\/2"}],"replies":[{"embeddable":true,"href":"https:\/\/obispadodezaratecampana.org\/index.php?rest_route=%2Fwp%2Fv2%2Fcomments&post=14774"}],"version-history":[{"count":2,"href":"https:\/\/obispadodezaratecampana.org\/index.php?rest_route=\/wp\/v2\/posts\/14774\/revisions"}],"predecessor-version":[{"id":14778,"href":"https:\/\/obispadodezaratecampana.org\/index.php?rest_route=\/wp\/v2\/posts\/14774\/revisions\/14778"}],"wp:featuredmedia":[{"embeddable":true,"href":"https:\/\/obispadodezaratecampana.org\/index.php?rest_route=\/wp\/v2\/media\/14775"}],"wp:attachment":[{"href":"https:\/\/obispadodezaratecampana.org\/index.php?rest_route=%2Fwp%2Fv2%2Fmedia&parent=14774"}],"wp:term":[{"taxonomy":"category","embeddable":true,"href":"https:\/\/obispadodezaratecampana.org\/index.php?rest_route=%2Fwp%2Fv2%2Fcategories&post=14774"},{"taxonomy":"post_tag","embeddable":true,"href":"https:\/\/obispadodezaratecampana.org\/index.php?rest_route=%2Fwp%2Fv2%2Ftags&post=14774"}],"curies":[{"name":"wp","href":"https:\/\/api.w.org\/{rel}","templated":true}]}}