{"id":14766,"date":"2018-05-11T11:05:04","date_gmt":"2018-05-11T14:05:04","guid":{"rendered":"http:\/\/obispadodezaratecampana.org\/?p=14766"},"modified":"2018-05-11T11:05:04","modified_gmt":"2018-05-11T14:05:04","slug":"caritas-argentina-la-solidaridad-empieza-por-dar","status":"publish","type":"post","link":"https:\/\/obispadodezaratecampana.org\/?p=14766","title":{"rendered":"C\u00e1ritas Argentina: La solidaridad empieza por dar"},"content":{"rendered":"<p style=\"text-align: justify;\"><strong><span style=\"color: #333399;\">C\u00e1ritas Argentina<\/span><\/strong><\/p>\n<p style=\"text-align: justify;\"><strong><span style=\"color: #333399;\">La solidaridad empieza por dar<\/span><\/strong><\/p>\n<p style=\"text-align: justify;\"><span style=\"color: #333399;\">El lema que animar\u00e1 la Colecta Anual C\u00e1ritas durante este a\u00f1o ser\u00e1 La solidaridad empieza por dar. El sentido de esta reflexi\u00f3n, que es tambi\u00e9n un llamado a la acci\u00f3n, est\u00e1 inspirada en el mensaje del Papa Francisco \u201cNo amemos de palabra sino con obras\u201d con el que inaugur\u00f3, en diciembre pasado, la 1\u00ba Jornada Mundial de los Pobres.<\/span><\/p>\n<p style=\"text-align: justify;\"><span style=\"color: #333399;\">El Papa tom\u00f3, para el t\u00edtulo de su mensaje, una cita de la primera carta del Ap\u00f3stol San Juan (1 Jn 3,18).en la que exhorta a la comunidad creyente a ser generosos con quien sufre necesidades para que el amor de Dios permanezca en nuestro coraz\u00f3n: \u201cSi alguien vive en la abundancia, y viendo a su hermano en la necesidad, le cierra su coraz\u00f3n, \u00bfc\u00f3mo permanecer\u00e1 en \u00e9l el amor de Dios?\u201d, interpela el Ap\u00f3stol en el vers\u00edculo anterior.<\/span><\/p>\n<p style=\"text-align: justify;\"><span style=\"color: #333399;\">Mons. Carlos Tissera, Presidente de C\u00e1ritas Argentina explica que \u201cla Colecta Anual es un modo de amar no s\u00f3lo con palabras, sino con obras, con gestos concretos que hacen m\u00e1s digna la vida de nuestro pueblo. Es salir al encuentro de los pobres para descubrir su humanidad, sentirlos hermanos y todos sabernos parte de un mismo pueblo\u201d.<\/span><\/p>\n<p style=\"text-align: justify;\"><span style=\"color: #333399;\">Mons. Carlos sostiene que \u201cla solidaridad es el anticuerpo para el individualismo y la mezquindad. Es la barrera contra el avance de la ambici\u00f3n desmedida que provoca injusticia y desigualdad, ra\u00edz de tantos sufrimientos. Hacer una colecta \u2013agrega- significa \u201csalir\u201d. Salir de nuestro yo, de nuestra comodidad y seguridad, para ir al encuentro del otro. Es organizarnos para compartir nuestros bienes, nuestro tiempo y capacidades. Es salir al encuentro para generar una cultura que nos hermana, que sana las heridas de las diferencias, con la generosidad: el respeto y la consideraci\u00f3n de la dignidad de cada ser humano\u201d.<\/span><\/p>\n<p style=\"text-align: justify;\"><span style=\"color: #333399;\">El Presidente de C\u00e1ritas destaca que \u201ccon tu ayuda haremos posible que en las comunidades se generen proyectos que atiendan a las necesidades m\u00e1s elementales, como es comer, vestirse, tener remedios, como tambi\u00e9n tener lo necesario para estudiar, educarse, construir una vivienda: desarrollar las capacidades art\u00edsticas, deportivas; crear centro de contenci\u00f3n y rehabilitaci\u00f3n para ni\u00f1os, adolescentes y j\u00f3venes; crear espacios de convivencia y alivio para los ancianos, o socorrer en algunas emergencias clim\u00e1ticas y prevenir situaciones de riesgo\u201d.<\/span><\/p>\n<p style=\"text-align: justify;\"><span style=\"color: #333399;\">Tissera, finalmente, renueva su convocatoria solidaria a toda la sociedad recordando que \u201ctoda persona de buena voluntad est\u00e1 invitada a participar de este gesto de fraternidad que abarca todo nuestro territorio nacional. La Colecta de C\u00e1ritas, que este a\u00f1o realizaremos el 9 y 10 de junio pr\u00f3ximos, es un modo de amar no s\u00f3lo con palabras, sino con obras, con gestos concretos que hacen m\u00e1s digna la vida de nuestro pueblo\u201d. concluye el obispo.<\/span><\/p>\n<p style=\"text-align: center;\"><a href=\"http:\/\/obispadodezaratecampana.org\/wp-content\/uploads\/2018\/05\/31914215_2432327586793269_1211828492899975168_o.jpg\"><img fetchpriority=\"high\" decoding=\"async\" class=\"alignnone size-medium wp-image-14767\" src=\"http:\/\/obispadodezaratecampana.org\/wp-content\/uploads\/2018\/05\/31914215_2432327586793269_1211828492899975168_o-300x209.jpg\" alt=\"31914215_2432327586793269_1211828492899975168_o\" width=\"300\" height=\"209\" srcset=\"https:\/\/obispadodezaratecampana.org\/wp-content\/uploads\/2018\/05\/31914215_2432327586793269_1211828492899975168_o-300x209.jpg 300w, https:\/\/obispadodezaratecampana.org\/wp-content\/uploads\/2018\/05\/31914215_2432327586793269_1211828492899975168_o-1024x716.jpg 1024w, https:\/\/obispadodezaratecampana.org\/wp-content\/uploads\/2018\/05\/31914215_2432327586793269_1211828492899975168_o.jpg 1575w\" sizes=\"(max-width: 300px) 100vw, 300px\" \/><\/a><\/p>\n<p>&nbsp;<\/p>\n<!-- AddThis Advanced Settings generic via filter on the_content --><!-- AddThis Share Buttons generic via filter on the_content -->","protected":false},"excerpt":{"rendered":"<p>C\u00e1ritas Argentina La solidaridad empieza por dar El lema que animar\u00e1 la Colecta Anual C\u00e1ritas durante este a\u00f1o ser\u00e1 La solidaridad empieza por dar. El [&hellip;]<!-- AddThis Advanced Settings generic via filter on get_the_excerpt --><!-- AddThis Share Buttons generic via filter on get_the_excerpt --><\/p>\n","protected":false},"author":2,"featured_media":14767,"comment_status":"open","ping_status":"open","sticky":false,"template":"","format":"standard","meta":{"footnotes":""},"categories":[5,1],"tags":[],"class_list":["post-14766","post","type-post","status-publish","format-standard","has-post-thumbnail","hentry","category-generales","category-noticiasdiocesanas"],"_links":{"self":[{"href":"https:\/\/obispadodezaratecampana.org\/index.php?rest_route=\/wp\/v2\/posts\/14766","targetHints":{"allow":["GET"]}}],"collection":[{"href":"https:\/\/obispadodezaratecampana.org\/index.php?rest_route=\/wp\/v2\/posts"}],"about":[{"href":"https:\/\/obispadodezaratecampana.org\/index.php?rest_route=\/wp\/v2\/types\/post"}],"author":[{"embeddable":true,"href":"https:\/\/obispadodezaratecampana.org\/index.php?rest_route=\/wp\/v2\/users\/2"}],"replies":[{"embeddable":true,"href":"https:\/\/obispadodezaratecampana.org\/index.php?rest_route=%2Fwp%2Fv2%2Fcomments&post=14766"}],"version-history":[{"count":1,"href":"https:\/\/obispadodezaratecampana.org\/index.php?rest_route=\/wp\/v2\/posts\/14766\/revisions"}],"predecessor-version":[{"id":14768,"href":"https:\/\/obispadodezaratecampana.org\/index.php?rest_route=\/wp\/v2\/posts\/14766\/revisions\/14768"}],"wp:featuredmedia":[{"embeddable":true,"href":"https:\/\/obispadodezaratecampana.org\/index.php?rest_route=\/wp\/v2\/media\/14767"}],"wp:attachment":[{"href":"https:\/\/obispadodezaratecampana.org\/index.php?rest_route=%2Fwp%2Fv2%2Fmedia&parent=14766"}],"wp:term":[{"taxonomy":"category","embeddable":true,"href":"https:\/\/obispadodezaratecampana.org\/index.php?rest_route=%2Fwp%2Fv2%2Fcategories&post=14766"},{"taxonomy":"post_tag","embeddable":true,"href":"https:\/\/obispadodezaratecampana.org\/index.php?rest_route=%2Fwp%2Fv2%2Ftags&post=14766"}],"curies":[{"name":"wp","href":"https:\/\/api.w.org\/{rel}","templated":true}]}}