{"id":14760,"date":"2018-05-11T10:15:21","date_gmt":"2018-05-11T13:15:21","guid":{"rendered":"http:\/\/obispadodezaratecampana.org\/?p=14760"},"modified":"2018-05-11T10:15:56","modified_gmt":"2018-05-11T13:15:56","slug":"el-episcopado-convoca-a-la-iglesia-argentina-a-la-oracion","status":"publish","type":"post","link":"https:\/\/obispadodezaratecampana.org\/?p=14760","title":{"rendered":"El Episcopado convoca a la Iglesia Argentina a la oraci\u00f3n"},"content":{"rendered":"<p style=\"text-align: center;\"><span style=\"color: #e23234;\"><span style=\"font-weight: bold;\"><span style=\"font-family: Verdana, Geneva, sans-serif; font-size: small;\">El Episcopado convoca a la Iglesia Argentina a la oraci\u00f3n<\/span><br \/>\n<\/span><\/span><\/p>\n<div>\n<div style=\"text-align: left;\">En el marco del debate sobre la posible despenalizaci\u00f3n del aborto, la Conferencia Episcopal Argentina convoca a toda la Iglesia a vivir un tiempo especial de oraci\u00f3n por la Vida y en especial por la Vida del Ni\u00f1o por Nacer. La oraci\u00f3n tiene un poder transformador que ayudar\u00e1 en el discernimiento a quienes tienen la responsabilidad de tomar una decisi\u00f3n de tal magnitud.<\/div>\n<div style=\"text-align: left;\"><span style=\"color: #333333;\"><br \/>\nLas Comisiones Episcopales de Laicos y Familia, Comunicaci\u00f3n Social, Liturgia y Pastoral de la Salud, que animan este camino de la Pastoral de la Vida dieron a conocer esta iniciativa.<\/span><\/div>\n<div style=\"text-align: justify;\"><span style=\"color: #333333;\"><span style=\"color: #333333;\"><br \/>\nEste tiempo de insistente y confiada oraci\u00f3n se extender\u00e1 entre la fiesta de las Ascensi\u00f3n del Se\u00f1or (domingo 13 de mayo), hasta la Solemnidad del Sant\u00edsimo Cuerpo y Sangre de Cristo (domingo 3 de junio). Se enviaron propuestas para animar la oraci\u00f3n en todas las parroquias y comunidades del pa\u00eds. Adem\u00e1s se distribuye una oraci\u00f3n de San Juan Pablo ll que se rezar\u00e1 en todas la celebraciones durante este tiempo.<\/span><\/span><\/div>\n<div style=\"text-align: justify;\"><\/div>\n<div style=\"text-align: justify;\"><span style=\"color: #333333;\"><a title=\"\" href=\"http:\/\/71705.track.dattanet.com\/track\/click?u=1510572&amp;p=37313730353a3137303a3135363a303a323a30&amp;s=c5152eda35f690670c2253dc07cb2d20&amp;m=25174\" target=\"_blank\" rel=\"noopener noreferrer\"><b>(En la p\u00e1gina de la Conferencia Episcopal se puede descargar completo el material)<\/b><\/a><\/span><\/div>\n<div style=\"text-align: justify;\"><span style=\"color: #333333;\"><span style=\"color: #333333;\"><br \/>\nSe convoca a \u201corar incesantemente\u201d, de manera individual o en las comunidades parroquiales, especialmente en las celebraciones lit\u00fargicas, en el seno de las familias, entre amigos o en el contexto laboral. Este llamado a la oraci\u00f3n se enmarca en la campa\u00f1a que la Iglesia Argentina ha comenzado en el Domingo de Ramos y tiene el\u00a0 hashtag #ValeTodaVida. La oraci\u00f3n inspirada y movida por el Esp\u00edritu nos permitir\u00e1 a todos confesar con el entendimiento y el coraz\u00f3n que &#8220;Vale Toda Vida&#8221;.<\/span><\/span>&nbsp;<\/p>\n<\/div>\n<div style=\"text-align: justify;\"><span style=\"color: #333333;\">En cuanto a las diversas marchas que se est\u00e1n organizando en defensa de la vida por nacer, tanto en la ciudad de Buenos Aires como en las distintas provincias, los Obispos vuelven a manifestar que acompa\u00f1an y alientan a quienes participen de ellas utilizando el derecho de expresi\u00f3n propio de la democracia y anhelan que cada manifestaci\u00f3n p\u00fablica se viva como una oportunidad para testimoniar con respeto el amor a la vida.<\/span><\/div>\n<div style=\"text-align: justify;\"><span style=\"color: #333333;\">\u00a0<\/span><\/div>\n<div style=\"text-align: justify;\"><span style=\"color: #333333;\"><i>Oficina de Prensa &#8211; CEA<\/i><\/span><\/div>\n<\/div>\n<p>&nbsp;<\/p>\n<!-- AddThis Advanced Settings generic via filter on the_content --><!-- AddThis Share Buttons generic via filter on the_content -->","protected":false},"excerpt":{"rendered":"<p>El Episcopado convoca a la Iglesia Argentina a la oraci\u00f3n En el marco del debate sobre la posible despenalizaci\u00f3n del aborto, la Conferencia Episcopal Argentina [&hellip;]<!-- AddThis Advanced Settings generic via filter on get_the_excerpt --><!-- AddThis Share Buttons generic via filter on get_the_excerpt --><\/p>\n","protected":false},"author":2,"featured_media":14761,"comment_status":"open","ping_status":"open","sticky":false,"template":"","format":"standard","meta":{"footnotes":""},"categories":[5,1],"tags":[],"class_list":["post-14760","post","type-post","status-publish","format-standard","has-post-thumbnail","hentry","category-generales","category-noticiasdiocesanas"],"_links":{"self":[{"href":"https:\/\/obispadodezaratecampana.org\/index.php?rest_route=\/wp\/v2\/posts\/14760","targetHints":{"allow":["GET"]}}],"collection":[{"href":"https:\/\/obispadodezaratecampana.org\/index.php?rest_route=\/wp\/v2\/posts"}],"about":[{"href":"https:\/\/obispadodezaratecampana.org\/index.php?rest_route=\/wp\/v2\/types\/post"}],"author":[{"embeddable":true,"href":"https:\/\/obispadodezaratecampana.org\/index.php?rest_route=\/wp\/v2\/users\/2"}],"replies":[{"embeddable":true,"href":"https:\/\/obispadodezaratecampana.org\/index.php?rest_route=%2Fwp%2Fv2%2Fcomments&post=14760"}],"version-history":[{"count":2,"href":"https:\/\/obispadodezaratecampana.org\/index.php?rest_route=\/wp\/v2\/posts\/14760\/revisions"}],"predecessor-version":[{"id":14763,"href":"https:\/\/obispadodezaratecampana.org\/index.php?rest_route=\/wp\/v2\/posts\/14760\/revisions\/14763"}],"wp:featuredmedia":[{"embeddable":true,"href":"https:\/\/obispadodezaratecampana.org\/index.php?rest_route=\/wp\/v2\/media\/14761"}],"wp:attachment":[{"href":"https:\/\/obispadodezaratecampana.org\/index.php?rest_route=%2Fwp%2Fv2%2Fmedia&parent=14760"}],"wp:term":[{"taxonomy":"category","embeddable":true,"href":"https:\/\/obispadodezaratecampana.org\/index.php?rest_route=%2Fwp%2Fv2%2Fcategories&post=14760"},{"taxonomy":"post_tag","embeddable":true,"href":"https:\/\/obispadodezaratecampana.org\/index.php?rest_route=%2Fwp%2Fv2%2Ftags&post=14760"}],"curies":[{"name":"wp","href":"https:\/\/api.w.org\/{rel}","templated":true}]}}