{"id":14716,"date":"2018-04-26T09:29:29","date_gmt":"2018-04-26T12:29:29","guid":{"rendered":"http:\/\/obispadodezaratecampana.org\/?p=14716"},"modified":"2018-04-26T09:34:20","modified_gmt":"2018-04-26T12:34:20","slug":"oraciones-del-cristiano-material-muy-util-para-evangelizacion","status":"publish","type":"post","link":"https:\/\/obispadodezaratecampana.org\/?p=14716","title":{"rendered":"Oraciones del Cristiano: Material muy \u00fatil para Evangelizaci\u00f3n"},"content":{"rendered":"<div style=\"color: #1d2129;\" data-block=\"true\" data-editor=\"b89gj\" data-offset-key=\"44afa-0-0\">\n<h5 class=\"_1mf _1mj\" style=\"text-align: justify;\" data-offset-key=\"44afa-0-0\"><span style=\"color: #0000ff;\" data-offset-key=\"44afa-0-0\"><span data-text=\"true\">Estas fotos corresponden a\u00a0 tapa\/contratapa e \u00edndice de un librito que contiene las Oraciones del Cristiano (son 64 p\u00e1ginas en total)<\/span><\/span><\/h5>\n<p><img decoding=\"async\" class=\"aligncenter\" src=\"http:\/\/obispadodezaratecampana.org\/wp-content\/uploads\/2018\/04\/TAPAS-300x210.jpg\" alt=\"TAPAS\" \/><\/p>\n<p style=\"text-align: center;\"><img decoding=\"async\" src=\"http:\/\/obispadodezaratecampana.org\/wp-content\/uploads\/2018\/04\/INDICE1-300x216.jpg\" alt=\"INDICE\" \/><\/p>\n<p>&nbsp;<\/p>\n<\/div>\n<div class=\"_1mf _1mj\" data-offset-key=\"fn279-0-0\"><span style=\"color: #0000ff;\">Por su contenido es \u00fatil como herramienta de evangelizaci\u00f3n, para la catequesis, misiones, grupos de oraci\u00f3n, movimientos, colegios, retiros, etc.<\/span><\/div>\n<div class=\"_1mf _1mj\" data-offset-key=\"bavd3-0-0\"><span style=\"color: #0000ff;\" data-offset-key=\"bavd3-0-0\"><span data-text=\"true\">Costo: $5 .- cada ejemplar.<\/span><\/span><\/div>\n<div class=\"_1mf _1mj\" data-offset-key=\"7vnqu-0-0\"><span style=\"color: #0000ff;\" data-offset-key=\"7vnqu-0-0\"><span data-text=\"true\">Cantidad m\u00ednima de compra: 10 unidades<\/span><\/span><\/div>\n<div class=\"_1mf _1mj\" data-offset-key=\"4jga1-0-0\"><span style=\"color: #0000ff;\" data-offset-key=\"4jga1-0-0\"><span data-text=\"true\">Para consultas\/adquisiciones comunicarse con Nestor Mel\u00f3n o Alejandro Paulina.<\/span><\/span><\/div>\n<div class=\"_1mf _1mj\" data-offset-key=\"ba1dd-0-0\"><span style=\"color: #0000ff;\" data-offset-key=\"ba1dd-0-0\"><span data-text=\"true\">Telef\u00f3nicamente 03489 422817 lunes a viernes 9 a 12 hs o por mail: <\/span><\/span><\/div>\n<div class=\"_1mf _1mj\" data-offset-key=\"af537-0-0\"><span style=\"color: #0000ff;\" data-offset-key=\"af537-0-0\"><span data-text=\"true\">adm.obispadozaratecampana@gmail.com <\/span><\/span><\/div>\n<div class=\"_1mf _1mj\" style=\"text-align: justify;\" data-offset-key=\"6v645-0-0\"><span style=\"color: #0000ff;\" data-offset-key=\"6v645-0-0\"><span data-text=\"true\">alejandropaulina33@gmail.com<\/span><\/span><\/div>\n<div class=\"_1mf _1mj\" style=\"text-align: center;\" data-offset-key=\"6v645-0-0\"><\/div>\n<div class=\"_1mf _1mj\" style=\"text-align: center;\" data-offset-key=\"6v645-0-0\"><\/div>\n<div class=\"_1mf _1mj\" style=\"text-align: center;\" data-offset-key=\"6v645-0-0\"><\/div>\n<h5 style=\"color: #1d2129;\" data-block=\"true\" data-editor=\"b89gj\" data-offset-key=\"4k5pj-0-0\"><\/h5>\n<!-- AddThis Advanced Settings generic via filter on the_content --><!-- AddThis Share Buttons generic via filter on the_content -->","protected":false},"excerpt":{"rendered":"<p>Estas fotos corresponden a\u00a0 tapa\/contratapa e \u00edndice de un librito que contiene las Oraciones del Cristiano (son 64 p\u00e1ginas en total) &nbsp; Por su contenido [&hellip;]<!-- AddThis Advanced Settings generic via filter on get_the_excerpt --><!-- AddThis Share Buttons generic via filter on get_the_excerpt --><\/p>\n","protected":false},"author":2,"featured_media":14717,"comment_status":"open","ping_status":"open","sticky":false,"template":"","format":"standard","meta":{"footnotes":""},"categories":[5,1],"tags":[],"class_list":["post-14716","post","type-post","status-publish","format-standard","has-post-thumbnail","hentry","category-generales","category-noticiasdiocesanas"],"_links":{"self":[{"href":"https:\/\/obispadodezaratecampana.org\/index.php?rest_route=\/wp\/v2\/posts\/14716","targetHints":{"allow":["GET"]}}],"collection":[{"href":"https:\/\/obispadodezaratecampana.org\/index.php?rest_route=\/wp\/v2\/posts"}],"about":[{"href":"https:\/\/obispadodezaratecampana.org\/index.php?rest_route=\/wp\/v2\/types\/post"}],"author":[{"embeddable":true,"href":"https:\/\/obispadodezaratecampana.org\/index.php?rest_route=\/wp\/v2\/users\/2"}],"replies":[{"embeddable":true,"href":"https:\/\/obispadodezaratecampana.org\/index.php?rest_route=%2Fwp%2Fv2%2Fcomments&post=14716"}],"version-history":[{"count":3,"href":"https:\/\/obispadodezaratecampana.org\/index.php?rest_route=\/wp\/v2\/posts\/14716\/revisions"}],"predecessor-version":[{"id":14722,"href":"https:\/\/obispadodezaratecampana.org\/index.php?rest_route=\/wp\/v2\/posts\/14716\/revisions\/14722"}],"wp:featuredmedia":[{"embeddable":true,"href":"https:\/\/obispadodezaratecampana.org\/index.php?rest_route=\/wp\/v2\/media\/14717"}],"wp:attachment":[{"href":"https:\/\/obispadodezaratecampana.org\/index.php?rest_route=%2Fwp%2Fv2%2Fmedia&parent=14716"}],"wp:term":[{"taxonomy":"category","embeddable":true,"href":"https:\/\/obispadodezaratecampana.org\/index.php?rest_route=%2Fwp%2Fv2%2Fcategories&post=14716"},{"taxonomy":"post_tag","embeddable":true,"href":"https:\/\/obispadodezaratecampana.org\/index.php?rest_route=%2Fwp%2Fv2%2Ftags&post=14716"}],"curies":[{"name":"wp","href":"https:\/\/api.w.org\/{rel}","templated":true}]}}