{"id":14710,"date":"2018-04-24T15:34:26","date_gmt":"2018-04-24T18:34:26","guid":{"rendered":"http:\/\/obispadodezaratecampana.org\/?p=14710"},"modified":"2018-04-24T15:34:26","modified_gmt":"2018-04-24T18:34:26","slug":"1-de-mayo-2018-acto-ecumenico-por-el-dia-del-trabajo","status":"publish","type":"post","link":"https:\/\/obispadodezaratecampana.org\/?p=14710","title":{"rendered":"1 de mayo 2018: Acto Ecum\u00e9nico por el d\u00eda del trabajo"},"content":{"rendered":"<p style=\"text-align: center;\"><strong><span style=\"color: #993300;\">D\u00cdA INTERNACIONAL DEL TRABAJO\u00a0<\/span><\/strong><\/p>\n<p style=\"text-align: center;\"><strong><span style=\"color: #993300;\">&#8211; ACTO ECUM\u00c9NICO &#8211;<\/span><\/strong><\/p>\n<p style=\"text-align: justify;\"><br style=\"color: #1d2129;\" \/><span style=\"color: #993300;\">Con motivo de la conmemoraci\u00f3n, el pr\u00f3ximo 1\u00b0 de mayo del D\u00cdA INTERNACIONAL DEL TRABAJO, invitamos a toda la comunidad de Campana a participar del acto de oraci\u00f3n ecum\u00e9nica que tendr\u00e1 lugar en la explanada de la Catedral Santa Florentina el mismo 1\u00b0 de mayo de 2018 a las 18 horas.<\/span><\/p>\n<p style=\"text-align: justify;\"><span style=\"color: #993300;\">El motivo que nos convoca es el trabajo que ennoblece al hombre y lo hace compartir con el Creador el destino de la Creaci\u00f3n. Este trabajo se ve\u00a0<span class=\"text_exposed_show\">conculcado a\u00fan hoy en el mundo y en nuestro \u00e1mbito reduci\u00e9ndolo a una simple mercanc\u00eda, cuando no a flagrantes violaciones a la justicia y la dignidad humana.<\/span><\/span><\/p>\n<p style=\"text-align: justify;\"><span class=\"text_exposed_show\" style=\"color: #993300;\">Participar\u00e1n representantes de la Mesa Pastoral de Campana y su presidente Pastor Chevriaux, como de otras denominaciones cristianas y la Sociedad Israelita de Campana.<\/span><\/p>\n<p style=\"text-align: justify;\"><span class=\"text_exposed_show\" style=\"color: #993300;\">Oremos por trabajo digno y debidamente remunerado para todos.<br \/>\n&#8212;&#8212;&#8212;&#8212;&#8212;&#8212;&#8212;&#8212;&#8212;&#8212;&#8212;&#8212;&#8212;&#8212;&#8212;&#8212;&#8212;&#8212;&#8212;&#8212;&#8212;&#8212;&#8212;&#8212;&#8212;&#8212;&#8212;&#8212;&#8211;<br \/>\n<em>Las im\u00e1genes corresponden al Acto Ecum\u00e9nico del 1\u00b0 de mayo de 2016<\/em><\/span><\/p>\n<p style=\"text-align: center;\"><em><a href=\"http:\/\/obispadodezaratecampana.org\/wp-content\/uploads\/2018\/04\/31154054_1301106326700511_48136288351551488_o.jpg\"><img fetchpriority=\"high\" decoding=\"async\" class=\"alignnone size-medium wp-image-14712\" src=\"http:\/\/obispadodezaratecampana.org\/wp-content\/uploads\/2018\/04\/31154054_1301106326700511_48136288351551488_o-300x168.jpg\" alt=\"31154054_1301106326700511_48136288351551488_o\" width=\"300\" height=\"168\" srcset=\"https:\/\/obispadodezaratecampana.org\/wp-content\/uploads\/2018\/04\/31154054_1301106326700511_48136288351551488_o-300x168.jpg 300w, https:\/\/obispadodezaratecampana.org\/wp-content\/uploads\/2018\/04\/31154054_1301106326700511_48136288351551488_o-1024x576.jpg 1024w, https:\/\/obispadodezaratecampana.org\/wp-content\/uploads\/2018\/04\/31154054_1301106326700511_48136288351551488_o.jpg 1919w\" sizes=\"(max-width: 300px) 100vw, 300px\" \/><\/a> <a href=\"http:\/\/obispadodezaratecampana.org\/wp-content\/uploads\/2018\/04\/31073042_1301106276700516_6061120881055236096_o.jpg\"><img decoding=\"async\" class=\"alignnone size-medium wp-image-14713\" src=\"http:\/\/obispadodezaratecampana.org\/wp-content\/uploads\/2018\/04\/31073042_1301106276700516_6061120881055236096_o-300x223.jpg\" alt=\"31073042_1301106276700516_6061120881055236096_o\" width=\"300\" height=\"223\" srcset=\"https:\/\/obispadodezaratecampana.org\/wp-content\/uploads\/2018\/04\/31073042_1301106276700516_6061120881055236096_o-300x223.jpg 300w, https:\/\/obispadodezaratecampana.org\/wp-content\/uploads\/2018\/04\/31073042_1301106276700516_6061120881055236096_o-1024x763.jpg 1024w, https:\/\/obispadodezaratecampana.org\/wp-content\/uploads\/2018\/04\/31073042_1301106276700516_6061120881055236096_o.jpg 1249w\" sizes=\"(max-width: 300px) 100vw, 300px\" \/><\/a> <a href=\"http:\/\/obispadodezaratecampana.org\/wp-content\/uploads\/2018\/04\/31069027_1301106290033848_7023840858470350848_o1.jpg\"><img decoding=\"async\" class=\"alignnone size-medium wp-image-14714\" src=\"http:\/\/obispadodezaratecampana.org\/wp-content\/uploads\/2018\/04\/31069027_1301106290033848_7023840858470350848_o1-300x168.jpg\" alt=\"31069027_1301106290033848_7023840858470350848_o\" width=\"300\" height=\"168\" srcset=\"https:\/\/obispadodezaratecampana.org\/wp-content\/uploads\/2018\/04\/31069027_1301106290033848_7023840858470350848_o1-300x168.jpg 300w, https:\/\/obispadodezaratecampana.org\/wp-content\/uploads\/2018\/04\/31069027_1301106290033848_7023840858470350848_o1-1024x576.jpg 1024w, https:\/\/obispadodezaratecampana.org\/wp-content\/uploads\/2018\/04\/31069027_1301106290033848_7023840858470350848_o1.jpg 1919w\" sizes=\"(max-width: 300px) 100vw, 300px\" \/><\/a><\/em><\/p>\n<p style=\"text-align: center;\">\n<!-- AddThis Advanced Settings generic via filter on the_content --><!-- AddThis Share Buttons generic via filter on the_content -->","protected":false},"excerpt":{"rendered":"<p>D\u00cdA INTERNACIONAL DEL TRABAJO\u00a0 &#8211; ACTO ECUM\u00c9NICO &#8211; Con motivo de la conmemoraci\u00f3n, el pr\u00f3ximo 1\u00b0 de mayo del D\u00cdA INTERNACIONAL DEL TRABAJO, invitamos a [&hellip;]<!-- AddThis Advanced Settings generic via filter on get_the_excerpt --><!-- AddThis Share Buttons generic via filter on get_the_excerpt --><\/p>\n","protected":false},"author":2,"featured_media":14711,"comment_status":"open","ping_status":"open","sticky":false,"template":"","format":"standard","meta":{"footnotes":""},"categories":[3],"tags":[],"class_list":["post-14710","post","type-post","status-publish","format-standard","has-post-thumbnail","hentry","category-noticiasparroquiales"],"_links":{"self":[{"href":"https:\/\/obispadodezaratecampana.org\/index.php?rest_route=\/wp\/v2\/posts\/14710","targetHints":{"allow":["GET"]}}],"collection":[{"href":"https:\/\/obispadodezaratecampana.org\/index.php?rest_route=\/wp\/v2\/posts"}],"about":[{"href":"https:\/\/obispadodezaratecampana.org\/index.php?rest_route=\/wp\/v2\/types\/post"}],"author":[{"embeddable":true,"href":"https:\/\/obispadodezaratecampana.org\/index.php?rest_route=\/wp\/v2\/users\/2"}],"replies":[{"embeddable":true,"href":"https:\/\/obispadodezaratecampana.org\/index.php?rest_route=%2Fwp%2Fv2%2Fcomments&post=14710"}],"version-history":[{"count":1,"href":"https:\/\/obispadodezaratecampana.org\/index.php?rest_route=\/wp\/v2\/posts\/14710\/revisions"}],"predecessor-version":[{"id":14715,"href":"https:\/\/obispadodezaratecampana.org\/index.php?rest_route=\/wp\/v2\/posts\/14710\/revisions\/14715"}],"wp:featuredmedia":[{"embeddable":true,"href":"https:\/\/obispadodezaratecampana.org\/index.php?rest_route=\/wp\/v2\/media\/14711"}],"wp:attachment":[{"href":"https:\/\/obispadodezaratecampana.org\/index.php?rest_route=%2Fwp%2Fv2%2Fmedia&parent=14710"}],"wp:term":[{"taxonomy":"category","embeddable":true,"href":"https:\/\/obispadodezaratecampana.org\/index.php?rest_route=%2Fwp%2Fv2%2Fcategories&post=14710"},{"taxonomy":"post_tag","embeddable":true,"href":"https:\/\/obispadodezaratecampana.org\/index.php?rest_route=%2Fwp%2Fv2%2Ftags&post=14710"}],"curies":[{"name":"wp","href":"https:\/\/api.w.org\/{rel}","templated":true}]}}