{"id":14697,"date":"2018-04-24T12:55:09","date_gmt":"2018-04-24T15:55:09","guid":{"rendered":"http:\/\/obispadodezaratecampana.org\/?p=14697"},"modified":"2018-04-24T12:55:09","modified_gmt":"2018-04-24T15:55:09","slug":"presentacion-de-la-carta-pastoral-del-celam","status":"publish","type":"post","link":"https:\/\/obispadodezaratecampana.org\/?p=14697","title":{"rendered":"Presentaci\u00f3n de la Carta Pastoral del CELAM"},"content":{"rendered":"<p><img fetchpriority=\"high\" decoding=\"async\" class=\"alignnone  wp-image-14699 aligncenter\" src=\"http:\/\/obispadodezaratecampana.org\/wp-content\/uploads\/2018\/04\/DEPLAI-CHARLA1-300x260.jpg\" alt=\"DEPLAI CHARLA\" width=\"332\" height=\"289\" srcset=\"https:\/\/obispadodezaratecampana.org\/wp-content\/uploads\/2018\/04\/DEPLAI-CHARLA1-300x260.jpg 300w, https:\/\/obispadodezaratecampana.org\/wp-content\/uploads\/2018\/04\/DEPLAI-CHARLA1.jpg 590w\" sizes=\"(max-width: 332px) 100vw, 332px\" \/><\/p>\n<p style=\"text-align: justify;\">Tenemos el agrado de invitar a Ud. a la presentaci\u00f3n de <strong>la Carta Pastoral del CELAM (Consejo Episcopal Latinoamericano) &#8220;Disc\u00edpulos misioneros custodios de la casa com\u00fan&#8221;, <\/strong>el d\u00eda jueves 26 de abril a las 15 hs en el predio de los Santos Latinoamericanos ubicado en Camino Negro y Quesada (Puente La Noria, contiguo a la UPA), Partido de Lomas de Zamora.<\/p>\n<p style=\"text-align: center;\"><strong>Mons. Jorge Lugones S. J<\/strong><\/p>\n<p style=\"text-align: center;\">Presidente<\/p>\n<p style=\"text-align: center;\">Comisi\u00f3n Episcopal de Pastoral Social<\/p>\n<p style=\"text-align: justify;\">\n<!-- AddThis Advanced Settings generic via filter on the_content --><!-- AddThis Share Buttons generic via filter on the_content -->","protected":false},"excerpt":{"rendered":"<p>Tenemos el agrado de invitar a Ud. a la presentaci\u00f3n de la Carta Pastoral del CELAM (Consejo Episcopal Latinoamericano) &#8220;Disc\u00edpulos misioneros custodios de la casa [&hellip;]<!-- AddThis Advanced Settings generic via filter on get_the_excerpt --><!-- AddThis Share Buttons generic via filter on get_the_excerpt --><\/p>\n","protected":false},"author":2,"featured_media":14698,"comment_status":"open","ping_status":"open","sticky":false,"template":"","format":"standard","meta":{"footnotes":""},"categories":[5,1],"tags":[],"class_list":["post-14697","post","type-post","status-publish","format-standard","has-post-thumbnail","hentry","category-generales","category-noticiasdiocesanas"],"_links":{"self":[{"href":"https:\/\/obispadodezaratecampana.org\/index.php?rest_route=\/wp\/v2\/posts\/14697","targetHints":{"allow":["GET"]}}],"collection":[{"href":"https:\/\/obispadodezaratecampana.org\/index.php?rest_route=\/wp\/v2\/posts"}],"about":[{"href":"https:\/\/obispadodezaratecampana.org\/index.php?rest_route=\/wp\/v2\/types\/post"}],"author":[{"embeddable":true,"href":"https:\/\/obispadodezaratecampana.org\/index.php?rest_route=\/wp\/v2\/users\/2"}],"replies":[{"embeddable":true,"href":"https:\/\/obispadodezaratecampana.org\/index.php?rest_route=%2Fwp%2Fv2%2Fcomments&post=14697"}],"version-history":[{"count":1,"href":"https:\/\/obispadodezaratecampana.org\/index.php?rest_route=\/wp\/v2\/posts\/14697\/revisions"}],"predecessor-version":[{"id":14700,"href":"https:\/\/obispadodezaratecampana.org\/index.php?rest_route=\/wp\/v2\/posts\/14697\/revisions\/14700"}],"wp:featuredmedia":[{"embeddable":true,"href":"https:\/\/obispadodezaratecampana.org\/index.php?rest_route=\/wp\/v2\/media\/14698"}],"wp:attachment":[{"href":"https:\/\/obispadodezaratecampana.org\/index.php?rest_route=%2Fwp%2Fv2%2Fmedia&parent=14697"}],"wp:term":[{"taxonomy":"category","embeddable":true,"href":"https:\/\/obispadodezaratecampana.org\/index.php?rest_route=%2Fwp%2Fv2%2Fcategories&post=14697"},{"taxonomy":"post_tag","embeddable":true,"href":"https:\/\/obispadodezaratecampana.org\/index.php?rest_route=%2Fwp%2Fv2%2Ftags&post=14697"}],"curies":[{"name":"wp","href":"https:\/\/api.w.org\/{rel}","templated":true}]}}